{"id":18972,"date":"2013-09-24T08:14:18","date_gmt":"2013-09-24T11:14:18","guid":{"rendered":"http:\/\/www.pedromigao.com.br\/ourodetolo\/?p=18972"},"modified":"2013-09-26T10:08:27","modified_gmt":"2013-09-26T13:08:27","slug":"sobretudo-flamengo-2013-time-grande-funciona-com-pressao","status":"publish","type":"post","link":"http:\/\/www.pedromigao.com.br\/ourodetolo\/2013\/09\/sobretudo-flamengo-2013-time-grande-funciona-com-pressao\/","title":{"rendered":"Sobretudo: &#8220;Flamengo, 2013 \u2013 Time grande funciona com press\u00e3o&#8221;"},"content":{"rendered":"<p style=\"text-align: justify;\">Nesta ter\u00e7a feira a <strong>coluna do publicit\u00e1rio Affonso Romero<\/strong> retoma o tema do artigo de ontem: o Flamengo e sua atual crise.<\/p>\n<p style=\"text-align: justify;\"><span style=\"text-decoration: underline;\"><em><strong>Flamengo, 2013 \u2013 Time grande funciona com press\u00e3o<\/strong><\/em><\/span><\/p>\n<p style=\"text-align: justify;\"><a href=\"http:\/\/www.pedromigao.com.br\/ourodetolo\/2013\/09\/bissexta-flamengo-2013-unidade-na-luta\/\" target=\"_blank\"><span style=\"color: #ff6600;\">Divido com o advogado e companheiro de blog Walter Monteiro a preocupa\u00e7\u00e3o com os rumos do Flamengo no Campeonato Brasileiro deste ano<\/span><\/a>. Concordo parcialmente em rela\u00e7\u00e3o a pontos espec\u00edficos, mas n\u00e3o estamos alinhados quanto ao principal: enquanto meu colega conclama \u00e0 uni\u00e3o, na suposi\u00e7\u00e3o que uma acalmada no clima interno da G\u00e1vea conduzir\u00e1 aos resultados necess\u00e1rios, eu lembro que grandes clubes s\u00f3 chegam a grandes conquistas em virtude da press\u00e3o que sua massa de torcedores \u00e9 capaz de fazer sobre jogadores e dirigentes respons\u00e1veis pela condu\u00e7\u00e3o dos destinos do time.<\/p>\n<p style=\"text-align: justify;\">O que o Flamengo precisa, neste momento, \u00e9 de cobran\u00e7a e de a\u00e7\u00f5es duras. \u00c9 preciso que jogadores e dirigentes saibam que h\u00e1, permanentemente, uma grande expectativa e uma grande press\u00e3o sobre quem defende as cores do Flamengo. Quem \u00e9 capaz de suportar, que fique no barco e enfrente a tempestade com a coragem e a grandeza que se espera do Flamengo. Quem n\u00e3o for forte para esta miss\u00e3o, que pe\u00e7a o bon\u00e9 e saia logo (ou seja afastado), para n\u00e3o atrapalhar a recupera\u00e7\u00e3o.<\/p>\n<p style=\"text-align: justify;\">Concordo que a sa\u00edda de Mano Menezes denuncia que (a) ou h\u00e1 algum podre que desconhecemos e o ex-t\u00e9cnico quis manter em segredo, (b) ou Mano perdeu o comando sobre o elenco. As hip\u00f3teses se completam, de forma que resta pouco a ser dito que n\u00e3o esteja no \u00e2mbito dessas. Mas tamb\u00e9m n\u00e3o se excluem: ambas podem ter acontecido somadas. De toda forma, a sa\u00edda de Mano aponta para a fr\u00e1gil gest\u00e3o do futebol rubro-negro; ou seja, para os nomes de Paulo Penaipe e Wallim Vasconcellos.<\/p>\n<p style=\"text-align: justify;\">O pr\u00f3prio Walter Monteiro, mais para o final de sua coluna, levanta a possibilidade de os t\u00e9cnicos estarem sendo pressionados, direta ou indiretamente, para escalarem os jogadores trazidos ao clube este ano. Por mais sutil que venha a ser esta press\u00e3o, fica evidente que a aposta nas contrata\u00e7\u00f5es para esta temporada foi errada. Se fica dif\u00edcil para um treinador experiente como Mano colocar no banco as contrata\u00e7\u00f5es avalizadas pela atual diretoria, imagine-se para um iniciante como Jayme.<\/p>\n<p style=\"text-align: justify;\">Estamos no terreno das ila\u00e7\u00f5es, mas parece evidente que este foi o principal motivo para a demiss\u00e3o de Mano: o t\u00e9cnico n\u00e3o se via respaldado em rela\u00e7\u00e3o \u00e0queles que deveriam ser os principais nomes do time, os jogadores experientes que foram trazidos com a miss\u00e3o de dar uma cara \u00e0 equipe, sob os quais deve pesar a responsabilidade. Apenas Elias tem correspondido (apesar do incr\u00edvel gol perdido frente ao N\u00e1utico). Mano deixou nas entrelinhas que n\u00e3o se via confort\u00e1vel com o comportamento de jogadores trazidos a peso de ouro, como Marcelo Moreno, Carlos Eduardo e Andr\u00e9 Santos. E as cr\u00edticas se estendem ao comportamento extra-campo. Ou seja, falta comando da diretoria, o rabo continua abanando o cachorro, os jogadores fazem o que querem e n\u00e3o s\u00e3o cobrados, continuam a contratar atletas que se sentem de f\u00e9rias remuneradas, bon-vivants car\u00edssimos a soldo da massa rubro-negra.<\/p>\n<p style=\"text-align: justify;\">Num ambiente assim, o que acontece se as press\u00f5es foram distendidas, se for colocada \u00e1gua fria na fervura do caldeir\u00e3o, como sugere o Walter? A\u00ed \u00e9 que se estabelece a apatia, o falso clima de paz (de cemit\u00e9rios), o \u201cwishful thinking\u201d vazio, a postura blaz\u00e9 (blue-z\u00e9?) que se apossou do clube, que come\u00e7a de cima e se reflete dentro de campo. \u00c9 isso que queremos? Isso tem cara de Flamengo?<\/p>\n<p style=\"text-align: justify;\">N\u00e3o, o Flamengo \u00e9 massa, \u00e9 press\u00e3o, \u00e9 sangue-e-areia, \u00e9 batalha, \u00e9 convuls\u00e3o. S\u00f3 funciona no calor, no cora\u00e7\u00e3o em disparada, no suor, na paix\u00e3o. E \u00e9 exatamente o que falta no Flamengo de hoje, porque o clube \u00e9 dirigido por gente com um discurso racionalizado, distante das ra\u00edzes rubro-negras. Ou essa gente aprende o que \u00e9 Flamengo, ou jamais conseguir\u00e3o mostrar aos jogadores o que a torcida espera deles.<\/p>\n<p style=\"text-align: justify;\">Concordo que o Presidente Bandeira de Mello \u00e9 ainda bem visto, parece ser boa pessoa, tem bom tr\u00e2nsito no clube. Em meio ao tiroteio eleitoral, soube ter um comportamento coerente com o cargo que pleiteava. N\u00e3o \u00e9 f\u00e1cil encontrar quem n\u00e3o o queira bem, quem n\u00e3o tor\u00e7a por seu sucesso, quem tenha o que falar mal dele. Concordo tamb\u00e9m que isso tem que ser aproveitado num momento em que a crise amea\u00e7a se avolumar. Centrar na figura presidencial, no poder que emana (ou deveria emanar) do dirigente m\u00e1ximo \u00e9 um bom caminho para retomar a r\u00e9dea perdida da administra\u00e7\u00e3o.<\/p>\n<p style=\"text-align: justify;\">Mas refor\u00e7o que a contrapartida disso \u00e9 que, tamb\u00e9m a responsabilidade, recai sobre o Presidente. \u00c9 dele que tem que vir a convoca\u00e7\u00e3o para a uni\u00e3o em torno de resultados, \u00e9 dele que tem que vir a mudan\u00e7a de postura ap\u00e1tica. \u00c9 dele que deve vir a a\u00e7\u00e3o, uma a\u00e7\u00e3o que seja dura, imediata, sinalizadora de novos tempos.<\/p>\n<p style=\"text-align: justify;\">N\u00e3o concordo que se deva \u201cdistensionar a pol\u00edtica\u201d, como sugere o Walter. O que se deve fazer, urgentemente, \u00e9 despolitizar a tens\u00e3o.<\/p>\n<p style=\"text-align: justify;\">Pode parecer a mesma coisa, mas n\u00e3o \u00e9. Pode soar como jogo de palavras, mas nada \u00e9 mais distinto. O que o Presidente Bandeira precisa fazer \u00e9 tomar para si a responsabilidade de fazer a gest\u00e3o de um Flamengo para todos os rubro-negros, e n\u00e3o apenas para a turminha que o cerca. Deveria aproveitar as li\u00e7\u00f5es deixadas pela tr\u00e1gica gest\u00e3o de Patr\u00edcia Amorim que, em meio \u00e0 crise pol\u00edtico-financeira-administrativa, se fechou em seu grupo privado de assessores e apoiadores, grupo este que foi minguando at\u00e9 isola-la completamente. Ela foi a prova de que cabe ao detentor do poder trazer os rivais \u00e0 colabora\u00e7\u00e3o; n\u00e3o se pode esperar que uma poss\u00edvel oposi\u00e7\u00e3o, fragilizada e agredida pela arrog\u00e2ncia dos vencedores da campanha eleitoral, venha agora de peito aberto oferecer apoio a quem n\u00e3o pediu ajuda.<\/p>\n<p style=\"text-align: justify;\">Cabe, portanto, ao Presidente pedir ajuda, abrir a gest\u00e3o do clube a todas as correntes, encerrar a campanha eleitoral, descer do palanque e reunir as for\u00e7as pol\u00edticas do clube em torno de si. Ou seja, zerar os grupos pol\u00edticos e despolitizar a vida do Flamengo. S\u00f3 ele, que tem ainda bom relacionamento com todos, pode realizar a proeza. Mas, para tal, \u00e9 preciso afastar de si os sect\u00e1rios, os arrogantes, os que se fecham em torno de suas certezas absolutas, \u201ccertezas\u201d estas que se mostram mais fr\u00e1geis a cada dia, a cada crise, a cada mau resultado. \u00c9 preciso humildade, \u00e9 preciso reconhecer que alguns aventureiros tinham \u201csolu\u00e7\u00f5es\u201d no bolso do palet\u00f3 para todos os males rubro-negros, mas que esta receita estava equivocada, que refletia uma teoria que n\u00e3o se aplicou verdadeira na pr\u00e1tica.<\/p>\n<p style=\"text-align: justify;\">Bandeira de Mello ser\u00e1 grande se reconhecer a tempo que n\u00e3o se pode levar o Flamengo adiante sem a experi\u00eancia de quem conhece o clube na pr\u00e1tica. Trocar os ne\u00f3fitos que o cercam por gente vinda das diversas correntes pol\u00edticas ajudaria muito a despolitizar a gest\u00e3o, unindo de volta a institui\u00e7\u00e3o em torno de objetivos comuns.<\/p>\n<p style=\"text-align: justify;\">\u00c9 preciso, sim, mobilizar a torcida. Para tal, \u00e9 preciso reconhecer que o Flamengo n\u00e3o pode apostar suas fichas em torcedores de sof\u00e1. \u00c9 preciso desagradar companheiros de campanha que, uma vez que se tornaram dirigentes, desenharam uma pol\u00edtica de elitiza\u00e7\u00e3o das arquibancadas. \u00c9 preciso desagradar interesses de redes de tev\u00ea, de televis\u00f5es a cabo, interesses estes que est\u00e3o sentados a seu lado na diretoria. \u00c9 preciso reconhecer que o Flamengo abriu m\u00e3o de uma solu\u00e7\u00e3o pr\u00f3pria de est\u00e1dio, que colocou-se nas m\u00e3os dos concession\u00e1rios do Maracan\u00e3. \u00c9 preciso reconhecer que tudo que foi feito at\u00e9 agora por sua diretoria no tocante \u00e0 pol\u00edtica de relacionamento com o torcedor est\u00e1 errado, \u00e9 puramente acad\u00eamico, desconhece a natureza da torcida flamenga.<\/p>\n<p style=\"text-align: justify;\">Novamente, h\u00e1 de se ter grandeza e humildade de reconhecer os erros de sua gest\u00e3o, de afastar aqueles que simbolizaram dentro da diretoria a tomada destas decis\u00f5es equivocadas. E, reconhecendo a import\u00e2ncia da massa de torcedores, convoca-las ao est\u00e1dio atrav\u00e9s de uma mudan\u00e7a radical na pol\u00edtica de pre\u00e7os. O ideal seria abrir as portas, fazer as pazes com o pov\u00e3o. E, se n\u00e3o \u00e9 poss\u00edvel jogar com port\u00f5es abertos, que o pre\u00e7o seja realmente atrativo, que simbolize esta convoca\u00e7\u00e3o do d\u00e9cimo-segundo jogador [1].<\/p>\n<p style=\"text-align: justify;\">Finalmente, concordo com o Walter que \u00e9 necess\u00e1rio demitir o dirigente remunerado Paulo Penaipe, cujos erros perp\u00e9tuos levaram o time a esta instabilidade, falta de credibilidade e comando. Mas n\u00e3o \u00e9 o suficiente: \u00e9 preciso mandar embora tamb\u00e9m Wallim Vasconcellos. Agora, j\u00e1, ontem se poss\u00edvel. Por v\u00e1rias vezes, Bandeira declarou que conhece seu vice-presidente de futebol h\u00e1 d\u00e9cadas, que \u00e9 seu amigo pessoal. Pois o afastamento de Wallim seria o melhor s\u00edmbolo de que, na atual gest\u00e3o, o Flamengo deixa de ser uma a\u00e7\u00e3o entre amigos e passa a ser s\u00e9rio, profissional, impessoal. \u00c9, tamb\u00e9m, uma forma de afastar qualquer d\u00favida sobre o poder da figura presidencial, definir publicamente quem manda e quem tem a responsabilidade. Abre espa\u00e7o para a atua\u00e7\u00e3o de gente mais experiente, preparada, competente, informada. Gente que n\u00e3o use o Flamengo como est\u00e1gio. Indica uma mudan\u00e7a de postura e de rumos. Wallim contratou e sustentou a perman\u00eancia de Pelaipe, \u00e9 respons\u00e1vel por ele. Deve cair junto. Juntos, contrataram mal, planejaram pior ainda. S\u00e3o lados da mesma moeda. Se quiser manter sua lideran\u00e7a e credibilidade, Bandeira deve saber que \u00e9 hora de desassociar sua imagem da deles e ganhar vida pr\u00f3pria.<\/p>\n<p style=\"text-align: justify;\">Por fim, Bandeira deveria desfazer o triunvirato que compartilha, at\u00e9 aqui, as principais decis\u00f5es no clube. Al\u00e9m de Wallim, deve tirar da diretoria os co-respons\u00e1veis pelas contrata\u00e7\u00f5es equivocadas e pelo desenho pol\u00edtico-administrativo refrat\u00e1rio a contribui\u00e7\u00f5es e que, ao fim, est\u00e1 se mostrando desastroso. Presidente, convoque rubro-negros experientes para os lugares de Luis &#8216;Bap&#8217; Baptista (VP de Marketing) e Rodrigo Tostes (VP de Finan\u00e7as).<\/p>\n<p style=\"text-align: justify;\">Avante, Presidente, o Flamengo est\u00e1 em suas m\u00e3os.<\/p>\n<p style=\"text-align: justify;\"><em>[N.do.E.: ap\u00f3s a coluna ter sido escrita o clube anunciou a redu\u00e7\u00e3o do pre\u00e7o dos ingressos para a partida contra o Crici\u00fama. J\u00e1 \u00e9 um come\u00e7o.]<\/em><\/p>\n","protected":false},"excerpt":{"rendered":"<p>Nesta ter\u00e7a feira a coluna do publicit\u00e1rio Affonso Romero retoma o tema do artigo de ontem: o Flamengo e sua atual crise. Flamengo, 2013 \u2013Tour Details<\/p>\n","protected":false},"author":11,"featured_media":0,"comment_status":"open","ping_status":"open","sticky":false,"template":"","format":"standard","meta":{"footnotes":""},"categories":[100],"tags":[42,37,36],"class_list":["post-18972","post","type-post","status-publish","format-standard","hentry","category-sobretudo","tag-flamengo","tag-futebol","tag-gestao-esportiva"],"_links":{"self":[{"href":"http:\/\/www.pedromigao.com.br\/ourodetolo\/wp-json\/wp\/v2\/posts\/18972","targetHints":{"allow":["GET"]}}],"collection":[{"href":"http:\/\/www.pedromigao.com.br\/ourodetolo\/wp-json\/wp\/v2\/posts"}],"about":[{"href":"http:\/\/www.pedromigao.com.br\/ourodetolo\/wp-json\/wp\/v2\/types\/post"}],"author":[{"embeddable":true,"href":"http:\/\/www.pedromigao.com.br\/ourodetolo\/wp-json\/wp\/v2\/users\/11"}],"replies":[{"embeddable":true,"href":"http:\/\/www.pedromigao.com.br\/ourodetolo\/wp-json\/wp\/v2\/comments?post=18972"}],"version-history":[{"count":0,"href":"http:\/\/www.pedromigao.com.br\/ourodetolo\/wp-json\/wp\/v2\/posts\/18972\/revisions"}],"wp:attachment":[{"href":"http:\/\/www.pedromigao.com.br\/ourodetolo\/wp-json\/wp\/v2\/media?parent=18972"}],"wp:term":[{"taxonomy":"category","embeddable":true,"href":"http:\/\/www.pedromigao.com.br\/ourodetolo\/wp-json\/wp\/v2\/categories?post=18972"},{"taxonomy":"post_tag","embeddable":true,"href":"http:\/\/www.pedromigao.com.br\/ourodetolo\/wp-json\/wp\/v2\/tags?post=18972"}],"curies":[{"name":"wp","href":"https:\/\/api.w.org\/{rel}","templated":true}]}}