{"id":18920,"date":"2013-09-17T06:47:37","date_gmt":"2013-09-17T09:47:37","guid":{"rendered":"http:\/\/www.pedromigao.com.br\/ourodetolo\/?p=18920"},"modified":"2013-09-16T16:13:18","modified_gmt":"2013-09-16T19:13:18","slug":"a-raiva-do-presidente-operario-que-nao-passa","status":"publish","type":"post","link":"http:\/\/www.pedromigao.com.br\/ourodetolo\/2013\/09\/a-raiva-do-presidente-operario-que-nao-passa\/","title":{"rendered":"A raiva do Presidente oper\u00e1rio que n\u00e3o passa"},"content":{"rendered":"<p style=\"text-align: justify;\">J\u00e1 abordei este assunto pelo menos em tr\u00eas ocasi\u00f5es neste blog, <a href=\"http:\/\/economia.ig.com.br\/2013-09-16\/ricos-perdem-exclusividade-e-reclamam-da-classe-emergente.html\" target=\"_blank\"><span style=\"color: #ff6600;\">mas mat\u00e9ria ontem publicada no site iG<\/span><\/a> nos ajuda a entender o porqu\u00ea da oposi\u00e7\u00e3o ferrenha e cerrada de setores mais abastados n\u00e3o somente ao ex-Presidente Luis In\u00e1cio Lula da Silva como ao projeto de poder atualmente instalado em Bras\u00edlia.<\/p>\n<p style=\"text-align: justify;\">Resumidamente a mat\u00e9ria dizia que setores das Classes A e B, em pesquisa realizada recentemente, reclamavam da perda da exclusividade de que desfrutavam. Dois bons exemplos s\u00e3o o recente \u201ciPhone para pobres\u201d \u2013 que, pelo pre\u00e7o, n\u00e3o tem nada de pobre, mas esta \u00e9 outra hist\u00f3ria \u2013 e o fato da Classe C estar tendo acesso a viagens de avi\u00e3o. Nas palavras de um entrevistado da pesquisa:<\/p>\n<p style=\"text-align: justify;\"><em>&#8211; \u201cEmpresas como a CVC acabaram com a nossa boa vida. Viajar de avi\u00e3o n\u00e3o \u00e9 mais classe A\u201d.<\/em><\/p>\n<p style=\"text-align: justify;\">Este exemplo n\u00e3o \u00e9 muito diferente do que ou\u00e7o em conversas durante eventos no col\u00e9gio das minhas filhas, que n\u00e3o \u00e9 Classe A mas que \u00e9 de classe m\u00e9dia alta. Ou do que apareceu aqui mesmo neste blog em posts do ano passado, antes da proibi\u00e7\u00e3o de coment\u00e1rios an\u00f4nimos.<\/p>\n<p style=\"text-align: justify;\">A mat\u00e9ria tamb\u00e9m traz um dado interessante e que explica muito deste comportamento: nos \u00faltimos dez anos a renda m\u00e9dia das classes C, D e E cresceu tr\u00eas vezes mais que a renda das classes A e B nos \u00faltimos dez anos \u2013 ou seja, no governo do PT.<\/p>\n<p style=\"text-align: justify;\">De acordo com dados do Ipea (Instituto de Pesquisa Econ\u00f4mica e Aplicada), nos \u00faltimos dez anos os sal\u00e1rios dos 20% mais pobres no Brasil cresceram 6,3% ao ano, ao contrario que a renda dos 10% mais ricos subiu apenas 1,7%. Como resultado, o Coeficiente de Gini (\u00edndice que mede a concentra\u00e7\u00e3o de renda e a desigualdade de uma sociedade) caiu de 0,58 em 2002 para 0,52 em 2011 \u2013 quanto menor o n\u00famero, menos desigual \u00e9 uma sociedade. Ainda \u00e9 um n\u00famero alto, mas o avan\u00e7o \u00e9 vis\u00edvel.<\/p>\n<p style=\"text-align: justify;\">Ou seja, n\u00e3o \u00e9 mais \u201cexclusividade\u201d pertencer a esta classe A ou B e, al\u00e9m disso, aqueles que ascendem socialmente n\u00e3o tomam este modelo excludente como seu. A l\u00f3gica dos \u201cex-Classe C\u201d que passam a fazer parte dos extratos A e B \u00e9 incluir, n\u00e3o excluir. A l\u00f3gica \u00e9 diferente.<\/p>\n<p style=\"text-align: justify;\">Outro fator que explica a raiva desta \u201cvelha elite\u201d com esta situa\u00e7\u00e3o \u00e9 que servi\u00e7os como o de empregadas dom\u00e9sticas e cabeleireiros, entre outros, ficaram mais caros a estas classes. Ainda mais depois da lei que regulamentou o trabalho dom\u00e9stico, este tipo de profissional deixou de ser uma mucama (semi-escrava) para ter os mesmos direitos e deveres dos profissionais regidos pela CLT.<\/p>\n<p style=\"text-align: justify;\">\u00c9 um movimento duplo: o ganho de renda das \u201cvelhas\u201d classes A e B foi menor que o das classes mais pobres e o custo de vida destas mesmas aumentos por causa do custo dos servi\u00e7os. Obviamente, culpa do Lula e \u201cdestes mensaleiros do PT\u201d.<\/p>\n<p style=\"text-align: justify;\">Na vis\u00e3o destas classes Lula \u00e9 o grande culpado por este sentimento de perda de exclusividade, por ter dividido, ainda que pouco, com os mais pobres a riqueza nacional. Al\u00e9m disso o fato do ex-Presidente ter uma origem humilde \u00e9 considerada uma afronta por esta elite, na linha \u201cquem ele pensa que \u00e9\u201d.<\/p>\n<p style=\"text-align: justify;\">Penso que vem muito deste sentimento a campanha ferrenha e irracional que estes setores \u2013 e a grande imprensa, representante destes \u2013 fazem contra o governo. Obviamente h\u00e1 a\u00ed tamb\u00e9m um componente ideol\u00f3gico, mas o que move estes setores a exigirem que se deponha o governo \u201cno voto ou na marra\u201d \u00e9 este sentimento de classe e de perda da exclusividade.<\/p>\n<p style=\"text-align: justify;\">Para esta elite, n\u00e3o est\u00e1 certo todos ganharem: o correto \u00e9 voltar \u00e0 \u201cvelha ordem\u201d onde somente eles ganham e o resto que viva de migalhas \u2013 na mis\u00e9ria mesmo. O sonho \u00e9 derrubar todas as conquistas alcan\u00e7adas na \u00faltima d\u00e9cada, acabar com todos os programas sociais, limitar o acesso a universidades e, se poss\u00edvel, congelar os sal\u00e1rios indefinidamente \u2013 isso se n\u00e3o puder reduzi-los.<\/p>\n<p style=\"text-align: justify;\">N\u00e3o surpreende, ora, as declara\u00e7\u00f5es de economistas ligados \u00e0 oposi\u00e7\u00e3o nos \u00faltimos tempos dando como receita ideal para a economia brasileira a redu\u00e7\u00e3o de sal\u00e1rios e demiss\u00f5es em massa. Grosso modo, foi o que se fez na Europa \u2013 e a crise econ\u00f4mica vivida atualmente mostra como esta pol\u00edtica econ\u00f4mica se mostrou equivocada.<\/p>\n<p style=\"text-align: justify;\">Por outro lado, o Governo precisa entender que n\u00e3o adianta manter esta estrat\u00e9gia de contemporiza\u00e7\u00e3o com esta elite, bem como a imprensa. Para estes setores n\u00e3o h\u00e1 acordo que n\u00e3o seja a remo\u00e7\u00e3o do projeto pol\u00edtico e a volta aos gloriosos tempos de 2002, com 17% de desemprego e 12% de infla\u00e7\u00e3o.<\/p>\n<p style=\"text-align: justify;\">Concentrar verbas publicit\u00e1rias nestes ve\u00edculos de imprensa s\u00f3 aumenta o calibre da campanha \u201cno voto ou na marra\u201d empreendida por estes setores. Voltarei ao tema em outro artigo, mas al\u00e9m de ser ruim a comunica\u00e7\u00e3o do Governo federal precisa ser repensada.<\/p>\n<p style=\"text-align: justify;\">No fundo o que prega esta elite \u00e9 que os pobres \u201csejam colocados em seus lugares\u201d. Por mais cruel que isso possa parecer, a l\u00f3gica \u00e9 esta, calcada em um profundo e arraigado ego\u00edsmo. Lula, sua origem oper\u00e1ria e o governo do PT s\u00e3o vistos como o obst\u00e1culo a isso.<\/p>\n<p style=\"text-align: justify;\">Que fique claro que n\u00e3o estou endeusando o governo, que possui diversos problemas \u2013 alguns s\u00e9rios. Mas a campanha contra o governo e o clamor pela volta da oposi\u00e7\u00e3o ao poder tem como mote principal este sentimento de classe e de exclusividade \u2013 al\u00e9m de fatores ideol\u00f3gicos.<\/p>\n<p style=\"text-align: justify;\">\u00c9 a raiva do Presidente oper\u00e1rio que n\u00e3o passa&#8230;<\/p>\n<p style=\"text-align: justify;\"><em>P.S. \u2013 Voltarei ao tema, mas fico espantado quando vejo setores de elite e incautos bem intencionados defendendo a viabilidade da candidatura de Marina Silva. Ela mistura um liberalismo radical na economia com um conservadorismo pentecostal na sociedade \u2013 ou seja, o pior dos mundos.<\/em><\/p>\n","protected":false},"excerpt":{"rendered":"<p>J\u00e1 abordei este assunto pelo menos em tr\u00eas ocasi\u00f5es neste blog, mas mat\u00e9ria ontem publicada no site iG nos ajuda a entender o porqu\u00ea daTour Details<\/p>\n","protected":false},"author":2,"featured_media":0,"comment_status":"open","ping_status":"open","sticky":false,"template":"","format":"standard","meta":{"footnotes":""},"categories":[289],"tags":[58,80,24,27],"class_list":["post-18920","post","type-post","status-publish","format-standard","hentry","category-pedro-migao","tag-economia","tag-lula","tag-politica","tag-sociedade"],"_links":{"self":[{"href":"http:\/\/www.pedromigao.com.br\/ourodetolo\/wp-json\/wp\/v2\/posts\/18920","targetHints":{"allow":["GET"]}}],"collection":[{"href":"http:\/\/www.pedromigao.com.br\/ourodetolo\/wp-json\/wp\/v2\/posts"}],"about":[{"href":"http:\/\/www.pedromigao.com.br\/ourodetolo\/wp-json\/wp\/v2\/types\/post"}],"author":[{"embeddable":true,"href":"http:\/\/www.pedromigao.com.br\/ourodetolo\/wp-json\/wp\/v2\/users\/2"}],"replies":[{"embeddable":true,"href":"http:\/\/www.pedromigao.com.br\/ourodetolo\/wp-json\/wp\/v2\/comments?post=18920"}],"version-history":[{"count":0,"href":"http:\/\/www.pedromigao.com.br\/ourodetolo\/wp-json\/wp\/v2\/posts\/18920\/revisions"}],"wp:attachment":[{"href":"http:\/\/www.pedromigao.com.br\/ourodetolo\/wp-json\/wp\/v2\/media?parent=18920"}],"wp:term":[{"taxonomy":"category","embeddable":true,"href":"http:\/\/www.pedromigao.com.br\/ourodetolo\/wp-json\/wp\/v2\/categories?post=18920"},{"taxonomy":"post_tag","embeddable":true,"href":"http:\/\/www.pedromigao.com.br\/ourodetolo\/wp-json\/wp\/v2\/tags?post=18920"}],"curies":[{"name":"wp","href":"https:\/\/api.w.org\/{rel}","templated":true}]}}