{"id":18912,"date":"2013-09-18T07:17:41","date_gmt":"2013-09-18T10:17:41","guid":{"rendered":"http:\/\/www.pedromigao.com.br\/ourodetolo\/?p=18912"},"modified":"2013-09-17T07:34:39","modified_gmt":"2013-09-17T10:34:39","slug":"made-in-usa-disputa-da-portela-semana-3","status":"publish","type":"post","link":"http:\/\/www.pedromigao.com.br\/ourodetolo\/2013\/09\/made-in-usa-disputa-da-portela-semana-3\/","title":{"rendered":"Made in USA: &#8220;Disputa da Portela, Semana 3&#8221;"},"content":{"rendered":"<p style=\"text-align: justify;\">Hoje a<strong> coluna do advogado e portelense Rafael Rafic<\/strong> volta a falar da disputa de samba da Portela para o carnaval 2014. Lembro sempre aos leitores que o artigo expressa a opini\u00e3o do colunista, n\u00e3o refletindo meu posicionamento ou opini\u00e3o.<\/p>\n<p style=\"text-align: justify;\"><span style=\"text-decoration: underline;\"><em><strong>Disputa da Portela, Semana 3<\/strong><\/em><\/span><\/p>\n<p style=\"text-align: justify;\">Nessa semana tivemos na Portela a terceira apresenta\u00e7\u00e3o dos sambas de ambas as chaves ainda vivos no concurso de samba-enredo. Na 6a feira tivemos a chave azul e no domingo a chave branca. Ambas tiveram uma passada sem bateria e tr\u00eas com.<\/p>\n<p style=\"text-align: justify;\">Come\u00e7aremos pela chave azul.<\/p>\n<p style=\"text-align: justify;\">Como novidade, vi a Portela voltar aos seus tempos idos e colocar um grupo de pagode para abrir em ambos os dias. Ponto para a nova diretoria. Logo ap\u00f3s, tivemos o esquenta da bateria e a apresenta\u00e7\u00e3o do casal oficial de mestre-sala e porta-bandeira, Diogo Jesus (antigo Diogo Fran) e Daniele Nascimento ao som dos sambas de sempre repetidos algumas vezes: Hino da Portela e os sambas de 2012 e 2013.<\/p>\n<p style=\"text-align: justify;\">Quanto as apresenta\u00e7\u00f5es dos sambas concorrentes, o destaque vai para o samba de Waldir 59 que se recuperou das p\u00e9ssimas passagens anteriores e fez a melhor passagem at\u00e9 aqui de um samba desta chave. O feito se torna maior ainda porque foi feito apesar do int\u00e9rprete, que mais uma vez n\u00e3o foi bem. Logo abaixo, coloco a apresenta\u00e7\u00e3o de Espanhol\/Sylvio Paulo, que tamb\u00e9m passou muito bem na primeira vez que eles puderam se apresentar sem problemas no som. Abaixo desses dois, posso colocar no mesmo grupo das passagens apenas corretas os sambas de Noca da Portela, Celso Lopes e Fernando Bom Cabelo.<\/p>\n<p style=\"text-align: justify;\">Em tempo: som muito bom as duas noites inteiras, nenhuma parceria pode reclamar. Parece que depois de muito sofrer, acertaram a melhor programa\u00e7\u00e3o de som para a complicad\u00edssima ac\u00fastica do Portel\u00e3o.<\/p>\n<p style=\"text-align: justify;\">Nesta chave gostaria de ressaltar duas observa\u00e7\u00f5es: <a href=\"http:\/\/www.pedromigao.com.br\/ourodetolo\/wp-content\/uploads\/2013\/09\/Noca.jpg\"><img loading=\"lazy\" decoding=\"async\" class=\"aligncenter size-large wp-image-18914\" alt=\"Noca\" src=\"http:\/\/www.pedromigao.com.br\/ourodetolo\/wp-content\/uploads\/2013\/09\/Noca-510x340.jpg\" width=\"510\" height=\"340\" srcset=\"http:\/\/www.pedromigao.com.br\/ourodetolo\/wp-content\/uploads\/2013\/09\/Noca-510x340.jpg 510w, http:\/\/www.pedromigao.com.br\/ourodetolo\/wp-content\/uploads\/2013\/09\/Noca-300x200.jpg 300w, http:\/\/www.pedromigao.com.br\/ourodetolo\/wp-content\/uploads\/2013\/09\/Noca.jpg 960w\" sizes=\"auto, (max-width: 510px) 100vw, 510px\" \/><\/a>1) \u00e9 impressionante como o samba de Noca (acima), mesmo trazendo boa quantidade de torcida e tendo o trunfo de contar com Gilsinho no palco, consegue deixar a quadra muda. Assim como nas apresenta\u00e7\u00f5es anteriores, Gilsinho ficou puxando o samba sozinho e n\u00e3o se percebia resposta de qualquer um na quadra que n\u00e3o fosse os bracinhos da torcida (muda).<\/p>\n<p style=\"text-align: justify;\">2) apesar do Wander Pires ir bem no palco, o samba de Celso Lopes (tido como um dos favoritos) morre na quadra! A torcida (que at\u00e9 canta o samba, mas s\u00f3 percebe quem presta bastante aten\u00e7\u00e3o) fica correndo a quadra tentando disfar\u00e7ar, mas \u00e9 a segunda apresenta\u00e7\u00e3o consecutiva em que esse &#8220;clima down&#8221; ocorre nesse concorrente.<\/p>\n<p style=\"text-align: justify;\">Por fim as parcerias de Bar\u00e3o, Jorge Moreira e Gerson PM (sem Nino no palco) n\u00e3o foram bem. Especialmente a \u00faltima parceria conseguiu em uma das passadas um desencontro total de palco, cavaquinho e bateria.<\/p>\n<p style=\"text-align: justify;\">Ao fim foram cortados os sambas das parcerias de Bar\u00e3o, Juan Espanhol\/Sylvio Paulo e Jorge Moreira. Mais uma vez discordei do corte. Se na semana passada achei bastante prematuro os cortes de Aloisio Villar e Edson Batista, a ponto de me exaltar e exagerar nas reclama\u00e7\u00f5es nas m\u00eddias sociais, dessa vez discordei veementemente do corte de Espanhol.<\/p>\n<p style=\"text-align: justify;\">Esse corte foi t\u00e3o inesperado que n\u00e3o se falava em outra coisa na quadra nas apresenta\u00e7\u00f5es de domingo. Em qualquer rodinha de conversa que se formava a pergunta inicial era a mesma: o que aconteceu com o samba do Espanhol?<\/p>\n<p style=\"text-align: justify;\">N\u00e3o ficaria surpreso com mudan\u00e7as na comiss\u00e3o julgadora na semana que vem; ficou uma sensa\u00e7\u00e3o que algo ocorreu no meio do caminho, em total disson\u00e2ncia ao pregado pela nova diretoria. Palpite meu, que fique claro ao leitor.<\/p>\n<p style=\"text-align: justify;\">Na minha opini\u00e3o, a parceria de Gerson PM e Glorioso deveria ter ca\u00eddo no lugar. O resultado disso \u00e9 que, logo ap\u00f3s, Espanhol anunciou que se aposentou das disputas de samba-enredo.<\/p>\n<p style=\"text-align: justify;\">Perde o samba, que fica sem um de seus maiores compositores e, principalmente, perde a Portela um quadro qualificad\u00edssimo em sua ala de compositores, justamente nesse per\u00edodo em que estamos tentando fortalec\u00ea-la com grandes nomes que n\u00e3o precisam usar dos &#8220;servi\u00e7os&#8221; de um escrit\u00f3rio. Um dos momentos mais marcantes da madrugada de s\u00e1bado foi ver as pr\u00f3prias lendas vivas, Juan Espanhol e Sylvio Paulo, distribuindo a letra do samba pessoalmente na quadra inteira.<\/p>\n<p style=\"text-align: justify;\">Por fim, abro aqui a campanha para que Cremilson seja o produtor oficial da playlist que o palco oficial da escola canta ao final das apresenta\u00e7\u00f5es. Sempre que permitem a ele puxar uma m\u00fasica, ele lembra algo muito bom da pr\u00f3pria Portela que andava esquecida. Na 6a feira foi a vez dele relembrar o belo samba da Portela de 88 que andava h\u00e1 muito ausente da quadra (que j\u00e1 havia sido cantado na feijoada da semana retrasada, segundo relato do editor).<\/p>\n<p style=\"text-align: justify;\">J\u00e1 sobre o domingo, ap\u00f3s a apresenta\u00e7\u00e3o do 2\u00ba casal ao som dos protocolares Hino da Portela e do samba de 2013, a mesma ladainha de sempre. Apresenta\u00e7\u00f5es bem fracas entremeadas pelas boas passagens de M\u00e1ximo e Davi Correa.<a href=\"http:\/\/www.pedromigao.com.br\/ourodetolo\/wp-content\/uploads\/2013\/09\/maximo.jpg\"><img loading=\"lazy\" decoding=\"async\" class=\"aligncenter size-large wp-image-18915\" alt=\"maximo\" src=\"http:\/\/www.pedromigao.com.br\/ourodetolo\/wp-content\/uploads\/2013\/09\/maximo-510x340.jpg\" width=\"510\" height=\"340\" srcset=\"http:\/\/www.pedromigao.com.br\/ourodetolo\/wp-content\/uploads\/2013\/09\/maximo-510x340.jpg 510w, http:\/\/www.pedromigao.com.br\/ourodetolo\/wp-content\/uploads\/2013\/09\/maximo-300x200.jpg 300w, http:\/\/www.pedromigao.com.br\/ourodetolo\/wp-content\/uploads\/2013\/09\/maximo.jpg 960w\" sizes=\"auto, (max-width: 510px) 100vw, 510px\" \/><\/a>M\u00e1ximo (acima, com Tuninho Nascimento) mais uma vez passou muito bem, mesmo sem Tinga no palco. N\u00e3o foi uma apresenta\u00e7\u00e3o arrebatadora, mas, sem qualquer d\u00favida, a melhor apresenta\u00e7\u00e3o das duas noites.<\/p>\n<p style=\"text-align: justify;\">Em um patamar abaixo ficou a apresenta\u00e7\u00e3o de Davi Correa, de novo a 2\u00aa melhor das 2 noites. O \u00fanico pecado foi a queda do samba na \u00faltima passada, muito por causa da inexplic\u00e1vel atitude de Preto Joia, que simplesmente come\u00e7ou a sambar de bra\u00e7os abertos e quase n\u00e3o cantou a \u00faltima passada, deixando tudo em cima do pr\u00f3prio Davi Correa. O samba em seu refr\u00e3o principal tem uma melodia bastante semelhante \u00e0 composi\u00e7\u00e3o do pr\u00f3prio Davi que foi para a avenida em 1985, pela Unidos de Vila Isabel.<\/p>\n<p style=\"text-align: justify;\">Conserva vai e conversa vem na quadra, cada vez mais fico com a impress\u00e3o que todas as opini\u00f5es na Portela est\u00e3o convergindo para a escolha do mesmo samba, o de M\u00e1ximo e Toninho. A todas as pessoas que pergunto a prefer\u00eancia, de \u00e1reas diferentes da escola, se abrem e confessam que querem o samba do M\u00e1ximo. Interessante notar que at\u00e9 agora sequer um \u201cn\u00e3o sei\u201d ou \u201cn\u00e3o quero revelar\u201d foi-me respondido.<\/p>\n<p style=\"text-align: justify;\">Tamb\u00e9m come\u00e7a a ficar claro que nesta disputa n\u00e3o tem como o samba de Davi Correa ficar fora da final. Assim sobraria uma vaga na final para os outros oito sambas se engalfinharem (vaga essa que, para mim, seria de Espanhol).<\/p>\n<p style=\"text-align: justify;\">V\u00e1rios patamares abaixo, ainda menciono a apresenta\u00e7\u00e3o da parceria de Apparicio que vinha bem at\u00e9 que no refr\u00e3o do meio da 2\u00aa passada Rixxa deixou o samba com s\u00f3 com a torcida o refr\u00e3o inteiro. A torcida, mesmo que pequena, correspondeu bem e at\u00e9 cantou, mas Rixxa demorou bastante a se acertar na volta e o samba nunca mais se encontrou.<\/p>\n<p style=\"text-align: justify;\">Ao fim foram cortados dois sambas: Paulo Apparicio &amp; cia e Ari Jorge, Cristiane Mazarim &amp; Cia. N\u00e3o eram os piores sambas ainda na disputa na chave, mas quem frequenta a Portela sabe exatamente porque esses sambas ca\u00edram, em uma decis\u00e3o que tem meu total respaldo.<\/p>\n<p style=\"text-align: justify;\">Assim 10 sambas continuam na disputa. S\u00e3o eles:<\/p>\n<p style=\"text-align: justify;\"><em>Chave Azul<\/em><\/p>\n<p style=\"text-align: justify;\">&#8211; Waldir 59, Gadelha, Newton da Portela e Celso do Cavaco;<\/p>\n<p style=\"text-align: justify;\">&#8211; Noca da Portela, Darcy Maravilha, Alexandre Fernandes, Prof. Sonia Pedro e Eli Penteado;<\/p>\n<p style=\"text-align: justify;\">&#8211; Gerson PM, Beto Martins, Marcos Glorioso, Junior Big e Ailton Guimar\u00e3es;<\/p>\n<p style=\"text-align: justify;\">&#8211; Fernando Bom Cabelo, Bad\u00e1, Karlinhos Madureira, Fininho e Paulinho Rocha;<\/p>\n<p style=\"text-align: justify;\">&#8211; Celso Lopes, Charlles Andre e Vinicius Ferreira;<\/p>\n<p style=\"text-align: justify;\"><em>Chave Branca<\/em><\/p>\n<p style=\"text-align: justify;\">&#8211; LC M\u00e1ximo, Toninho Nascimento, Waguinho, Edson Alves e J. Amaral;<\/p>\n<p style=\"text-align: justify;\">&#8211; Davi Correa, Can\u00e1rio, Matos e Ricardo;<\/p>\n<p style=\"text-align: justify;\">&#8211; Jorge do Batuke, Perique, Ti\u00e3ozinho Sap\u00ea e Bronson;<\/p>\n<p style=\"text-align: justify;\">&#8211; Celsinho de Andrade, Pec\u00ea Ribeiro, Raul Lauar e Valtinho Botafogo;<\/p>\n<p style=\"text-align: justify;\">&#8211; Madalena, Ribeiro Sorriso, Dinho de Madureira e Henrique Poesia;<\/p>\n<p style=\"text-align: justify;\">Por fim, aproveito essa coluna para comentar outro fato que tenho notado nesta disputa portelense.<\/p>\n<p style=\"text-align: justify;\">N\u00e3o \u00e9 novidade que o fechamento da ala de compositores da nossa escola n\u00e3o impediu uma grande revoada de pombos na disputa desse ano. Isso n\u00e3o me impressiona porque, apesar do fechamento, dentro do grupo fechado h\u00e1 uma considerada popula\u00e7\u00e3o de &#8220;columb\u00f3filos&#8221;.<\/p>\n<p style=\"text-align: justify;\">Por\u00e9m o que est\u00e1 me chamando a aten\u00e7\u00e3o s\u00e3o as novas esp\u00e9cies de pombos que foram criadas em Madureira neste 2013: assim tivemos o surgimento do <em>Pombo Platinum<\/em> (nome criado pelo editor em &#8220;homenagem&#8221; \u00e0 famosa linha de cart\u00f5es de cr\u00e9dito alta renda, que alias n\u00e3o \u00e9 exclusividade da Portela; significa gente consagrada assinando), e o<em> pombo terceirizado<\/em> (n\u00e3o satisfeito em receber um samba do escrit\u00f3rio de fora para apresentar na escola, por algum motivo o &#8220;comprositor&#8221; n\u00e3o entra na disputa e ainda entrega o samba a um terceiro para este sim assinar o samba).<\/p>\n<p style=\"text-align: justify;\"><em>Fatos r\u00e1pidos:<\/em><\/p>\n<p style=\"text-align: justify;\">&#8211; Nessa semana j\u00e1 teremos a jun\u00e7\u00e3o das chaves. Ent\u00e3o os 10 sambas restantes j\u00e1 se apresentar\u00e3o juntos na 6\u00aa feira, dia 20, as 23h no Portel\u00e3o<\/p>\n<p style=\"text-align: justify;\">&#8211; Playlist do encerramento de 6\u00aa feira: Contos de Areia (Portela 84), Portela na Avenida, Canto das Tr\u00eas Ra\u00e7as (em uma fant\u00e1stica interpreta\u00e7\u00e3o de Rixxa), Foi um Rio que Passou em Minha Vida e Lendas Cariocas, os sonhos do Vice-rei (Portela 88).<\/p>\n<p style=\"text-align: justify;\">&#8211; A playlist de domingo j\u00e1 foi bem maior pois a apresenta\u00e7\u00e3o durou 45min em um show de apresenta\u00e7\u00e3o do Rixxa: Lapa em Tr\u00eas Tempos (Portela 71), Foi um Rio que passou em Minha Vida (3\u00aa vez consecutiva que Rogerinho puxa essa m\u00fasica), Gosto que me Enrosco (Portela 95), Contos de Areia, Tributo a Vaidade (Portela 91), Portela na Avenida, Adelaide a Pomba da Paz (Portela 87), O Mundo Melhor de Pixinguina (Portela 74), Hoje Tem Marmelada (Portela 80), Lendas e Mist\u00e9rios da Amazonia (Portela 70 e 2004), Das Maravilhas do Mar Fez-se o Esplendor de uma Noite (Portela 81) e Hino da Portela.<\/p>\n<p style=\"text-align: justify;\">&#8211; Palco oficial completo na 6\u00aa feira, mas Wantuir n\u00e3o veio no domingo. Rixxa, Rogerinho e Cremilson seguraram.<\/p>\n<p style=\"text-align: justify;\">&#8211; Serginho Proc\u00f3pio e Marcos Falcon presentes a ambas apresenta\u00e7\u00f5es mais uma vez.<\/p>\n<p style=\"text-align: justify;\"><em>(Fotos: Blog Compositores da Portela)<\/em><\/p>\n<p style=\"text-align: justify;\"><em>[N.do.E.: o leitor deve se lembrar do <a href=\"http:\/\/www.pedromigao.com.br\/ourodetolo\/2013\/08\/final-de-semana-a-demanda-da-cubango-e-vencer\/\" target=\"_blank\"><span style=\"color: #ff6600;\">post sobre um samba concorrente da Acad\u00eamicos da Cubango<\/span><\/a> que coloquei aqui semanas atr\u00e1s. Pois ele venceu a disputa e ser\u00e1 a composi\u00e7\u00e3o oficial da agremia\u00e7\u00e3o para o carnaval 2014.]<\/em><\/p>\n","protected":false},"excerpt":{"rendered":"<p>Hoje a coluna do advogado e portelense Rafael Rafic volta a falar da disputa de samba da Portela para o carnaval 2014. Lembro sempre aosTour Details<\/p>\n","protected":false},"author":2,"featured_media":0,"comment_status":"open","ping_status":"open","sticky":false,"template":"","format":"standard","meta":{"footnotes":""},"categories":[47],"tags":[18,341,49],"class_list":["post-18912","post","type-post","status-publish","format-standard","hentry","category-made-in-usa","tag-carnaval","tag-carnaval-2014","tag-portela"],"_links":{"self":[{"href":"http:\/\/www.pedromigao.com.br\/ourodetolo\/wp-json\/wp\/v2\/posts\/18912","targetHints":{"allow":["GET"]}}],"collection":[{"href":"http:\/\/www.pedromigao.com.br\/ourodetolo\/wp-json\/wp\/v2\/posts"}],"about":[{"href":"http:\/\/www.pedromigao.com.br\/ourodetolo\/wp-json\/wp\/v2\/types\/post"}],"author":[{"embeddable":true,"href":"http:\/\/www.pedromigao.com.br\/ourodetolo\/wp-json\/wp\/v2\/users\/2"}],"replies":[{"embeddable":true,"href":"http:\/\/www.pedromigao.com.br\/ourodetolo\/wp-json\/wp\/v2\/comments?post=18912"}],"version-history":[{"count":0,"href":"http:\/\/www.pedromigao.com.br\/ourodetolo\/wp-json\/wp\/v2\/posts\/18912\/revisions"}],"wp:attachment":[{"href":"http:\/\/www.pedromigao.com.br\/ourodetolo\/wp-json\/wp\/v2\/media?parent=18912"}],"wp:term":[{"taxonomy":"category","embeddable":true,"href":"http:\/\/www.pedromigao.com.br\/ourodetolo\/wp-json\/wp\/v2\/categories?post=18912"},{"taxonomy":"post_tag","embeddable":true,"href":"http:\/\/www.pedromigao.com.br\/ourodetolo\/wp-json\/wp\/v2\/tags?post=18912"}],"curies":[{"name":"wp","href":"https:\/\/api.w.org\/{rel}","templated":true}]}}