{"id":18837,"date":"2013-09-06T04:42:36","date_gmt":"2013-09-06T07:42:36","guid":{"rendered":"http:\/\/www.pedromigao.com.br\/ourodetolo\/?p=18837"},"modified":"2013-09-05T10:53:07","modified_gmt":"2013-09-05T13:53:07","slug":"saude-e-batom-rio-de-janeiro-cidade-da-impunidade","status":"publish","type":"post","link":"http:\/\/www.pedromigao.com.br\/ourodetolo\/2013\/09\/saude-e-batom-rio-de-janeiro-cidade-da-impunidade\/","title":{"rendered":"Sa\u00fade e Batom: &#8220;Rio de Janeiro \u2013 Cidade da Impunidade&#8221;"},"content":{"rendered":"<p style=\"text-align: justify;\">Nesta sexta feira a <strong>coluna da jornalista Raphaele Ambrosio<\/strong> expressa sua decep\u00e7\u00e3o com a seguran\u00e7a p\u00fablica carioca a partir de fato ocorrido na \u00faltima semana. Fato ocorrido, ali\u00e1s, na rua onde morei 30 anos &#8211; e onde meus pais ainda vivem.<\/p>\n<p style=\"text-align: justify;\"><span style=\"text-decoration: underline;\"><em><strong>Rio de Janeiro \u2013 Cidade da Impunidade<\/strong><\/em><\/span><\/p>\n<p style=\"text-align: justify;\">Mais uma vez vou sair da linha em que a coluna est\u00e1 acostumada, para fazer outro desabafo. Dessa vez, com um tom mais sofrido, com mais revolta. Um post que nunca gostaria de fazer, mas n\u00e3o posso deixar de expressar minha indigna\u00e7\u00e3o, minha raiva.<\/p>\n<p style=\"text-align: justify;\">Na ultima sexta feira (30), um amigo de inf\u00e2ncia foi brutalmente assassinado em uma rua movimentada. Quatro assaltantes, no auge da falta do que fazer, j\u00e1 que poderiam estar trabalhando como pessoas de bem fazem, resolveram ir para rua e assaltar pessoas que trabalham o dia todo para sustentar uma fam\u00edlia, pagar contas em dia, pessoas essas que pagam seus impostos e votam na esperan\u00e7a de um mundo melhor.<\/p>\n<p style=\"text-align: justify;\">Philip Lima dos Santos morreu na mesma rua em que foi visto crescer. N\u00e3o por residir l\u00e1, mas por ter passado boa parte de sua adolesc\u00eancia jogando bola, se reunindo com amigos para jogar conversa fora no meio fio. Ele era uma pessoa de riso frouxo. Sempre educado, retribu\u00eda com sorriso a cada \u201coi\u201d que lhe era dado. Um homem de muitos amigos, querido por todos. Era pequeno, ali\u00e1s, eu o chamava assim. Tinha 28 anos, mas trazia dentro dele toda aquela molecagem gostosa de quando tinha 14,15 anos. Era Flamenguista doente. Um homem de bem. Mas que, infelizmente, estava no local errado, na hora errada, por\u00e9m certa, aos olhos de Deus.<\/p>\n<p style=\"text-align: justify;\"><a href=\"http:\/\/www.pedromigao.com.br\/ourodetolo\/wp-content\/uploads\/2013\/09\/Cabral.jpg\"><img loading=\"lazy\" decoding=\"async\" class=\"aligncenter size-large wp-image-18843\" alt=\"Cabral\" src=\"http:\/\/www.pedromigao.com.br\/ourodetolo\/wp-content\/uploads\/2013\/09\/Cabral-453x340.jpg\" width=\"453\" height=\"340\" srcset=\"http:\/\/www.pedromigao.com.br\/ourodetolo\/wp-content\/uploads\/2013\/09\/Cabral-453x340.jpg 453w, http:\/\/www.pedromigao.com.br\/ourodetolo\/wp-content\/uploads\/2013\/09\/Cabral-300x225.jpg 300w, http:\/\/www.pedromigao.com.br\/ourodetolo\/wp-content\/uploads\/2013\/09\/Cabral.jpg 960w\" sizes=\"auto, (max-width: 453px) 100vw, 453px\" \/><\/a>Como passou nos notici\u00e1rios, morreu sendo her\u00f3i. Gra\u00e7as a ele \u2013 se atracou com um dos bandidos para ajudar na pris\u00e3o, quando, fatidicamente, tomou tr\u00eas tiros &#8211; uma pequena vila onde idosos e crian\u00e7as residem n\u00e3o foi assaltada. Uma das pessoas que residem l\u00e1, chegou a dar entrevista dizendo que \u201cn\u00e3o o conhecia, mas que deve sua vida a ele\u201d. Sim&#8230; Ele era um her\u00f3i, com uma vida linda pela frente para desfrutar, outros atos heroicos para praticar, muita coisa para viver.<\/p>\n<p style=\"text-align: justify;\">Uma manifesta\u00e7\u00e3o foi feita pelas ruas de Cascadura (bairro em que tudo aconteceu), para que as autoridades prestem mais aten\u00e7\u00e3o \u00e0 regi\u00e3o. Praticamente todos os dias h\u00e1 assaltos no bairro: a casas, pedestres, lojas, carros. A bandidagem est\u00e1 sem limites, com for\u00e7a total e a popula\u00e7\u00e3o de m\u00e3os atadas. Mas de quem \u00e9 a culpa disso? Ser\u00e1 que ficar culpando o Governador S\u00e9rgio Cabral vai adiantar? Mas se parar para pensar deram for\u00e7a e apoio aos bandidos, ou do contr\u00e1rio, eles n\u00e3o teriam tanta liberdade, n\u00e3o dominariam as ruas e as pessoas como fazem.<\/p>\n<p style=\"text-align: justify;\">As autoridades disseram que Cascadura est\u00e1 muito bem amparada pela Policia Militar. Piada essa que, nem criancinha de quatro anos daria risada, de t\u00e3o rid\u00edcula que \u00e9.\u00a0 Policiamento tem no Leblon, mais precisamente, na portaria da casa do Cabral. Essas manifesta\u00e7\u00f5es, depreda\u00e7\u00f5es que est\u00e3o acontecendo por l\u00e1, s\u00e3o casos isolados. Antes disso, Leblon, que tem um dos IPTUs mais caros da cidade, era digna de novela do Manoel Carlos: linda, tranquila, o melhor lugar do mundo para se morar. Essas confus\u00f5es est\u00e3o acontecendo porque ningu\u00e9m aguenta mais a bagun\u00e7a em que a cidade se transformou, enquanto o senhor Governador vai para Paris tomar proseco.<\/p>\n<p style=\"text-align: justify;\">Quantas pessoas mais ter\u00e3o que vir a \u00f3bito e virar estat\u00edstica para que as coisas mudem? At\u00e9 quando m\u00e3es ter\u00e3o que enterrar seus filhos, porque o poder paralelo \u00e9 o que de fato, manda no Rio de Janeiro? Essa bagun\u00e7a parece n\u00e3o ter um final e sim, que est\u00e1 apenas come\u00e7ando. Enquanto ficarem se preocupando, apenas, com est\u00e1dio bonito para Copa, obras e mais obras por conta das Olimp\u00edadas, tudo continuar\u00e1 nesse caos: bandido indo para rua matar pessoas inocentes, m\u00e3es enterrando seus filhos; quando na verdade, deveria ser o contr\u00e1rio, pessoas indo para rua expressar sua revolta com protestos que, infelizmente, n\u00e3o v\u00e3o dar em muita coisa.<\/p>\n<p style=\"text-align: justify;\"><a href=\"http:\/\/www.pedromigao.com.br\/ourodetolo\/wp-content\/uploads\/2013\/09\/Cartaz.jpg\"><img loading=\"lazy\" decoding=\"async\" class=\"aligncenter size-large wp-image-18844\" alt=\"Cartaz\" src=\"http:\/\/www.pedromigao.com.br\/ourodetolo\/wp-content\/uploads\/2013\/09\/Cartaz-453x340.jpg\" width=\"453\" height=\"340\" srcset=\"http:\/\/www.pedromigao.com.br\/ourodetolo\/wp-content\/uploads\/2013\/09\/Cartaz-453x340.jpg 453w, http:\/\/www.pedromigao.com.br\/ourodetolo\/wp-content\/uploads\/2013\/09\/Cartaz-300x225.jpg 300w, http:\/\/www.pedromigao.com.br\/ourodetolo\/wp-content\/uploads\/2013\/09\/Cartaz.jpg 960w\" sizes=\"auto, (max-width: 453px) 100vw, 453px\" \/><\/a>Rio de Janeiro virou terra de ningu\u00e9m. Aqui, manda quem tem poder, seja ele dinheiro ou arma em punho e obedece quem tem ju\u00edzo, que no caso, aquele que tem medo de morrer, mas que acaba morrendo da mesma forma, dependendo do humor de quem aponta a arma. Isso tem que ter um basta! Essa zona n\u00e3o pode continuar do jeito que est\u00e1. Uma cidade que de maravilhosa s\u00f3 tem o nome, j\u00e1 que em seu cart\u00e3o postal, existe gente sendo assaltada l\u00e1. Do que adianta ser t\u00e3o linda, mas t\u00e3o suja ao mesmo tempo?<\/p>\n<p style=\"text-align: justify;\">Philip deixa um filho pequeno, uma fam\u00edlia despeda\u00e7ada, amigos com uma dor imensa por sua aus\u00eancia e um dos bandidos presos, gra\u00e7as a sua ajuda.<\/p>\n<p style=\"text-align: justify;\">Hoje acontecer\u00e1 outra manifesta\u00e7\u00e3o pelas ruas do bairro. Ser\u00e1 o movimento \u201cCascadura Pede Seguran\u00e7a\u201d. Confira abaixo como foi \u00e0 primeira manifesta\u00e7\u00e3o, que aconteceu na segunda feira (2):<\/p>\n<p style=\"text-align: justify;\"><iframe loading=\"lazy\" src=\"http:\/\/player.r7.com\/video\/i\/5225d3790cf25c3c46a0a83d?layout=wide252p\" height=\"315\" width=\"448\" frameborder=\"0\" marginwidth=\"0\" marginheight=\"0\" scrolling=\"no\"><\/iframe><\/p>\n","protected":false},"excerpt":{"rendered":"<p>Nesta sexta feira a coluna da jornalista Raphaele Ambrosio expressa sua decep\u00e7\u00e3o com a seguran\u00e7a p\u00fablica carioca a partir de fato ocorrido na \u00faltima semana.Tour Details<\/p>\n","protected":false},"author":2,"featured_media":0,"comment_status":"open","ping_status":"open","sticky":false,"template":"","format":"standard","meta":{"footnotes":""},"categories":[343],"tags":[26,24],"class_list":["post-18837","post","type-post","status-publish","format-standard","hentry","category-saude-e-batom","tag-policia","tag-politica"],"_links":{"self":[{"href":"http:\/\/www.pedromigao.com.br\/ourodetolo\/wp-json\/wp\/v2\/posts\/18837","targetHints":{"allow":["GET"]}}],"collection":[{"href":"http:\/\/www.pedromigao.com.br\/ourodetolo\/wp-json\/wp\/v2\/posts"}],"about":[{"href":"http:\/\/www.pedromigao.com.br\/ourodetolo\/wp-json\/wp\/v2\/types\/post"}],"author":[{"embeddable":true,"href":"http:\/\/www.pedromigao.com.br\/ourodetolo\/wp-json\/wp\/v2\/users\/2"}],"replies":[{"embeddable":true,"href":"http:\/\/www.pedromigao.com.br\/ourodetolo\/wp-json\/wp\/v2\/comments?post=18837"}],"version-history":[{"count":0,"href":"http:\/\/www.pedromigao.com.br\/ourodetolo\/wp-json\/wp\/v2\/posts\/18837\/revisions"}],"wp:attachment":[{"href":"http:\/\/www.pedromigao.com.br\/ourodetolo\/wp-json\/wp\/v2\/media?parent=18837"}],"wp:term":[{"taxonomy":"category","embeddable":true,"href":"http:\/\/www.pedromigao.com.br\/ourodetolo\/wp-json\/wp\/v2\/categories?post=18837"},{"taxonomy":"post_tag","embeddable":true,"href":"http:\/\/www.pedromigao.com.br\/ourodetolo\/wp-json\/wp\/v2\/tags?post=18837"}],"curies":[{"name":"wp","href":"https:\/\/api.w.org\/{rel}","templated":true}]}}