{"id":18790,"date":"2013-09-04T07:04:11","date_gmt":"2013-09-04T10:04:11","guid":{"rendered":"http:\/\/www.pedromigao.com.br\/ourodetolo\/?p=18790"},"modified":"2013-09-01T20:54:50","modified_gmt":"2013-09-01T23:54:50","slug":"made-in-usa-disputa-da-portela-chave-branca-dia-1%e2%80%b3","status":"publish","type":"post","link":"http:\/\/www.pedromigao.com.br\/ourodetolo\/2013\/09\/made-in-usa-disputa-da-portela-chave-branca-dia-1%e2%80%b3\/","title":{"rendered":"Made in USA \u2013 \u201cDisputa da Portela: Chave Branca, Dia 1\u2033"},"content":{"rendered":"<p style=\"text-align: justify;\">Hoje o\u00a0<strong>advogado Rafael Rafic<\/strong>\u00a0traz em sua s\u00e9rie de colunas sobre a disputa de samba da Portela, com o primeiro dia da Chave Branca (com 17 sambas dos 35 inscritos). Ressalto uma vez mais que o exposto aqui \u00e9 a opini\u00e3o pessoal do colunista e que at\u00e9 a semana da final n\u00e3o irei me manifestar publicamente sobre o assunto.<\/p>\n<p style=\"text-align: justify;\"><span style=\"text-decoration: underline;\"><em><strong>Disputa da Portela: Chave Branca, Dia 1<\/strong><\/em><\/span><\/p>\n<p style=\"text-align: justify;\">Na \u00faltima sexta ocorreu a primeira apresenta\u00e7\u00e3o dos sambas da chave branca no Portel\u00e3o.<\/p>\n<p style=\"text-align: justify;\">Mais uma vez n\u00e3o gostei da forma como os trabalhos foram abertos pelo palco oficial da escola. Foram 5 passadas do Hino da Portela seguida de mais 5 passadas do samba de 2013. Com isso, j\u00e1 temos no saldo combinado das 2 semanas 13 passadas consecutivas do samba de 2013 na abertura da noite.<\/p>\n<p style=\"text-align: justify;\">Por\u00e9m, apesar de n\u00e3o gostar da op\u00e7\u00e3o, ontem ficou mais clara qual a inten\u00e7\u00e3o da Harmonia.<\/p>\n<p style=\"text-align: justify;\">Na abertura agora d\u00e1-se maior aten\u00e7\u00e3o \u00e0 exibi\u00e7\u00e3o do mestre-sala e porta bandeira, por isso se tocam apenas as duas m\u00fasicas citadas protocolares, enquanto se deixam os sambas cl\u00e1ssicos para o final, para que os valentes portelenses que ficaram na quadra a eliminat\u00f3ria inteira possam se divertir. Devo admitir que a playlist do final foi uma sequ\u00eancia fant\u00e1stica.<\/p>\n<p style=\"text-align: justify;\">Sobre a noite em si, pouco tenho a comentar sen\u00e3o o absurdo desnivelamento n\u00e3o s\u00f3 dentro pr\u00f3pria chave branca, como tamb\u00e9m na compara\u00e7\u00e3o com chave azul.<\/p>\n<p style=\"text-align: justify;\">Essa chave branca concentra os dois melhores sambas da safra deste ano, M\u00e1ximo\/Toninho e o de Davi Correa. Por\u00e9m ao mesmo tempo os outros 15 sambas s\u00e3o inferiores, mesmo se comparado com os sambas da outra chave.<\/p>\n<p style=\"text-align: justify;\">Foi uma noite complicada para se achar motiva\u00e7\u00e3o para ficar acordado e ouvir os sambas. Apenas os dois sambas j\u00e1 citados salvaram a noite. Alias, n\u00e3o apenas salvaram a noite como fizeram as duas melhores apresenta\u00e7\u00f5es desta primeira rodada, mesmo se contarmos as composi\u00e7\u00f5es da chave Azul.<\/p>\n<p style=\"text-align: justify;\">Davi Correa se apresentou logo no in\u00edcio, com a quadra ainda bem cheia (mais cheia que semana passada) e teve uma torcida consider\u00e1vel. A torcida n\u00e3o apenas brincou como cantou bem o samba, em conjunto com alguns apoios espont\u00e2neos na quadra.\u00a0Como bem disse um &#8220;an\u00f4nimo de alta plumagem&#8221;: tem que respeitar o velho. Ningu\u00e9m \u00e9 hexa campe\u00e3o na Portela com tr\u00eas Estandartes de Ouro \u00e0 toa.<\/p>\n<p style=\"text-align: justify;\">Depois de uma infinidade de sambas intermin\u00e1veis, j\u00e1 com a quadra ligeiramente mais vazia logo ap\u00f3s as 3 horas da manh\u00e3, subiu ao palco a esperada parceria de Luis Carlos M\u00e1ximo e Toninho Nascimento.<\/p>\n<p style=\"text-align: justify;\">Com um palco de peso (em todos os sentidos) com Tinga no primeiro microfone e a torcida de not\u00f3rios integrantes da organizada Guerreiros da \u00c1guia (no que foi a primeira apari\u00e7\u00e3o de alguma organizada nesta disputa) a parceria mostrou que n\u00e3o quer repetir os erros feitos nas primeiras apresenta\u00e7\u00f5es do ano passado e &#8216;passou rasgando&#8217;.<\/p>\n<p style=\"text-align: justify;\">Uma apresenta\u00e7\u00e3o muito forte, com a quadra cantando bem o samba. Destaque especial para o refr\u00e3o principal (&#8220;vou de mar a mar, mareia&#8230;&#8221;) que foi muito cantado e s\u00f3 n\u00e3o posso dizer que explodiu por causa da quantidade de pessoas ainda presentes na quadra, que n\u00e3o era pequena mas estava longe de estar lotada.<\/p>\n<p style=\"text-align: justify;\">Como essa \u00e9 uma coluna de opini\u00e3o, n\u00e3o tenho problemas em afirmar que este \u00e9 meu samba preferido &#8211; e acho que do Editor Chefe tamb\u00e9m, embora ele n\u00e3o diga nem sob tortura. Mas mesmo quem n\u00e3o tor\u00e7a para ele ter\u00e1 que admitir que esta foi a melhor apresenta\u00e7\u00e3o dos 35 sambas concorrentes at\u00e9 aqui.<\/p>\n<p style=\"text-align: justify;\">Obs: com todo respeito as outras organizadas, mas quando os Guerreiros entram em a\u00e7\u00e3o, complica demais para qualquer advers\u00e1rio.<\/p>\n<p style=\"text-align: justify;\">Mais uma vez houve uma mostra do fen\u00f4meno que eu chamo de &#8220;efeito M\u00e1ximo&#8221;: assim que M\u00e1ximo encerrou sua participa\u00e7\u00e3o a quadra esvaziou repentinamente e ficou deserta. Isso \u00e9 algo que venho notando que frequentemente acontece desde o ano passado.<\/p>\n<p style=\"text-align: justify;\">Quanto aos outros sambas, o que posso destacar na noite foram as passagens no m\u00e1ximo corretas das parcerias de Paulo Apparicio, Cristiane Mazzarin e Jurandir Santana. Ainda sim, com o desconto do problemas de som (que estava bem melhor nesta semana), coloco as apresenta\u00e7\u00f5es de Espanhol e Edson Batista na frente.<\/p>\n<p style=\"text-align: justify;\">Ao fim, os sambas cortados foram Paulo Cesar &amp; cia, Luizinho do cavaco &amp; cia, Denice Candeia&#8217;s &amp; cia, Hebinho da Portela &amp; cia e Maestro Jamir &amp; cia. Com a qualidade da chave fica ate dif\u00edcil de opinar sobre os cortes. Haviam 3 sambas que realmente destoavam demais do resto e deveriam ser cortados; os 3 est\u00e3o na lista acima. J\u00e1 a ocupa\u00e7\u00e3o das outras duas vagas era bastante dif\u00edcil pois havia v\u00e1rios sambas do mesmo n\u00edvel.<\/p>\n<p style=\"text-align: justify;\">Obs: no post passado recebi reclama\u00e7\u00f5es de que eu n\u00e3o incluia o nome de todos os compositores das parcerias. Apesar de dar toda raz\u00e3o \u00e0 cr\u00edtica, justifico que muitas parcerias tem muitos nomes e se colocasse todos os nomes de todas as parcerias, a coluna ficaria ainda mais extensa e cansativa de se ler. Assim, me utilizo da tecnica j\u00e1 usada por v\u00e1rios sites especializados de apenas citar o nome do primeiro compositor da parceria ou aquele mais famoso. Apenas existem alguns casos que n\u00e3o h\u00e1 como falar um nome sem o outro vir a mente, tamanha a simbiose da parceria. Nesses casos (Espanhol e Sylvio Paulo \u00e9 o exemplo mais presente) estou citando ambos.<\/p>\n<p style=\"text-align: justify;\"><em>Fatos r\u00e1pidos:<\/em><\/p>\n<p style=\"text-align: justify;\">&#8211; Mais uma vez estavam presentes o presidente Serginho Proc\u00f3pio, o vice Marcos Falcon e o comandante do nosso barrac\u00e3o Paulinho do Ouro.<\/p>\n<p style=\"text-align: justify;\">&#8211; Dia 10, teremos a estreia da s\u00e9rie de Cinedebates na quadra da Portela, com o filme &#8220;Candeia: Eu Sou o Povo&#8221;. Est\u00e3o todos convidados;<\/p>\n<p style=\"text-align: justify;\">&#8211; PlayList do encerramento: Ilu Ay\u00ea (1972), Contos de Areia (1984), Tributo a Vaidade (1991), Lendas e Mist\u00e9rios da Amazonia (1970 e 2004), Foi um Rio que Passou em minha Vida e, claro, E o Povo na Rua Cantando&#8230; \u00c9 Feito uma Reza, um Ritual (2012).<\/p>\n<p style=\"text-align: justify;\">&#8211; Mais uma vez a empolga\u00e7\u00e3o foi geral no &#8220;Madureira sobe o Pel\u00f4&#8221;. N\u00e3o me canso de ficar impressionado com a for\u00e7a desse samba;<\/p>\n<p style=\"text-align: justify;\">&#8211; Dessa vez o palco estava completo: Wantuir, Rogerinho, Rixxa e Cremilson;<\/p>\n<p style=\"text-align: justify;\">&#8211; J\u00e1 tivemos v\u00e1rias parcerias levando torcida nesta segunda noite de disputas,<\/p>\n<p style=\"text-align: justify;\">&#8211; Pr\u00f3ximas apresenta\u00e7\u00f5es: Chave Azul: 4\u00aa feira, dia 4\/9 as 20 horas \/ Chave Branca: domingo, dia 8\/9, \u00e0s 14 hopras;<\/p>\n<p style=\"text-align: justify;\">&#8211; Desde j\u00e1 pe\u00e7o desculpas aos leitores do blog e aos compositores da chave branca, mas por causa do Estadual Interclubes de Xadrez (maior e mais cansativo torneio do estado) que estar\u00e1 ocorrendo no mesmo dia 8\/9 no Tijuca Tenis Clube e o qual arbitrarei, n\u00e3o poderei comparecer a pr\u00f3xima eliminat\u00f3ria dessa chave. Pretendo ir na eliminat\u00f3ria da chave azul normalmente.<\/p>\n<p style=\"text-align: justify;\"><em>(Foto: Facebook Oficial da Portela)<\/em><\/p>\n","protected":false},"excerpt":{"rendered":"<p>Hoje o\u00a0advogado Rafael Rafic\u00a0traz em sua s\u00e9rie de colunas sobre a disputa de samba da Portela, com o primeiro dia da Chave Branca (com 17Tour Details<\/p>\n","protected":false},"author":2,"featured_media":0,"comment_status":"open","ping_status":"open","sticky":false,"template":"","format":"standard","meta":{"footnotes":""},"categories":[47],"tags":[18,341,49],"class_list":["post-18790","post","type-post","status-publish","format-standard","hentry","category-made-in-usa","tag-carnaval","tag-carnaval-2014","tag-portela"],"_links":{"self":[{"href":"http:\/\/www.pedromigao.com.br\/ourodetolo\/wp-json\/wp\/v2\/posts\/18790","targetHints":{"allow":["GET"]}}],"collection":[{"href":"http:\/\/www.pedromigao.com.br\/ourodetolo\/wp-json\/wp\/v2\/posts"}],"about":[{"href":"http:\/\/www.pedromigao.com.br\/ourodetolo\/wp-json\/wp\/v2\/types\/post"}],"author":[{"embeddable":true,"href":"http:\/\/www.pedromigao.com.br\/ourodetolo\/wp-json\/wp\/v2\/users\/2"}],"replies":[{"embeddable":true,"href":"http:\/\/www.pedromigao.com.br\/ourodetolo\/wp-json\/wp\/v2\/comments?post=18790"}],"version-history":[{"count":0,"href":"http:\/\/www.pedromigao.com.br\/ourodetolo\/wp-json\/wp\/v2\/posts\/18790\/revisions"}],"wp:attachment":[{"href":"http:\/\/www.pedromigao.com.br\/ourodetolo\/wp-json\/wp\/v2\/media?parent=18790"}],"wp:term":[{"taxonomy":"category","embeddable":true,"href":"http:\/\/www.pedromigao.com.br\/ourodetolo\/wp-json\/wp\/v2\/categories?post=18790"},{"taxonomy":"post_tag","embeddable":true,"href":"http:\/\/www.pedromigao.com.br\/ourodetolo\/wp-json\/wp\/v2\/tags?post=18790"}],"curies":[{"name":"wp","href":"https:\/\/api.w.org\/{rel}","templated":true}]}}