{"id":18722,"date":"2013-08-30T13:49:44","date_gmt":"2013-08-30T16:49:44","guid":{"rendered":"http:\/\/www.pedromigao.com.br\/ourodetolo\/?p=18722"},"modified":"2013-08-30T09:15:40","modified_gmt":"2013-08-30T12:15:40","slug":"final-de-semana-a-demanda-da-cubango-e-vencer","status":"publish","type":"post","link":"http:\/\/www.pedromigao.com.br\/ourodetolo\/2013\/08\/final-de-semana-a-demanda-da-cubango-e-vencer\/","title":{"rendered":"Final de Semana &#8211; &#8220;A Demanda da Cubango \u00e9&#8230; vencer&#8221;"},"content":{"rendered":"<p style=\"text-align: justify;\">No pr\u00f3ximo domingo a coluna do compositor Aloisio Villar vai falar sobre os sambas concorrentes para o carnaval de 2014, cujas disputas est\u00e3o em andamento. Tamb\u00e9m andei ouvindo concorrentes de diversas escolas nas \u00faltimas semanas, desde que as composi\u00e7\u00f5es come\u00e7aram a ser liberadas.<\/p>\n<p style=\"text-align: justify;\">Obviamente o grande samba do carnaval ser\u00e1 a reedi\u00e7\u00e3o de &#8220;Os Sert\u00f5es&#8221; (para mim o maior samba enredo de todos os tempos) pela Em Cima da Hora em seu retorno \u00e0 Sapuca\u00ed, mas do que ouvi entre Grupos Especial e de Acesso (excetuando-se a Portela, sobre composi\u00e7\u00f5es n\u00e3o darei opini\u00e3o apesar de ter ouvido os sambas) apresento aqui aquele que considero o grande samba in\u00e9dito do ano: o concorrente da Acad\u00eamicos do Cubango da parceria de Lequinho, Sardinha e outros.<\/p>\n<p style=\"text-align: justify;\">O enredo &#8211; <em>&#8220;Uma Epopeia Africana&#8221;<\/em> &#8211; tem tem\u00e1tica afro e este tipo de tema sempre costuma resultar em excelentes sambas. E n\u00e3o deu outra: a parceria comp\u00f4s um samba forte, um chamamento \u00e0 luta. Destaque para o refr\u00e3o do meio, que \u00e9 adapta\u00e7\u00e3o de um ponto de Umbanda e do qual tirei o t\u00edtulo deste post. At\u00e9 para mim que n\u00e3o sou da religi\u00e3o \u00e9 emocionante.<\/p>\n<p style=\"text-align: justify;\">A prop\u00f3sito, que fique claro que n\u00e3o conhe\u00e7o os autores do samba. Ao contr\u00e1rio: n\u00e3o gosto muito da linha dos sambas do compositor Lequinho na Mangueira e em outras escolas, mas neste acertou-se em cheio. N\u00e3o conhe\u00e7o os pormenores da disputa da escola, mas se for o vencedor na disputa interna tem tudo para encerrar em alt\u00edssimo n\u00edvel os desfiles do Acesso &#8211; a Cubango ser\u00e1 a \u00faltima a desfilar, j\u00e1 na manh\u00e3 do domingo de carnaval.<\/p>\n<p style=\"text-align: justify;\"><a href=\"http:\/\/www.pedromigao.com.br\/ourodetolo\/wp-content\/uploads\/2013\/08\/Cubango-2014-Parceria-de-Sardinha.mp3\">Cubango 2014 &#8211; Parceria de Sardinha<\/a><\/p>\n<p style=\"text-align: justify;\">Acima o leitor pode ouvir o \u00e1udio e, abaixo, a letra:<\/p>\n<p>Autores: Sardinha \/ Gustavo Soares \/ Diego Moura \/ Deigre Silva \/ Junior Fionda \/ Igor Leal<br \/>\nInt\u00e9rprete: Diego Nicolau<\/p>\n<p><em>quando ressoarem os tambores<\/em><br \/>\n<em> pra louvar Orunmil\u00e1<\/em><br \/>\n<em> mostro a for\u00e7a da minha cor<\/em><br \/>\n<em> e o ax\u00e9 dos meus orix\u00e1s<\/em><br \/>\n<em> \u00c1frica, mist\u00e9rios e magias<\/em><br \/>\n<em> livre no bailar dos animais<\/em><br \/>\n<em> brilhou da natureza<\/em><br \/>\n<em> fonte de riquezas minerais<\/em><br \/>\n<em> firma na f\u00e9 pra espantar o mal<\/em><br \/>\n<em> vai come\u00e7ar o ritual<\/em><\/p>\n<p><strong><em>atot\u00f4 Obalua\u00ea, atot\u00f4 Bab\u00e1<\/em><\/strong><br \/>\n<strong><em> tem batuque no xir\u00ea, chama pra dan\u00e7ar<\/em><\/strong><br \/>\n<strong><em> atot\u00f4 bab\u00e1, atot\u00f4 Obalua\u00ea<\/em><\/strong><br \/>\n<strong><em> a demanda da Cubango \u00e9\u2026 vencer<\/em><\/strong><\/p>\n<p><em>da opress\u00e3o \u00e0 dor da senzala<\/em><br \/>\n<em> a voz de Nelson Mandela ecoou<\/em><br \/>\n<em> liberdade raiou, igualdade entre irm\u00e3os<\/em><br \/>\n<em> negro dan\u00e7a, joga capoeira<\/em><br \/>\n<em> a heran\u00e7a desse ch\u00e3o<\/em><br \/>\n<em> sou a pele negra \u00e0 brilhar<\/em><br \/>\n<em> eu tenho a arte de sambar<\/em><br \/>\n<em> pulsando em cada cora\u00e7\u00e3o<\/em><br \/>\n<em> sou da pele negra<\/em><br \/>\n<em> portal de tantos carnavais<\/em><br \/>\n<em> eternizando o legado dos meus ancestrais<\/em><\/p>\n<p><strong><em>bate no tambor, \u00f4\u00f4\u00f4<\/em><\/strong><br \/>\n<strong><em> canta pra saudar, Alafi\u00e1<\/em><\/strong><br \/>\n<strong><em> nessa kizomba, eu sou Cubango<\/em><\/strong><br \/>\n<strong><em> reflete o negro no meu manto verde e branco&#8221;<\/em><\/strong><\/p>\n<p>http:\/\/www.youtube.com\/watch?v=3cK3Xlbs28c<\/p>\n","protected":false},"excerpt":{"rendered":"<p>No pr\u00f3ximo domingo a coluna do compositor Aloisio Villar vai falar sobre os sambas concorrentes para o carnaval de 2014, cujas disputas est\u00e3o em andamento.Tour Details<\/p>\n","protected":false},"author":2,"featured_media":0,"comment_status":"open","ping_status":"open","sticky":false,"template":"","format":"standard","meta":{"footnotes":""},"categories":[289],"tags":[18,341,140,19,40,15],"class_list":["post-18722","post","type-post","status-publish","format-standard","hentry","category-pedro-migao","tag-carnaval","tag-carnaval-2014","tag-cubango","tag-escolas-de-samba","tag-final-de-semana","tag-musica"],"_links":{"self":[{"href":"http:\/\/www.pedromigao.com.br\/ourodetolo\/wp-json\/wp\/v2\/posts\/18722","targetHints":{"allow":["GET"]}}],"collection":[{"href":"http:\/\/www.pedromigao.com.br\/ourodetolo\/wp-json\/wp\/v2\/posts"}],"about":[{"href":"http:\/\/www.pedromigao.com.br\/ourodetolo\/wp-json\/wp\/v2\/types\/post"}],"author":[{"embeddable":true,"href":"http:\/\/www.pedromigao.com.br\/ourodetolo\/wp-json\/wp\/v2\/users\/2"}],"replies":[{"embeddable":true,"href":"http:\/\/www.pedromigao.com.br\/ourodetolo\/wp-json\/wp\/v2\/comments?post=18722"}],"version-history":[{"count":1,"href":"http:\/\/www.pedromigao.com.br\/ourodetolo\/wp-json\/wp\/v2\/posts\/18722\/revisions"}],"predecessor-version":[{"id":18725,"href":"http:\/\/www.pedromigao.com.br\/ourodetolo\/wp-json\/wp\/v2\/posts\/18722\/revisions\/18725"}],"wp:attachment":[{"href":"http:\/\/www.pedromigao.com.br\/ourodetolo\/wp-json\/wp\/v2\/media?parent=18722"}],"wp:term":[{"taxonomy":"category","embeddable":true,"href":"http:\/\/www.pedromigao.com.br\/ourodetolo\/wp-json\/wp\/v2\/categories?post=18722"},{"taxonomy":"post_tag","embeddable":true,"href":"http:\/\/www.pedromigao.com.br\/ourodetolo\/wp-json\/wp\/v2\/tags?post=18722"}],"curies":[{"name":"wp","href":"https:\/\/api.w.org\/{rel}","templated":true}]}}