{"id":18680,"date":"2013-08-29T06:40:36","date_gmt":"2013-08-29T09:40:36","guid":{"rendered":"http:\/\/www.pedromigao.com.br\/ourodetolo\/?p=18680"},"modified":"2013-08-27T15:13:10","modified_gmt":"2013-08-27T18:13:10","slug":"filho-prodigo-uma-casa-sem-bem-estar","status":"publish","type":"post","link":"http:\/\/www.pedromigao.com.br\/ourodetolo\/2013\/08\/filho-prodigo-uma-casa-sem-bem-estar\/","title":{"rendered":"Filho Pr\u00f3digo &#8211; &#8220;Uma Casa sem bem estar&#8221;"},"content":{"rendered":"<p style=\"text-align: justify;\">Temos mais uma estreia neste Ouro de Tolo: <strong>\u00e9 a &#8220;Filho Pr\u00f3digo&#8221;, assinada pelo ca\u00e7ula do time de colunistas, o estudante Leonardo Dahi<\/strong>. Ser\u00e1 quinzenal e ir\u00e1 abordar assuntos variados. Na estreia oficial Dahi analisa\u00a0 a quest\u00e3o dos menores infratores &#8211; j\u00e1 tema de <a href=\"http:\/\/www.pedromigao.com.br\/ourodetolo\/2012\/12\/sobre-a-reducao-da-maioridade-penal\/\" target=\"_blank\"><span style=\"color: #ff6600;\">artigos de minha autoria<\/span><\/a> e do colunista <a href=\"http:\/\/www.pedromigao.com.br\/ourodetolo\/2013\/05\/bissexta-sede-de-vinganca-a-inspiracao-da-reducao-da-maioridade-penal\/\" target=\"_blank\"><span style=\"color: #ff6600;\">Walter Monteiro<\/span><\/a> &#8211; a partir de recente mat\u00e9ria televisiva.<\/p>\n<p style=\"text-align: justify;\"><span style=\"text-decoration: underline;\"><em><b>Uma Casa sem bem estar<\/b><\/em><\/span><\/p>\n<p style=\"text-align: justify;\">Antes de mais nada, como este \u00e9 o meu primeiro texto como integrante de fato do Ouro de Tolo, gostaria de me apresentar, bem como de agradecer ao Pedro Mig\u00e3o, dono deste espa\u00e7o, pela oportunidade de estar aqui com voc\u00eas de 15 em 15 dias.<\/p>\n<p style=\"text-align: justify;\">Meu nome \u00e9 Leonardo Dahi, tenho 14 anos, pretendo ser jornalista, sou corinthiano e mangueirense. <a href=\"http:\/\/www.pedromigao.com.br\/ourodetolo\/2013\/06\/a-fifa-e-o-novo-maracana-por-leonardo-dahi\/\" target=\"_blank\"><span style=\"color: #ff6600;\">J\u00e1 escrevi um texto para este blog relatando minhas experi\u00eancias de espectador na Copa das Confedera\u00e7\u00f5es<\/span><\/a> e, nesta coluna, pretendo tratar de assuntos cotidianos em geral. O futebol e o carnaval, por\u00e9m, devem estar sempre na pauta, visto que s\u00e3o minhas grandes paix\u00f5es desde que me entendo por gente.<\/p>\n<p style=\"text-align: justify;\">O texto de estreia, contudo, foge \u00e0 esta regra.<\/p>\n<p style=\"text-align: justify;\">Semana passada, o Fant\u00e1stico exibiu uma reportagem que denunciava a extrema viol\u00eancia de alguns funcion\u00e1rios do que hoje \u00e9 a Funda\u00e7\u00e3o Casa, antiga Febem, contra os presidi\u00e1rios. Presos eram agredidos covardemente, sem a menor chance de defesa. Humilhados com palavras duras de gente que deveria estar l\u00e1 para cuidar destas pessoas.<\/p>\n<p style=\"text-align: justify;\">Todo preso \u00e9 um caso delicado, mas quando \u00e9 uma crian\u00e7a, \u00e9 ainda pior. Se n\u00e3o houver 100% de cuidado, as chances de recupera\u00e7\u00e3o s\u00e3o nulas.<\/p>\n<p style=\"text-align: justify;\">A sigla Febem, a mais famosa pris\u00e3o para menores, significa Funda\u00e7\u00e3o Estadual do <b>Bem Estar <\/b>do Menor. S\u00f3 que ela nunca existiu em prol desse menor, muito menos de seu bem estar. Nunca se pensou em recuperar uma crian\u00e7a infratora, mas sim em lhe dar uma p\u00f3s-gradua\u00e7\u00e3o no mundo do crime. E todo mundo sabe que, no Brasil, criminoso vive apanhando. Logo, que j\u00e1 aprenda isso desde cedo.<\/p>\n<p style=\"text-align: justify;\">E esse tratamento ocorre tamb\u00e9m porque nossa sociedade, se n\u00e3o apoia, \u00e9 indiferente \u00e0 essa situa\u00e7\u00e3o. \u00c9 uma realidade distante da maioria, mas que incomoda a todos e, por isso \u00e9 deixada de lado por muitos. As pessoas se chocam por 10 minutos durante a reportagem, se emocionam por duas horas ao ver filmes como \u201c\u00daltima Parada 174\u201d, que retratam exatamente a situa\u00e7\u00e3o de jovens que praticamente n\u00e3o tiveram escolha na vida e entraram para o crime. Mas, quando o filme acaba, voltam a se isolar desse mundo, a abandonar essa briga.<\/p>\n<p style=\"text-align: justify;\">Isso quando n\u00e3o se posiciona abertamente a favor da viol\u00eancia. N\u00e3o \u00e9 raro ver apresentadores de TV, com seu poder de influ\u00eancia defendendo a pena de morte em rede nacional cinco horas da tarde, como se isso, matar algu\u00e9m, fosse a coisa mais simples do mundo. Ainda dizem que nossa Justi\u00e7a \u00e9 frouxa, que bandido n\u00e3o tem medo da Pol\u00edcia. Ora, se at\u00e9 n\u00f3s, &#8216;Amarildos&#8217; que nada devemos, temos medo, como os bandidos n\u00e3o tem?<\/p>\n<p style=\"text-align: justify;\">Nada justifica o fato de algu\u00e9m entrar para o crime, tomar coisas de algu\u00e9m, muito menos matar. Quem faz, tem que pagar. Mas ser\u00e1 que voc\u00ea, defensor da pena de morte e da porrada generalizada, teria sido uma das raras exce\u00e7\u00f5es a n\u00e3o entrar para o crime se tivesse a vida que esses marginais tiveram?<\/p>\n<p style=\"text-align: justify;\">\u00c9 muito f\u00e1cil eu chegar aqui e dizer que, se um dia eu for parar na rua, jamais cederei \u00e0 bandidagem. Pode at\u00e9 ser verdade, mas \u00e9 dif\u00edcil afirmar com certeza. Gra\u00e7as a Deus, eu \u2013 e imagino que a maioria dos leitores \u2013 nunca estivemos nessa situa\u00e7\u00e3o, com fome, frio, sem ter o que vestir, nem comer, e vendo no crime a nossa \u00fanica salva\u00e7\u00e3o. \u00c9 uma situa\u00e7\u00e3o muito complicada para ser julgada com tamanha frieza &#8211; vai saber o que se passa na cabe\u00e7a nessas horas.<\/p>\n<p style=\"text-align: justify;\">Insisto: quem comete crimes, deve pagar por eles de acordo com a Lei (que, ali\u00e1s, n\u00e3o d\u00e1 a ningu\u00e9m o direito de bater nas pessoas). Nossas pris\u00f5es, inclusive, est\u00e3o totalmente erradas. Febem ou adulta, elas jamais pensam em recupera\u00e7\u00e3o. Pois o ideal de pris\u00e3o deveria ser justamente esse: um lugar onde o infrator veja que a sociedade ainda confia nele e em sua reden\u00e7\u00e3o, onde ele aprenda coisas novas, amplie seus horizontes, tenha a esperan\u00e7a de um futuro melhor quando aquele Inferno acabar (por melhor que seja, pris\u00e3o nunca \u00e9 e nem deve ser uma coisa legal).<\/p>\n<p style=\"text-align: justify;\">E isso tamb\u00e9m depende de todos n\u00f3s, que ainda vemos ex-presidi\u00e1rios como algu\u00e9m que, cedo ou tarde, ir\u00e1 aprontar e relutamos em lhe dar uma nova chance em nossos estabelecimentos comerciais, para ficar em um exemplo simples.<\/p>\n<p style=\"text-align: justify;\">L\u00f3gico que existe \u201csangue ruim\u201d, \u201cpau que nasce torto\u201d aos montes, mas n\u00e3o d\u00e1 para toma-los como regra e, honestamente, nem como maioria. Isso \u00e9 reconhecer um fracasso do ser humano que meu lado Poliana n\u00e3o consegue enxergar.<\/p>\n<p style=\"text-align: justify;\">N\u00e3o \u00e9 preciso ensinar viol\u00eancia para jovens e velhos infratores, pois isso a maioria j\u00e1 aprendeu a vida toda. \u00c9 preciso lhes ensinar algo diferente, pois \u00e9 un\u00e2nime o pensamento de que desse jeito n\u00e3o deu certo. E essa mudan\u00e7a vai muito al\u00e9m de transformar o \u201cbem estar\u201d em uma \u201ccasa\u201d.<\/p>\n<p style=\"text-align: justify;\"><em>(Foto: Nair Benedicto)<\/em><\/p>\n","protected":false},"excerpt":{"rendered":"<p>Temos mais uma estreia neste Ouro de Tolo: \u00e9 a &#8220;Filho Pr\u00f3digo&#8221;, assinada pelo ca\u00e7ula do time de colunistas, o estudante Leonardo Dahi. Ser\u00e1 quinzenalTour Details<\/p>\n","protected":false},"author":2,"featured_media":0,"comment_status":"open","ping_status":"open","sticky":false,"template":"","format":"standard","meta":{"footnotes":""},"categories":[351],"tags":[25,26,27],"class_list":["post-18680","post","type-post","status-publish","format-standard","hentry","category-filho-prodigo","tag-judiciario","tag-policia","tag-sociedade"],"_links":{"self":[{"href":"http:\/\/www.pedromigao.com.br\/ourodetolo\/wp-json\/wp\/v2\/posts\/18680","targetHints":{"allow":["GET"]}}],"collection":[{"href":"http:\/\/www.pedromigao.com.br\/ourodetolo\/wp-json\/wp\/v2\/posts"}],"about":[{"href":"http:\/\/www.pedromigao.com.br\/ourodetolo\/wp-json\/wp\/v2\/types\/post"}],"author":[{"embeddable":true,"href":"http:\/\/www.pedromigao.com.br\/ourodetolo\/wp-json\/wp\/v2\/users\/2"}],"replies":[{"embeddable":true,"href":"http:\/\/www.pedromigao.com.br\/ourodetolo\/wp-json\/wp\/v2\/comments?post=18680"}],"version-history":[{"count":0,"href":"http:\/\/www.pedromigao.com.br\/ourodetolo\/wp-json\/wp\/v2\/posts\/18680\/revisions"}],"wp:attachment":[{"href":"http:\/\/www.pedromigao.com.br\/ourodetolo\/wp-json\/wp\/v2\/media?parent=18680"}],"wp:term":[{"taxonomy":"category","embeddable":true,"href":"http:\/\/www.pedromigao.com.br\/ourodetolo\/wp-json\/wp\/v2\/categories?post=18680"},{"taxonomy":"post_tag","embeddable":true,"href":"http:\/\/www.pedromigao.com.br\/ourodetolo\/wp-json\/wp\/v2\/tags?post=18680"}],"curies":[{"name":"wp","href":"https:\/\/api.w.org\/{rel}","templated":true}]}}