{"id":18653,"date":"2013-08-28T06:54:55","date_gmt":"2013-08-28T09:54:55","guid":{"rendered":"http:\/\/www.pedromigao.com.br\/ourodetolo\/?p=18653"},"modified":"2013-08-27T15:55:04","modified_gmt":"2013-08-27T18:55:04","slug":"o-racismo-nao-visto-versao-2013","status":"publish","type":"post","link":"http:\/\/www.pedromigao.com.br\/ourodetolo\/2013\/08\/o-racismo-nao-visto-versao-2013\/","title":{"rendered":"O racismo n\u00e3o visto (vers\u00e3o 2013)"},"content":{"rendered":"<p style=\"text-align: justify;\">O leitor mais atento do Ouro de Tolo j\u00e1 deve ter percebido que levo uma vida t\u00edpica de classe m\u00e9dia brasileira, mais em termos de consumo e menos em termos de sentimento de classe.<\/p>\n<p style=\"text-align: justify;\">Fa\u00e7o esta introdu\u00e7\u00e3o porque minhas filhas estudam em um col\u00e9gio carioca t\u00edpico de classe m\u00e9dia \u2013 embora cobre mensalidades de Ipanema, mas esta \u00e9 outra hist\u00f3ria \u2013 e s\u00e1bado passado foi a chamada &#8220;Festa da Fam\u00edlia&#8221;.<\/p>\n<p style=\"text-align: justify;\">Esta \u00e9 mais uma das &#8216;modernidades&#8217; da educa\u00e7\u00e3o atual: ao inv\u00e9s de se fazer as festas de Dia das M\u00e3es e Dia dos Pais, faz-se um \u00fanico evento a fim de &#8220;atender \u00e0s novas formas familiares&#8221;. Em um s\u00e1bado, bem cedo, as turmas por ordem de s\u00e9rie fazem a sua homenagem aos familiares. O direcionamento do evento claramente supervaloriza o papel da m\u00e3e e subvaloriza o do pai, mas esta \u00e9 outra hist\u00f3ria.<\/p>\n<p style=\"text-align: justify;\">Antes de abordar o tema deste post, lembro que frequento pouco a vida escolar das minhas filhas no col\u00e9gio em si, porque os hor\u00e1rios delas n\u00e3o combinam com os meus de trabalho. Ent\u00e3o somente convivo com as pessoas das turmas delas ou nas festinhas infantis ou ent\u00e3o nestas oportunidades.<\/p>\n<p style=\"text-align: justify;\">Pois \u00e9. Calculo eu que pelo menos no espa\u00e7o de tempo em que estive na festa, acompanhando as solenidades da primeira e da segunda s\u00e9rie do Ensino Fundamental (onde minhas filhas estudam) circularam umas seiscentas pessoas pelo espa\u00e7o do col\u00e9gio. E algo que me chamou muito a aten\u00e7\u00e3o: n\u00e3o havia sequer um \u00fanico aluno negro neste universo amostral.<\/p>\n<p style=\"text-align: justify;\">Leitores, isso mesmo: nenhum. Nem mesmo mulatos viam-se, com muita boa vontade conseguiria classificar um \u00fanico aluno como tal nas duas s\u00e9ries somadas. Entre os pais de alunos claramente identificados como tal consegui distinguir um \u00fanico mulato, nenhum negro. Isso em um universo amostral de uns 100 alunos, talvez.<\/p>\n<p style=\"text-align: justify;\">A turma da minha filha mais velha tem uma menina que tem ascend\u00eancia e tra\u00e7os \u00e1rabes, a m\u00e3e dela tamb\u00e9m \u00e9 mulata, mas ela mesma \u00e9 branca. J\u00e1 a da minha mais nova nem isso.<\/p>\n<p style=\"text-align: justify;\">Quero chamar a aten\u00e7\u00e3o para o fato de que o racismo no Brasil \u00e9 algo que permeia de tal maneira a sociedade que \u00e9 considerado \u201cnatural\u201d \u2013 e por isso mesmo, n\u00e3o \u00e9 visto como racismo. A sociedade em geral considera \u201cnormal\u201d um col\u00e9gio de classe m\u00e9dia com mil, mil e quinhentos alunos, e nenhum, ou poucos deles, negros.<\/p>\n<p style=\"text-align: justify;\">Aos negros s\u00e3o reservadas posi\u00e7\u00f5es subalternas e de menor remunera\u00e7\u00e3o. Isso na festa estava claro. Os seguran\u00e7as, por exemplo, eram quase todos mulatos e negros. Ou seja, \u00e9 um bom microcosmo de nossa sociedade.<\/p>\n<p style=\"text-align: justify;\">Minha avalia\u00e7\u00e3o \u00e9 que o racismo no Brasil se expressa justamente na desigualdade de oportunidades. Os negros j\u00e1 saem em desvantagem na corrida por melhores posi\u00e7\u00f5es na sociedade, desde o nascimento. Ainda quando se consegue romper este in\u00edcio desigual negros em posi\u00e7\u00f5es de destaque n\u00e3o s\u00e3o vistos da mesma forma que se brancos fossem.<\/p>\n<p style=\"text-align: justify;\">Um bom exemplo disso \u00e9 o Ministro do Supremo Tribunal Federal Joaquim Barbosa, que apesar de alguns s\u00e9rios defeitos \u00e9 muito mais cobrado, em especial pela imprensa, que seus pares no Tribunal. A \u00fanica explica\u00e7\u00e3o que encontro \u00e9 por ser negro.<\/p>\n<p style=\"text-align: justify;\">O leitor pode afirmar, com raz\u00e3o, que o preconceito no Brasil \u00e9 de classe ou renda, n\u00e3o de cor. Entretanto, n\u00e3o se pode olvidar que percentualmente o n\u00famero de negros entre os pobres \u00e9 maior, muito maior que entre os de melhor situa\u00e7\u00e3o financeira. Ou seja, a chance de um pobre ser negro \u00e9 muito maior que ser branco \u2013 e o racioc\u00ednio inverso se aplica \u00e0 medida que se sobe nos extratos de renda familiar.<\/p>\n<p style=\"text-align: justify;\">Poderia sofisticar o argumento colocando uma raz\u00e3o hist\u00f3rica: que desde a Lei \u00c1urea os negros se integraram \u00e0 sociedade em condi\u00e7\u00f5es desvantajosas tanto em termos educacionais como de renda. \u00c9 uma vis\u00e3o, mas a meu ver n\u00e3o existem determinismos hist\u00f3ricos: a realidade pode e deve ser transformada. Esta hist\u00f3ria de que \u201cnegro \u00e9 pobre e assim deve continuar\u201d n\u00e3o cola, embora venha sido reproduzida com uma virul\u00eancia ainda maior por extratos de classe m\u00e9dia e parte da imprensa ultimamente.<\/p>\n<p style=\"text-align: justify;\">Racismo no Brasil n\u00e3o \u00e9 chamar de \u201cmacaco\u201d, segregar por cores as entradas de edif\u00edcios ou pensar que \u201ctodo preto \u00e9 ladr\u00e3o\u201d. Esta \u00e9 a face vis\u00edvel e francamente minorit\u00e1ria. Por outro lado, mais f\u00e1cil de combater, porque \u00e9 aberta.<\/p>\n<p style=\"text-align: justify;\">Racismo no Brasil \u00e9 ver uma turma de crian\u00e7as de classe m\u00e9dia em um col\u00e9gio e n\u00e3o haver uma \u00fanica negra. \u00c9 olhar em um sal\u00e3o com umas 30 pessoas de uma grande empresa, todas com empregos acima da m\u00e9dia brasileira, e s\u00f3 haver dois mulatos. Isso para n\u00e3o falar do corpo gerencial \u2013 e olha que a empresa em quest\u00e3o \u00e9 uma das mais empenhadas em promover a\u00e7\u00f5es afirmativas.<\/p>\n<p style=\"text-align: justify;\">N\u00e3o precisa ir muito longe: basta ver o n\u00famero de negros em comerciais de televis\u00e3o, por exemplo, ou em pap\u00e9is de destaque em novelas e mesmo na imprensa. Ou mesmo as plateias dos est\u00e1dios da recente Copa das Confedera\u00e7\u00f5es (foto, na final), formada quase que integralmente por pessoas brancas &#8211; at\u00e9 em Salvador, cidade com presen\u00e7a negra forte, isso ocorreu.<\/p>\n<p style=\"text-align: justify;\">Ou seja, o racismo no Brasil \u00e9 de oportunidades.<\/p>\n<p style=\"text-align: justify;\">Esta an\u00e1lise leva necessariamente \u00e0 quest\u00e3o das cotas. Quem \u00e9 contra se utiliza basicamente de um argumento: que a sociedade brasileira n\u00e3o \u00e9 racista e que, por isso, n\u00e3o precisa haver a\u00e7\u00f5es afirmativas. \u201cBasta os negros estudarem e ponto\u201d, este \u00e9 o argumento.<\/p>\n<p style=\"text-align: justify;\">Contudo, o quadro que mostro acima denota claramente que precisa haver a\u00e7\u00f5es equalizadoras a fim de que no futuro haja as mesmas oportunidades para brancos e negros, rendas mais altas e rendas mais baixas. Qualquer a\u00e7\u00e3o afirmativa envolve algum tipo de \u201cdesigualdade\u201d menor que vise corrigir a desigualdade maior. Este \u00e9 o princ\u00edpio.<\/p>\n<p style=\"text-align: justify;\">Obviamente, \u00e0queles que individualmente ser\u00e3o prejudicados formar\u00e3o grupos de press\u00e3o para fazer valer seus interesses pr\u00f3prios acima dos coletivos. Quem est\u00e1 acostumado a ganhar tem dificuldade a ceder, no m\u00ednimo que seja. De certa forma a campanha incessante contra o atual governo feita por setores das classes altas e pela imprensa tem muito deste componente.<\/p>\n<p style=\"text-align: justify;\">Um bom exemplo disso s\u00e3o as demonstra\u00e7\u00f5es de racismo expl\u00edcitas dadas por m\u00e9dicos brasileiros &#8211; praticamente 100% brancos &#8211; contra os cubanos que est\u00e3o chegando para trabalhar onde os m\u00e9dicos brasileiros n\u00e3o querem ir, quase todos negros. O epis\u00f3dio desta semana ocorrido em Fortaleza, onde m\u00e9dicos brasileiros vaiaram os rec\u00e9m chegados, demonstra uma insensibilidade e um fascismo assustadores. por outro lado traz \u00e0 tona algo que muitas vezes, como demonstro aqui, est\u00e1 submerso na hipocrisia das rela\u00e7\u00f5es sociais. N\u00e3o deixa de ser salutar.<\/p>\n<p style=\"text-align: justify;\">Que fique claro que acho razo\u00e1vel haver cotas por renda e dentro destas, para negros. At\u00e9 pela minha pr\u00f3pria hist\u00f3ria: quantos \u201cMig\u00f5es\u201d n\u00e3o ficaram pelo caminho? Minha hist\u00f3ria, no momento em que a empreendi, era solit\u00e1ria: hoje vemos muitos jovens ascendendo socialmente.<\/p>\n<p style=\"text-align: justify;\">Lembrando sempre que por mais que haja a\u00e7\u00f5es deste tipo o desequil\u00edbrio ainda ir\u00e1 perdurar por gera\u00e7\u00f5es.<\/p>\n<p style=\"text-align: justify;\">Por outro lado, em certas posi\u00e7\u00f5es e certos momentos acho importante que se nomeiem negros a fim de marcar uma a\u00e7\u00e3o afirmativa: um Ministro do Superior Tribunal Federal, por exemplo, ou o presidente de uma grande empresa.<\/p>\n<p style=\"text-align: justify;\">Finalizo lembrando uma vez mais que o pior racismo \u00e9 aquele considerado como o \u201cestado natural das coisas\u201d, da forma que ocorre aqui no Brasil. \u00c9 o mais dif\u00edcil de combater \u2013 e ainda gera livros de intelectual\u00f3ides de extrema direita defendendo que o racismo n\u00e3o existe no Brasil. Existe sim.<\/p>\n<p style=\"text-align: justify;\">Basta olhar uma sala de aula de um bom col\u00e9gio privado.<\/p>\n<p style=\"text-align: justify;\"><em>(P.S. &#8211; esta \u00e9 vers\u00e3o revisada e atualizada de post que escrevi ano passado. Infelizmente, continua atual)<\/em><\/p>\n","protected":false},"excerpt":{"rendered":"<p>O leitor mais atento do Ouro de Tolo j\u00e1 deve ter percebido que levo uma vida t\u00edpica de classe m\u00e9dia brasileira, mais em termos deTour Details<\/p>\n","protected":false},"author":2,"featured_media":0,"comment_status":"open","ping_status":"open","sticky":false,"template":"","format":"standard","meta":{"footnotes":""},"categories":[289],"tags":[24,27,6],"class_list":["post-18653","post","type-post","status-publish","format-standard","hentry","category-pedro-migao","tag-politica","tag-sociedade","tag-vida-cotidiana"],"_links":{"self":[{"href":"http:\/\/www.pedromigao.com.br\/ourodetolo\/wp-json\/wp\/v2\/posts\/18653","targetHints":{"allow":["GET"]}}],"collection":[{"href":"http:\/\/www.pedromigao.com.br\/ourodetolo\/wp-json\/wp\/v2\/posts"}],"about":[{"href":"http:\/\/www.pedromigao.com.br\/ourodetolo\/wp-json\/wp\/v2\/types\/post"}],"author":[{"embeddable":true,"href":"http:\/\/www.pedromigao.com.br\/ourodetolo\/wp-json\/wp\/v2\/users\/2"}],"replies":[{"embeddable":true,"href":"http:\/\/www.pedromigao.com.br\/ourodetolo\/wp-json\/wp\/v2\/comments?post=18653"}],"version-history":[{"count":1,"href":"http:\/\/www.pedromigao.com.br\/ourodetolo\/wp-json\/wp\/v2\/posts\/18653\/revisions"}],"predecessor-version":[{"id":18655,"href":"http:\/\/www.pedromigao.com.br\/ourodetolo\/wp-json\/wp\/v2\/posts\/18653\/revisions\/18655"}],"wp:attachment":[{"href":"http:\/\/www.pedromigao.com.br\/ourodetolo\/wp-json\/wp\/v2\/media?parent=18653"}],"wp:term":[{"taxonomy":"category","embeddable":true,"href":"http:\/\/www.pedromigao.com.br\/ourodetolo\/wp-json\/wp\/v2\/categories?post=18653"},{"taxonomy":"post_tag","embeddable":true,"href":"http:\/\/www.pedromigao.com.br\/ourodetolo\/wp-json\/wp\/v2\/tags?post=18653"}],"curies":[{"name":"wp","href":"https:\/\/api.w.org\/{rel}","templated":true}]}}