{"id":18119,"date":"2013-06-30T08:20:31","date_gmt":"2013-06-30T11:20:31","guid":{"rendered":"http:\/\/www.pedromigao.com.br\/ourodetolo\/?p=18119"},"modified":"2013-06-26T13:29:58","modified_gmt":"2013-06-26T16:29:58","slug":"orun-aye-o-rock-da-direita","status":"publish","type":"post","link":"http:\/\/www.pedromigao.com.br\/ourodetolo\/2013\/06\/orun-aye-o-rock-da-direita\/","title":{"rendered":"Orun Ay\u00e9 &#8211; &#8220;O Rock da Direita&#8221;"},"content":{"rendered":"<p style=\"text-align: justify;\">Neste domingo de final da Copa das Confedera\u00e7\u00f5es, <strong>a coluna &#8220;Orun Ay\u00e9&#8221;, do compositor Aloisio Villar<\/strong>, analisa um fen\u00f4meno curioso: o rock brasileiro a servi\u00e7o do conservadorismo.<\/p>\n<p style=\"text-align: justify;\"><span style=\"text-decoration: underline;\"><em><strong>O Rock da Direita<\/strong><\/em><\/span><\/p>\n<p style=\"text-align: justify;\">A juventude sempre foi revolucion\u00e1ria, transgressora, libert\u00e1ria, ousada. Ser jovem \u00e9 querer mudar o mundo, acabar com o sistema vigente. Paz, amor e um pouco de rock`. Roll. \u201cGive peace a chance\u201d, \u201co sonho n\u00e3o acabou\u201d e v\u00e1rias frases de efeito que passam a cada gera\u00e7\u00e3o e demonstram o sentimento do jovem.<\/p>\n<p style=\"text-align: justify;\">Jovem gosta de curtir, amar, viajar e gosta principalmente de m\u00fasica. Escolheu o rock pra lhe representar. Rock que \u00e9 jovem em sua ess\u00eancia, canta o que a juventude quer ouvir. \u00c9 rebelde, anti-sistema, assusta os mais velhos, dizem que \u00e9 \u201ccoisa do diabo\u201d.<\/p>\n<p style=\"text-align: justify;\">S\u00f3 ver por suas maiores refer\u00eancias. Eu costumo dizer que o roqueiro que envelhece \u00e9 um fracassado, e a brincadeira tem um pouco de verdade. Os grandes nomes da hist\u00f3ria do rock como John Lennon, Jim Morrisson, Jimi Hendrix, Janis Joplin, os recentes Kurt Cobain e Amy Winehouse e os nacionais Cazuza e Renato Russo morreram jovens. Nem todos conseguem envelhecer com alma roqueira como Paul McCartney, Mick Jagger e Keith Richards &#8211; e o Brasil \u00e9 a prova disso.<\/p>\n<p style=\"text-align: justify;\">Nosso pa\u00eds \u00e9 definitivamente um pa\u00eds esquisit\u00e3o. Diz um bord\u00e3o popular, tamb\u00e9m atribu\u00eddo ao falecido Tim Maia, que o Brasil \u00e9 o \u00fanico pa\u00eds do mundo onde traficante se vicia, prostituta goza, cafet\u00e3o se apaixona, d\u00f3lar no paralelo \u00e9 mais barato que no oficial e, a\u00ed incluo, que o rock \u00e9 de direita.<\/p>\n<p style=\"text-align: justify;\">Pois \u00e9&#8230; O rock aqui \u00e9 conservador, reacion\u00e1rio. No mundo todo ele \u00e9 revolucion\u00e1rio, inovador e aqui n\u00e3o. Por qu\u00ea isso acontece? Primeiro temos que reconhecer que o Brasil \u00e9 meio confuso nesse sentido. Meio n\u00e3o, muito. Hoje n\u00e3o sabemos direito o que \u00e9 esquerda e direita aqui.<\/p>\n<p style=\"text-align: justify;\">O PT que sempre foi de esquerda se aliou a partidos e pol\u00edticos por qual tinha rep\u00fadio. PSDB criado pra ser de centro esquerda logo se juntou ao DEM. Os partidos t\u00eam vergonha de se assumir como de direita mesmo usando t\u00e1ticas dela. Sobram partidos como PSTU que nem d\u00e1 pra levar a s\u00e9rio e PSOL que mostram um romantismo que nem sempre \u00e9 compat\u00edvel com a pol\u00edtica de hoje.<\/p>\n<p style=\"text-align: justify;\">Segundo que apesar de existir e reconhe\u00e7o essa exist\u00eancia, \u00e9 mais dif\u00edcil encontrar genialidade na direita. A esquerda sempre foi mais liberta, liberal e criativa ao contr\u00e1rio da mente presa e ultrapassada da direita.<\/p>\n<p style=\"text-align: justify;\">Digo isso porque como eu citei os maiores g\u00eanios do rock nacional que j\u00e1 morreram e pelo menos Cazuza declaradamente era de esquerda. Os que ficaram envelheceram, n\u00e3o tinham a criatividade dos que faleceram e nem a popularidade. Ca\u00edram num abismo de recalque e amargura pelos bons tempos terem passado e eles que cantavam a rea\u00e7\u00e3o, a revolu\u00e7\u00e3o na verdade ainda eram os mesmos e viveram como seus pais &#8211; lembrando assim a famosa can\u00e7\u00e3o de Belchior.<\/p>\n<p style=\"text-align: justify;\">Agem como adolescentes. Como eram nos anos 80 quando cantavam \u201ca gente somos in\u00fatil\u201d, \u201cgarotos n\u00e3o resistem a seus mist\u00e9rios\u201d ou \u201cVento ventania\u201d. Mas envelheceram na alma e na mente. Mudaram o discurso, iriam mudar o mundo e agora assistem a tudo em cima do muro.<\/p>\n<p style=\"text-align: justify;\">Ou fazem pior. Fazem como o lobo mau que s\u00f3 \u00e9 lembrado atualmente pelas besteiras que fala. Ele n\u00e3o tenta mais comer a Chapeuzinho, s\u00f3 repete a velha hist\u00f3ria que comunista come criancinha.<\/p>\n<p style=\"text-align: justify;\">Meus her\u00f3is morreram de overdose e de AIDS, n\u00e3o s\u00e3o reacion\u00e1rios que tocam guitarra. Vai ver por isso a criatividade lhes abandonou porque a criatividade n\u00e3o permite ser mal cuidada, n\u00e3o se permite a pris\u00e3o de id\u00e9ias atrasadas. Curioso pertencermos a um pa\u00eds que velhos fazem m\u00fasica de jovem e n\u00e3o falo de velhos de idade porque se juntar a idade de todos os Stones chegamos \u00e0 era glacial. Mas ver, por exemplo, que a MPB \u00e9 mais jovem que o rock.<\/p>\n<p style=\"text-align: justify;\">S\u00f3 reparar. A MPB, que para muitos \u00e9 m\u00fasica de velho, sempre estava na frente das mudan\u00e7as, dos gritos de protestos desse pa\u00eds. Chico Buarque travestido de Julinho da Adelaide, Chico e Caetano no ex\u00edlio, Geraldo Vandr\u00e9 caminhando e cantando e seguindo a can\u00e7\u00e3o. Foram censurados, apanharam, lutaram para qu\u00ea?<\/p>\n<p style=\"text-align: justify;\">Para os s\u00edmbolos do rock nacional defenderem as for\u00e7as conservadoras, fascistas, aproveitarem e se aproveitarem de manifesta\u00e7\u00f5es nas ruas pra destilar \u00f3dio contra um governo constitu\u00eddo de forma democr\u00e1tica. Usarem um protesto que era contra um todo de forma pol\u00edtica, mesquinha insuflando o \u00f3dio quando o momento pedia serenidade.<\/p>\n<p style=\"text-align: justify;\">N\u00e3o vou citar nomes, n\u00e3o darei essa moral apesar de ter citado trechos de m\u00fasica do tempo que valia a pena ouvir algo vindo deles. Mas quem tem rede social, principalmente twitter sabe bem quem s\u00e3o.<\/p>\n<p style=\"text-align: justify;\">Quer protestar contra governo? Leg\u00edtimo, proteste at\u00e9 porque o rock \u00e9 pra isso, protestar. Mas n\u00e3o se aproveite de um momento que a democracia pode estar em risco para colocar gasolina. Isso vai contra a hist\u00f3ria de voc\u00eas que aproveitaram o come\u00e7o da democracia pra fazer m\u00fasica.<\/p>\n<p style=\"text-align: justify;\">O pior \u00e9 pensar que os roqueiros do s\u00e9culo XXI, seus sucessores, s\u00e3o meninos alienados que usam franjinha, maquiagem, se trancam em quarto escuro tentando cortar os pulsos com prestobarba e acham que dessa forma v\u00e3o mudar o mundo. N\u00e3o v\u00e3o mudar o mundo, no m\u00e1ximo o rock. Acabar com ele.<\/p>\n<p style=\"text-align: justify;\">\u00c9 Cazuza, voc\u00ea faz falta. Chor\u00e3o, Renato Russo, C\u00e1ssia Eller, Raul Seixas&#8230; Que pena. O rock errou.<\/p>\n<p style=\"text-align: justify;\">E a gente somos in\u00fatil.<\/p>\n","protected":false},"excerpt":{"rendered":"<p>Neste domingo de final da Copa das Confedera\u00e7\u00f5es, a coluna &#8220;Orun Ay\u00e9&#8221;, do compositor Aloisio Villar, analisa um fen\u00f4meno curioso: o rock brasileiro a servi\u00e7oTour Details<\/p>\n","protected":false},"author":2,"featured_media":0,"comment_status":"open","ping_status":"open","sticky":false,"template":"","format":"standard","meta":{"footnotes":""},"categories":[8],"tags":[12,15,24,16],"class_list":["post-18119","post","type-post","status-publish","format-standard","hentry","category-orun-aye","tag-cultura","tag-musica","tag-politica","tag-rock"],"_links":{"self":[{"href":"http:\/\/www.pedromigao.com.br\/ourodetolo\/wp-json\/wp\/v2\/posts\/18119","targetHints":{"allow":["GET"]}}],"collection":[{"href":"http:\/\/www.pedromigao.com.br\/ourodetolo\/wp-json\/wp\/v2\/posts"}],"about":[{"href":"http:\/\/www.pedromigao.com.br\/ourodetolo\/wp-json\/wp\/v2\/types\/post"}],"author":[{"embeddable":true,"href":"http:\/\/www.pedromigao.com.br\/ourodetolo\/wp-json\/wp\/v2\/users\/2"}],"replies":[{"embeddable":true,"href":"http:\/\/www.pedromigao.com.br\/ourodetolo\/wp-json\/wp\/v2\/comments?post=18119"}],"version-history":[{"count":0,"href":"http:\/\/www.pedromigao.com.br\/ourodetolo\/wp-json\/wp\/v2\/posts\/18119\/revisions"}],"wp:attachment":[{"href":"http:\/\/www.pedromigao.com.br\/ourodetolo\/wp-json\/wp\/v2\/media?parent=18119"}],"wp:term":[{"taxonomy":"category","embeddable":true,"href":"http:\/\/www.pedromigao.com.br\/ourodetolo\/wp-json\/wp\/v2\/categories?post=18119"},{"taxonomy":"post_tag","embeddable":true,"href":"http:\/\/www.pedromigao.com.br\/ourodetolo\/wp-json\/wp\/v2\/tags?post=18119"}],"curies":[{"name":"wp","href":"https:\/\/api.w.org\/{rel}","templated":true}]}}