{"id":17497,"date":"2013-05-11T09:50:15","date_gmt":"2013-05-11T12:50:15","guid":{"rendered":"http:\/\/www.pedromigao.com.br\/ourodetolo\/?p=17497"},"modified":"2013-05-15T09:45:09","modified_gmt":"2013-05-15T12:45:09","slug":"enredo-do-meu-samba-a-praga","status":"publish","type":"post","link":"http:\/\/www.pedromigao.com.br\/ourodetolo\/2013\/05\/enredo-do-meu-samba-a-praga\/","title":{"rendered":"Enredo do Meu Samba &#8211; &#8220;A Praga&#8221;"},"content":{"rendered":"<p style=\"font-family: Verdana,Arial,Helvetica,sans-serif; text-align: justify;\"><span style=\"color: #000080;\">Neste s\u00e1bado, mais uma edi\u00e7\u00e3o da coluna de contos sambistas do <strong>compositor Aloisio Villar, a &#8220;Enredo do Meu Samba&#8221;<\/strong>.<\/span><\/p>\n<p style=\"font-family: Verdana,Arial,Helvetica,sans-serif; text-align: justify;\"><span style=\"text-decoration: underline;\"><em><strong><span style=\"color: #000080; text-decoration: underline;\">A Praga<\/span><\/strong><\/em><\/span><\/p>\n<p style=\"font-family: Verdana,Arial,Helvetica,sans-serif; text-align: justify;\"><span style=\"color: #000080;\"><span style=\"text-decoration: underline;\"><span style=\"color: #ff6600; text-decoration: underline;\"><a href=\"http:\/\/www.pedromigao.com.br\/ourodetolo\/2013\/04\/enredo-do-meu-samba-presidente-em-maus-lencois\/\"><span style=\"color: #ff6600; text-decoration: underline;\">Confesso que tive que gargalhar com o que meu pai contou<\/span><\/a><\/span><\/span>. Perguntei ao seu Jair se era s\u00e9ria mesmo a hist\u00f3ria que me contou e ele confirmou dizendo que tinha v\u00e1rias testemunhas.<br \/>\n<\/span><\/p>\n<p style=\"font-family: Verdana,Arial,Helvetica,sans-serif; text-align: justify;\"><span style=\"color: #000080;\">Depois do papo desliguei e pensei que estava na hora de por a m\u00e3o na massa. Liguei o notebook e coloquei os primeiros \u201ccausos\u201d no papel. Ri relembrando de alguns, me emocionei com outros e pensei que as pessoas mereciam conhecer aqueles sambistas e suas vidas. <!--more--><br \/>\n<\/span><\/p>\n<p style=\"font-family: Verdana,Arial,Helvetica,sans-serif; text-align: justify;\"><span style=\"color: #000080;\">Fechei o computador, deitei e acordei cedo para ir ao col\u00e9gio. Como sempre me enrolei e acabei chegando atrasado. Bati na porta e a reuni\u00e3o j\u00e1 acontecia com os pais e as crian\u00e7as com a diretora. Minha filha me viu e veio correndo para os meus bra\u00e7os. Pedi desculpas a todos e sentei-me ao lado da Bia que, claro, me criticou.<br \/>\n<\/span><\/p>\n<p style=\"font-family: Verdana,Arial,Helvetica,sans-serif; text-align: justify;\"><span style=\"color: #000080;\">A diretora reclamava do comportamento dos alunos, da bagun\u00e7a que faziam e citou nominalmente os mais bagunceiros. N\u00e3o citou Julinha, o que foi um al\u00edvio. Ao fim da reuni\u00e3o a diretora nos chamou. Bia perguntou se Julia tinha feito algo, se era da turma dos bagunceiros e a mulher respondeu que n\u00e3o, o problema era o contr\u00e1rio.<br \/>\n<\/span><\/p>\n<p style=\"font-family: Verdana,Arial,Helvetica,sans-serif; text-align: justify;\" align=\"right\"><span style=\"color: #000080;\">Julia andava introspectiva demais, ficava isolada inclusive na hora do recreio quando todos brincaram e quando foi pedido \u00e0s crian\u00e7as que fizessem desenho da fam\u00edlia desenhou-se sozinha e os pais distantes.<br \/>\n<\/span><\/p>\n<p style=\"font-family: Verdana,Arial,Helvetica,sans-serif; text-align: justify;\"><span style=\"color: #000080;\">Deixamos Julia em sala de aula e eu e Bia sa\u00edmos juntos da escola. Comentei que n\u00e3o pod\u00edamos deixar nossa filha naquele estado e Bia respondeu \u201cvoc\u00ea \u00e9 ausente, por isso a menina est\u00e1 assim\u201d. Falei que n\u00e3o queria brigar, queria uma solu\u00e7\u00e3o para esse problema e minha ex pediu desculpas.<br \/>\n<\/span><\/p>\n<p style=\"font-family: Verdana,Arial,Helvetica,sans-serif; text-align: justify;\"><span style=\"color: #000080;\">Antes de entrar no carro virei para a Bia e falei \u201cvamos pensar numa solu\u00e7\u00e3o!\u201d e instantaneamente beijei sua testa. Foi sem querer, n\u00e3o pensei no ato e ficamos nos olhando sem falar nada, sem saber o que pensar daquela situa\u00e7\u00e3o, at\u00e9 que entrei no carro e parti.<br \/>\n<\/span><\/p>\n<p style=\"font-family: Verdana,Arial,Helvetica,sans-serif; text-align: justify;\"><span style=\"color: #000080;\">Fui para o jornal e trabalhei pensando o dia todo na minha situa\u00e7\u00e3o com Bia e Julia e o livro que escrevia. Cheguei a conclus\u00e3o que minha miss\u00e3o naquele momento era resgate: resgatar pessoas esquecidas e minha fam\u00edlia partida.<br \/>\n<\/span><\/p>\n<p style=\"font-family: Verdana,Arial,Helvetica,sans-serif; text-align: justify;\"><span style=\"color: #000080;\">Sa\u00ed do trabalho e peguei o carro rumo \u00e0 minha casa, mas no meio do caminho mudei de id\u00e9ia. Fui para a \u201cCasa de Bamba\u201d me refrescar com uma holandesa, porque eu merecia.<br \/>\n<\/span><\/p>\n<p style=\"font-family: Verdana,Arial,Helvetica,sans-serif; text-align: justify;\"><span style=\"color: #000080;\">Cheguei ao bar e ele estava lotado como sempre. O pagode rolava e bambas se misturavam com a mo\u00e7ada se despedindo daquele que era um centro de cultura de nossa cidade. Almeidinha me arrumou uma mesa para sentar, mas rapidamente Baltazar, o do carro vermelho, me avistou e mandou que me juntasse \u00e0 turma do samba.<br \/>\n<\/span><\/p>\n<p style=\"font-family: Verdana,Arial,Helvetica,sans-serif; text-align: justify;\"><span style=\"color: #000080;\">Cheguei perto e ele comentou com o grupo que tocava que eu estava escrevendo um livro com casos do samba. O cara que tocava pandeiro logo gritou \u201cconta o caso do Penteado!!\u201d. Penteado que era o cantor do grupo pediu que deixassem quieto e aquilo despertou minha curioso. A\u00ed sim que quis saber a hist\u00f3ria. Penteado implorou para que n\u00e3o contassem, mas o grupo parou de tocar s\u00f3 para contar a hist\u00f3ria.<br \/>\n<\/span><\/p>\n<p style=\"font-family: Verdana,Arial,Helvetica,sans-serif; text-align: justify;\"><span style=\"color: #000080;\">Penteado era jovem cantor da Unidos do Viradouro. N\u00e3o era o principal, mas sonhava com o dia que seria o cantor da vermelho e branco de Niter\u00f3i. Gostava de dar uma de garanh\u00e3o, ter muitas mulheres, se achava o Tom Cruise e at\u00e9 que levava jeito com as mulheres. Sempre cercado de v\u00e1rias. Mas o garanh\u00e3o namorava e sua namorada, a J\u00e9ssica era bem ciumenta. O malandro se virava como podia para dar suas escapadas e tudo ia bem.<br \/>\n<\/span><\/p>\n<p style=\"font-family: Verdana,Arial,Helvetica,sans-serif; text-align: justify;\"><span style=\"color: #000080;\">Ia at\u00e9 a mulher come\u00e7ar a ficar desconfiada. J\u00e9ssica era ciumenta, mas n\u00e3o era burra. Ficou quietinha sem dar esc\u00e2ndalos apenas esperando a hora de \u201cdar o bote\u201d. E o bote veio em uma festa na Unidos do Porto da Pedra, onde a Viradouro foi convidada. Penteado foi representar a escola e cantou os maiores sucessos da agremia\u00e7\u00e3o.<br \/>\n<\/span><\/p>\n<p style=\"font-family: Verdana,Arial,Helvetica,sans-serif; text-align: justify;\"><span style=\"color: #000080;\">No fim se atracou com uma passista crente que se daria bem, mas J\u00e9ssica, que mentira alegando ter que acordar cedo e assim n\u00e3o acompanhando o amado, apareceu de surpresa.<br \/>\n<\/span><\/p>\n<p style=\"font-family: Verdana,Arial,Helvetica,sans-serif; text-align: justify;\"><span style=\"color: #000080;\">Maneta, cavaco da Viradouro e melhor amigo de Penteado que foi com o amigo at\u00e9 o Porto da Pedra ficou branco quando viu J\u00e9ssica e tentou correr para avisar o cantor. Mas a morena foi mais r\u00e1pida e se aproximou de Maneta perguntando onde estava o namorado.<br \/>\n<\/span><\/p>\n<p style=\"font-family: Verdana,Arial,Helvetica,sans-serif; text-align: justify;\"><span style=\"color: #000080;\">Maneta come\u00e7ou a gaguejar e olhou para o lado de fora. J\u00e9ssica percebeu e comentou \u201co safado est\u00e1 l\u00e1 n\u00e9? Vou ver\u201d. Saiu da quadra e deu de cara com Penteado beijando a passista.<br \/>\n<\/span><\/p>\n<p style=\"font-family: Verdana,Arial,Helvetica,sans-serif; text-align: justify;\"><span style=\"color: #000080;\">J\u00e9ssica gritou \u201cCanalha eu vou te matar!!\u201d. Partiu para cima de Penteado lhe dando tapas e bolsadas. A passista, l\u00f3gico, se mandou enquanto Penteado repetia que n\u00e3o era nada daquilo que sua namorada pensava. Cansada de bater J\u00e9ssica p\u00f4s a bolsa no ombro e disse que estava tudo acabado entre eles. Penteado tentou persuadir a mo\u00e7a que completou \u201ce voc\u00ea vai virar broxa, n\u00e3o vai mais subir com ningu\u00e9m\u201d.<br \/>\n<\/span><\/p>\n<p style=\"font-family: Verdana,Arial,Helvetica,sans-serif; text-align: justify;\"><span style=\"color: #000080;\">Aquelas palavras gelaram a alma de Penteado, que n\u00e3o conseguiu falar mais nada enquanto J\u00e9ssica ia embora. Maneta chegou perto do amigo e perguntou se estava tudo bem. Penteado respondeu que ela terminara tudo e Maneta falou \u201csinto muito\u201d. Penteado completou dizendo que a mulher jogara praga para que ele ficasse broxa e Maneta emendou com um palavr\u00e3o cabeludo.<br \/>\n<\/span><\/p>\n<p style=\"font-family: Verdana,Arial,Helvetica,sans-serif; text-align: justify;\"><span style=\"color: #000080;\">Penteado sentia falta da ex-namorada, mas pior ainda, ficou encucado com a praga. Por alguns dias nem conseguiu sair com mulher nenhuma, at\u00e9 que Chandelly, a passista do Porto da Pedra lhe convidou pra sair.<br \/>\n<\/span><\/p>\n<p style=\"font-family: Verdana,Arial,Helvetica,sans-serif; text-align: justify;\"><span style=\"color: #000080;\">Penteado pensou \u201cpraga \u00e9 coisa de ignorante, n\u00e3o pega\u201d e saiu com a passista. Foram a um barzinho, depois a uma boate e pararam no motel. No local o rapaz foi com todo afinco, mas falhou. Pela primeira vez Penteado falhara na cama, lembrou da praga de J\u00e9ssica e se apavorou. Chandelly pediu que o amante se acalmasse que essas coisas ocorriam com todo mundo e encheu Penteado com carinho.<br \/>\n<\/span><\/p>\n<p style=\"font-family: Verdana,Arial,Helvetica,sans-serif; text-align: justify;\"><span style=\"color: #000080;\">O cantor se empolgou e come\u00e7ou a beijar a mulher. Tentou de novo. Nova falha.<br \/>\n<\/span><\/p>\n<p style=\"font-family: Verdana,Arial,Helvetica,sans-serif; text-align: justify;\"><span style=\"color: #000080;\">Chandelly levantou-se da cama, p\u00f4s as m\u00e3os na cintura e perguntou \u201cQual \u00e9 Penteado? Voc\u00ea t\u00e1 broxa?\u201d. O homem desesperado p\u00f4s as m\u00e3os no rosto e respondeu \u201cestou\u201d.<br \/>\n<\/span><\/p>\n<p style=\"font-family: Verdana,Arial,Helvetica,sans-serif; text-align: justify;\"><span style=\"color: #000080;\">A vida de Penteado se transformou em um inferno. O cantor n\u00e3o conseguia se esquecer das palavras de J\u00e9ssica e pensava \u201cpqp, a praga dessa desgra\u00e7ada pegou\u201d. Tentou sair com uma porta bandeira da Unidos do Anil, nova falha, com uma componente de ala da Unidos de Jacarezinho, falhou, marcou encontro e saiu com a assessora de imprensa da Tradi\u00e7\u00e3o. Broxou.<br \/>\n<\/span><\/p>\n<p style=\"font-family: Verdana,Arial,Helvetica,sans-serif; text-align: justify;\"><span style=\"color: #000080;\">Em um encontro de escolas de samba no Imp\u00e9rio da Tijuca Penteado foi cantar e notou que as mulheres olhavam pra ele. Sentiu-se o garanh\u00e3o, mas a\u00ed notou que elas riam. Lembrou de seus \u00faltimos fracassos e perdeu a voz. Come\u00e7ou a cantar esgani\u00e7ado, dando uns agudos inexplic\u00e1veis assustando o mestre de bateria do Imperinho e Maneta que tocava cavaco para o amigo. No fim Maneta perguntou ao amigo o que ocorria e Penteado desabafou, contando toda a verdade.<br \/>\n<\/span><\/p>\n<p style=\"font-family: Verdana,Arial,Helvetica,sans-serif; text-align: justify;\"><span style=\"color: #000080;\">Maneta viu que o sofrimento do amigo era s\u00e9rio e perguntou se ele j\u00e1 tinha tomado o \u201cazulzinho\u201d. Penteado respondeu que sim, mas nem isso adiantava e Maneta respondeu \u201cS\u00f3 tem uma solu\u00e7\u00e3o\u201d.<br \/>\n<\/span><\/p>\n<p style=\"font-family: Verdana,Arial,Helvetica,sans-serif; text-align: justify;\"><span style=\"color: #000080;\">Preocupado, mas dizendo que faria qualquer coisa para resolver seu problema Penteado perguntou o que e Maneta respondeu: \u201cte levar a Pai Xox\u00f3\u201d.<br \/>\n<\/span><\/p>\n<p style=\"font-family: Verdana,Arial,Helvetica,sans-serif; text-align: justify;\"><span style=\"color: #000080;\">Pai Xox\u00f3 era um famoso Pai de Santo de Alc\u00e2ntara e Maneta levou o amigo pra se consultar. Os dois ficaram a s\u00f3s e Pai Xox\u00f3 olhou bem s\u00e9rio para Penteado. O cantor ficou ressabiado perguntando o porqu\u00ea do sil\u00eancio. Pai Xox\u00f3 deu uma baforada no charuto e respondeu:<\/span><\/p>\n<p style=\"font-family: Verdana,Arial,Helvetica,sans-serif; text-align: justify;\"><span style=\"color: #000080;\">&#8211; \u201cMizifio tem um problema\u201d.<br \/>\n<\/span><\/p>\n<p style=\"font-family: Verdana,Arial,Helvetica,sans-serif; text-align: justify;\"><span style=\"color: #000080;\">Penteado concordou e completou \u201cse eu n\u00e3o tivesse problema n\u00e3o estava aqui\u201d. Pai Xox\u00f3 respondeu que daria um jeito no seu problema de \u201cpaumolec\u00eancia\u201d.\u00a0 Mandou que Penteado pegasse papel e caneta para anotar, mas ele s\u00f3 estaria completamente curado depois de uma nova tarefa que teria que fazer depois da recupera\u00e7\u00e3o sexual.<br \/>\n<\/span><\/p>\n<p style=\"font-family: Verdana,Arial,Helvetica,sans-serif; text-align: justify;\"><span style=\"color: #000080;\">Penteado anotou todos os ingredientes para o trabalho que teria que fazer. S\u00f3 assim se recuperaria. O cantor foi \u00e0 encruzilhada, colocou a farofa, o frango que comprou na padaria, o marafo, a vela de sete dias e rezou.<br \/>\n<\/span><\/p>\n<p style=\"font-family: Verdana,Arial,Helvetica,sans-serif; text-align: justify;\"><span style=\"color: #000080;\">Saindo do local encontrou uma cabrocha da Viradouro e decidiu testar se tudo dera certo. Foram para a cama e Penteado se sentiu como o He Man. Ao se descobrir curado gritou \u201cPelos poderes de Greyskull!!\u201d.<br \/>\n<\/span><\/p>\n<p style=\"font-family: Verdana,Arial,Helvetica,sans-serif; text-align: justify;\"><span style=\"color: #000080;\">Estava bem, sentia-se perfeito, mas faltava-lhe algo, sentia falta de J\u00e9ssica e correu atr\u00e1s de seu amor. Enquanto ela sa\u00eda da faculdade uma noite o cantor estava lhe esperando com um buqu\u00ea de flores na m\u00e3o. J\u00e9ssica arredia perguntou se ele achava que s\u00f3 flores bastavam e Penteado respondeu \u201ceu amo voc\u00ea, me perdoa\u201d. J\u00e9ssica sorriu e disse \u201cisso basta\u201d e lhe deu um beijo apaixonado.<br \/>\n<\/span><\/p>\n<p style=\"font-family: Verdana,Arial,Helvetica,sans-serif; text-align: justify;\"><span style=\"color: #000080;\">A vida voltou ao normal. Penteado reconquistara J\u00e9ssica e voltava a dar seus pulos, inclusive com Chandelly, mas faltava uma coisa. Pai Xox\u00f3 pedira pra ele voltar ao terreiro para cumprir a segunda parte, a que lhe deixaria decididamente curado.<br \/>\n<\/span><\/p>\n<p style=\"font-family: Verdana,Arial,Helvetica,sans-serif; text-align: justify;\"><span style=\"color: #000080;\">Penteado voltou at\u00e9 Pai Xox\u00f3 e lhe agradeceu por tudo. O Pai de Santo trancou a porta e contou ao cantor que faltava a segunda parte. Feliz Penteado respondeu que estava ali pra cumprir e perguntou o que era.<br \/>\n<\/span><\/p>\n<p style=\"font-family: Verdana,Arial,Helvetica,sans-serif; text-align: justify;\"><span style=\"color: #000080;\">Pai Xox\u00f3 sentou no colo de Penteado e gritou \u201cSer meu bonit\u00e3o!!\u201d.<br \/>\n<\/span><\/p>\n<p style=\"font-family: Verdana,Arial,Helvetica,sans-serif; text-align: justify;\"><span style=\"color: #000080;\">Deu ruim pro cantor&#8230;<\/span><\/p>\n","protected":false},"excerpt":{"rendered":"<p>Neste s\u00e1bado, mais uma edi\u00e7\u00e3o da coluna de contos sambistas do compositor Aloisio Villar, a &#8220;Enredo do Meu Samba&#8221;. A Praga Confesso que tive queTour Details<\/p>\n","protected":false},"author":2,"featured_media":0,"comment_status":"open","ping_status":"open","sticky":false,"template":"","format":"standard","meta":{"footnotes":""},"categories":[290],"tags":[29],"class_list":["post-17497","post","type-post","status-publish","format-standard","hentry","category-enredo-do-meu-samba","tag-contos"],"_links":{"self":[{"href":"http:\/\/www.pedromigao.com.br\/ourodetolo\/wp-json\/wp\/v2\/posts\/17497","targetHints":{"allow":["GET"]}}],"collection":[{"href":"http:\/\/www.pedromigao.com.br\/ourodetolo\/wp-json\/wp\/v2\/posts"}],"about":[{"href":"http:\/\/www.pedromigao.com.br\/ourodetolo\/wp-json\/wp\/v2\/types\/post"}],"author":[{"embeddable":true,"href":"http:\/\/www.pedromigao.com.br\/ourodetolo\/wp-json\/wp\/v2\/users\/2"}],"replies":[{"embeddable":true,"href":"http:\/\/www.pedromigao.com.br\/ourodetolo\/wp-json\/wp\/v2\/comments?post=17497"}],"version-history":[{"count":0,"href":"http:\/\/www.pedromigao.com.br\/ourodetolo\/wp-json\/wp\/v2\/posts\/17497\/revisions"}],"wp:attachment":[{"href":"http:\/\/www.pedromigao.com.br\/ourodetolo\/wp-json\/wp\/v2\/media?parent=17497"}],"wp:term":[{"taxonomy":"category","embeddable":true,"href":"http:\/\/www.pedromigao.com.br\/ourodetolo\/wp-json\/wp\/v2\/categories?post=17497"},{"taxonomy":"post_tag","embeddable":true,"href":"http:\/\/www.pedromigao.com.br\/ourodetolo\/wp-json\/wp\/v2\/tags?post=17497"}],"curies":[{"name":"wp","href":"https:\/\/api.w.org\/{rel}","templated":true}]}}