{"id":17488,"date":"2013-05-10T07:11:37","date_gmt":"2013-05-10T10:11:37","guid":{"rendered":"http:\/\/www.pedromigao.com.br\/ourodetolo\/?p=17488"},"modified":"2013-05-15T09:45:36","modified_gmt":"2013-05-15T12:45:36","slug":"sabinadas-seedorf-orgulho-alvinegro","status":"publish","type":"post","link":"http:\/\/www.pedromigao.com.br\/ourodetolo\/2013\/05\/sabinadas-seedorf-orgulho-alvinegro\/","title":{"rendered":"Sabinadas &#8211; &#8220;Seedorf: Orgulho Alvinegro&#8221;"},"content":{"rendered":"<p style=\"font-family: Verdana,Arial,Helvetica,sans-serif; text-align: justify;\"><span style=\"color: #000080;\">Nesta sexta feira, <strong>a coluna &#8220;Sabinadas&#8221;, do jornalista esportivo Fred Sabino<\/strong>, discorre sobre o ben\u00e9fico efeito trazido pela contrata\u00e7\u00e3o de Seedorf ao (justo) campe\u00e3o carioca deste 2013.<\/span><\/p>\n<p style=\"font-family: Verdana,Arial,Helvetica,sans-serif; text-align: justify;\"><span style=\"text-decoration: underline;\"><em><strong><span style=\"color: #000080; text-decoration: underline;\">Seedorf: Orgulho Alvinegro<\/span><\/strong><\/em><\/span><\/p>\n<p style=\"font-family: Verdana,Arial,Helvetica,sans-serif; text-align: justify;\"><span style=\"color: #000080;\">No \u00faltimo domingo, o Botafogo conquistou com inteira justi\u00e7a o t\u00edtulo do Campeonato Carioca. Ganhou os dois turnos de forma incontest\u00e1vel, sem que seus principais rivais o amea\u00e7assem de fato. Ainda enfileirou vices ao Vasco (na Ta\u00e7a Guanabara), Fluminense (na Ta\u00e7a Rio) e Flamengo (na contagem geral de pontos). Enfim, barba, cabelo e bigode.<!--more--><\/span><\/p>\n<p style=\"font-family: Verdana,Arial,Helvetica,sans-serif; text-align: justify;\"><span style=\"color: #000080;\">J\u00e1 ouvi por a\u00ed um certo desd\u00e9m de alguns torcedores de outros clubes em rela\u00e7\u00e3o ao fato de o Estadual do Rio estar esvaziado e n\u00e3o ter nem est\u00e1dios \u00e0 altura das suas tradi\u00e7\u00f5es. Isso n\u00e3o quer dizer bulhufas. O Botafogo n\u00e3o tem nada com isso e conquistou seu vig\u00e9simo campeonato ao jogar com seriedade e compet\u00eancia. <\/span><\/p>\n<p style=\"font-family: Verdana,Arial,Helvetica,sans-serif; text-align: justify;\"><span style=\"color: #000080;\">Por\u00e9m, mais do que a boa fase do Botafogo, que, desde a semifinal contra o Flamengo na Ta\u00e7a Guanabara teve 100% de aproveitamento em 11 partidas, chamou a aten\u00e7\u00e3o a categoria, o profissionalismo, o desprendimento e a emo\u00e7\u00e3o de Clarence Seedorf, o camisa 10 do clube de General Severiano. <\/span><\/p>\n<p style=\"font-family: Verdana,Arial,Helvetica,sans-serif; text-align: justify;\"><span style=\"color: #000080;\">Nascido no Suriname h\u00e1 36 anos e depois naturalizado holand\u00eas, Seedorf desfilou seu talento nos principais palcos do futebol mundial. Defendeu Ajax, Sampdoria, Real Madrid, Milan e, agora, o Botafogo. Conquistou por quatro vezes a Liga dos Campe\u00f5es da Europa e disputou a Copa de 1998 &#8211; na qual foi um dos destaques da Holanda, quarta colocada. <\/span><\/p>\n<p style=\"font-family: Verdana,Arial,Helvetica,sans-serif; text-align: justify;\"><span style=\"color: #000080;\">Mesmo sendo sempre um exemplo de conduta e profissionalismo, alguns torceram o nariz quando Seedorf resolveu vir para o Brasil. Com a idade j\u00e1 avan\u00e7ada e tendo uma esposa brasileira, o meia arrancou certa desconfian\u00e7a: ser\u00e1 que ele vai jogar mesmo ou vai &#8220;passar f\u00e9rias&#8221; no Brasil? <\/span><\/p>\n<p style=\"font-family: Verdana,Arial,Helvetica,sans-serif; text-align: justify;\"><span style=\"color: #000080;\">Seedorf tratou imediatamente de desfazer qualquer d\u00favida. Mesmo com o Botafogo tendo uma campanha irregular no Brasileir\u00e3o de 2012, o holand\u00eas desfliou sua categoria: gols, passes precisos, invers\u00f5es de jogo inteligentes, determina\u00e7\u00e3o e, acima de tudo, comprometimento. <\/span><\/p>\n<p style=\"font-family: Verdana,Arial,Helvetica,sans-serif; text-align: justify;\"><span style=\"color: #000080;\">O Botafogo pode nem ter se classificado para a Libertadores deste ano, mas a semente estava plantada. Um \u00eddolo \u00e0 altura das tradi\u00e7\u00f5es alvinegras estava novamente a brindar os torcedores. E este primeiro semestre est\u00e1 servindo para comprovar isso. Mesmo encarando gramados horrorosos, partidas deficit\u00e1rias e uma inaceit\u00e1vel (n\u00e3o por culpa dele, mas do p\u00e9ssimo \u00e1rbitro Philip Georg Bennett) expuls\u00e3o no jogo contra o Madureira &#8211; o apitador alegou que o meia estava fazendo cera, Seedorf jamais tirou o p\u00e9. <\/span><\/p>\n<p style=\"font-family: Verdana,Arial,Helvetica,sans-serif; text-align: justify;\"><span style=\"color: #000080;\">Continuou liderando o Botafogo no Carioca a ponto de se emocionar como crian\u00e7a depois de o Alvinegro derrotar o Fluminense na partida derradeira da competi\u00e7\u00e3o. Foi reverenciado por todos os companheiros como o l\u00edder de verdade que \u00e9. <\/span><\/p>\n<p style=\"font-family: Verdana,Arial,Helvetica,sans-serif; text-align: justify;\"><span style=\"color: #000080;\">Agora, Seedorf e seus parceiros ter\u00e3o pela frente a sequ\u00eancia da Copa do Brasil e todo um Brasileir\u00e3o. Evidentemente n\u00e3o ser\u00e1 f\u00e1cil para ele e o Botafogo conquistarem mais t\u00edtulos. Afinal, mesmo com um time bem dirigido pelo Oswaldo de Oliveira, s\u00e3o duas competi\u00e7\u00f5es dif\u00edceis, com suas particularidades. <\/span><\/p>\n<p style=\"font-family: Verdana,Arial,Helvetica,sans-serif; text-align: justify;\"><span style=\"color: #000080;\">Mas, independentemente de qualquer resultado do Botafogo na sequ\u00eancia da temporada, os torcedores alvinegros podem se orgulhar. Clarence Seedorf \u00e9 um \u00eddolo de verdade, simples e verdadeiro.<\/span><\/p>\n<p style=\"font-family: Verdana,Arial,Helvetica,sans-serif; text-align: justify;\"><span style=\"color: #000080;\">Um \u00eddolo que qualquer clube gostaria de ter.<\/span><\/p>\n","protected":false},"excerpt":{"rendered":"<p>Nesta sexta feira, a coluna &#8220;Sabinadas&#8221;, do jornalista esportivo Fred Sabino, discorre sobre o ben\u00e9fico efeito trazido pela contrata\u00e7\u00e3o de Seedorf ao (justo) campe\u00e3o cariocaTour Details<\/p>\n","protected":false},"author":2,"featured_media":0,"comment_status":"open","ping_status":"open","sticky":false,"template":"","format":"standard","meta":{"footnotes":""},"categories":[20],"tags":[127,41,37],"class_list":["post-17488","post","type-post","status-publish","format-standard","hentry","category-sabinadas","tag-botafogo","tag-esporte","tag-futebol"],"_links":{"self":[{"href":"http:\/\/www.pedromigao.com.br\/ourodetolo\/wp-json\/wp\/v2\/posts\/17488","targetHints":{"allow":["GET"]}}],"collection":[{"href":"http:\/\/www.pedromigao.com.br\/ourodetolo\/wp-json\/wp\/v2\/posts"}],"about":[{"href":"http:\/\/www.pedromigao.com.br\/ourodetolo\/wp-json\/wp\/v2\/types\/post"}],"author":[{"embeddable":true,"href":"http:\/\/www.pedromigao.com.br\/ourodetolo\/wp-json\/wp\/v2\/users\/2"}],"replies":[{"embeddable":true,"href":"http:\/\/www.pedromigao.com.br\/ourodetolo\/wp-json\/wp\/v2\/comments?post=17488"}],"version-history":[{"count":0,"href":"http:\/\/www.pedromigao.com.br\/ourodetolo\/wp-json\/wp\/v2\/posts\/17488\/revisions"}],"wp:attachment":[{"href":"http:\/\/www.pedromigao.com.br\/ourodetolo\/wp-json\/wp\/v2\/media?parent=17488"}],"wp:term":[{"taxonomy":"category","embeddable":true,"href":"http:\/\/www.pedromigao.com.br\/ourodetolo\/wp-json\/wp\/v2\/categories?post=17488"},{"taxonomy":"post_tag","embeddable":true,"href":"http:\/\/www.pedromigao.com.br\/ourodetolo\/wp-json\/wp\/v2\/tags?post=17488"}],"curies":[{"name":"wp","href":"https:\/\/api.w.org\/{rel}","templated":true}]}}