{"id":17405,"date":"2013-04-30T05:39:50","date_gmt":"2013-04-30T08:39:50","guid":{"rendered":"http:\/\/www.pedromigao.com.br\/ourodetolo\/?p=17405"},"modified":"2013-04-28T17:04:43","modified_gmt":"2013-04-28T20:04:43","slug":"privatizar-a-agua-e-os-alimentos","status":"publish","type":"post","link":"http:\/\/www.pedromigao.com.br\/ourodetolo\/2013\/04\/privatizar-a-agua-e-os-alimentos\/","title":{"rendered":"Privatizar a \u00e1gua e os alimentos?"},"content":{"rendered":"<p style=\"font-family: Verdana, Arial, Helvetica, sans-serif; text-align: justify;\"><a href=\"http:\/\/www.pedromigao.com.br\/ourodetolo\/wp-content\/uploads\/2013\/04\/z48.jpg\"><img loading=\"lazy\" decoding=\"async\" class=\"aligncenter size-large wp-image-17406\" alt=\"z48\" src=\"http:\/\/www.pedromigao.com.br\/ourodetolo\/wp-content\/uploads\/2013\/04\/z48-532x340.jpg\" width=\"532\" height=\"340\" srcset=\"http:\/\/www.pedromigao.com.br\/ourodetolo\/wp-content\/uploads\/2013\/04\/z48-532x340.jpg 532w, http:\/\/www.pedromigao.com.br\/ourodetolo\/wp-content\/uploads\/2013\/04\/z48-300x191.jpg 300w, http:\/\/www.pedromigao.com.br\/ourodetolo\/wp-content\/uploads\/2013\/04\/z48.jpg 720w\" sizes=\"auto, (max-width: 532px) 100vw, 532px\" \/><\/a><span style=\"color: #000080;\">Na \u00faltima semana causou grande pol\u00eamica a declara\u00e7\u00e3o do Presidente da Nestl\u00e9, Peter Brabeck, de que a \u00e1gua deveria ser um bem sujeito \u00e0s varia\u00e7\u00f5es do mercado e n\u00e3o um direito fundamental do cidad\u00e3o. Em sua vis\u00e3o este conceito de &#8220;privatiza\u00e7\u00e3o&#8221; da \u00e1gua impediria o &#8220;desperd\u00edcio&#8221; de seu uso e tornaria mais racional sua utiliza\u00e7\u00e3o.<\/span><\/p>\n<p style=\"font-family: Verdana, Arial, Helvetica, sans-serif; text-align: justify;\"><span style=\"color: #000080;\">Antes de analisarmos estas declara\u00e7\u00f5es, vale lembrar que a Nestl\u00e9 \u00e9 a maior engarrafadora de \u00e1gua mineral do planeta, ou seja: seria benefici\u00e1ria direta de uma &#8220;privatiza\u00e7\u00e3o&#8221; da \u00e1gua. De acordo com as declara\u00e7\u00f5es de seu presidente toda a \u00e1gua doce dispon\u00edvel no planeta deveria estar sob \u00a0a \u00e9gide do mercado, ressalvada pequena parcela (5 litros) di\u00e1ria que os governos deveriam prover a cada cidad\u00e3o a fim de que ningu\u00e9m morra de sede.<br \/>\n<!--more--><\/span><\/p>\n<p style=\"font-family: Verdana, Arial, Helvetica, sans-serif; text-align: justify;\"><span style=\"color: #000080;\">Ainda segundo seu racioc\u00ednio, privatizar toda a \u00e1gua dispon\u00edvel do mundo &#8220;diminuiria o desperd\u00edcio&#8221; e tornaria mais racional o seu uso. O leitor mais antenado j\u00e1 deve ter percebido que este \u00e9 um discurso comum aos defensores do neoliberalismo econ\u00f4mico: todos os aspectos da vida em sociedade devem ser deixados ao sabor do mercado.<\/span><\/p>\n<p style=\"font-family: Verdana, Arial, Helvetica, sans-serif; text-align: justify;\"><span style=\"color: #000080;\">Entretanto, basta dizer que a pr\u00f3pria Nestl\u00e9 subverte esta l\u00f3gica da &#8220;diminui\u00e7\u00e3o do desperd\u00edcio&#8221;: aqui perto, em S\u00e3o Louren\u00e7o (MG), a marca, que \u00e9 dona da empresa de \u00e1gua mineral do mesmo nome, est\u00e1 depletando as reservas locais: ou seja, est\u00e1 extraindo e engarrafando em uma velocidade maior que a reposi\u00e7\u00e3o das fontes. Traduzindo: as fontes est\u00e3o fadadas \u00e0 extin\u00e7\u00e3o.<\/span><\/p>\n<p style=\"font-family: Verdana, Arial, Helvetica, sans-serif; text-align: justify;\"><span style=\"color: #000080;\">Mantendo-se este racioc\u00ednio, se eu parar o carro na beira de um rio e beber um copo de \u00e1gua, deveria pagar pelo seu uso \u00e0 &#8220;dona&#8221; do local. Se h\u00e1 dinheiro, consome-se \u00e1gua. Se n\u00e3o h\u00e1, que se queixe ao bispo.<\/span><\/p>\n<p style=\"font-family: Verdana, Arial, Helvetica, sans-serif; text-align: justify;\"><span style=\"color: #000080;\">O debate, portanto, \u00e9 filos\u00f3fico: a \u00e1gua \u00e9 um bem &#8220;livre&#8221;, ou seja, fora do mercado de oferta e demanda? \u00c9 um direito fundamental do cidad\u00e3o?<\/span><\/p>\n<p style=\"font-family: Verdana, Arial, Helvetica, sans-serif; text-align: justify;\"><span style=\"color: #000080;\">A resposta parece \u00f3bvia, mas como vemos acima n\u00e3o \u00e9 algo que se tenha unanimidade. Por mais que n\u00f3s moradores da cidade paguemos \u00e0 concession\u00e1ria que nos traz o l\u00edquido engarrafado, o que se paga \u00e9 pelo servi\u00e7o de captar, tratar e enviar a \u00e1gua at\u00e9 nossas resid\u00eancias. Caso n\u00e3o queiramos utilizar-nos destes servi\u00e7os, podemos cavar um po\u00e7o ou ir at\u00e9 o rio mais pr\u00f3ximo captar as nossas necessidades de consumo.<\/span><\/p>\n<p style=\"font-family: Verdana, Arial, Helvetica, sans-serif; text-align: justify;\"><span style=\"color: #000080;\">Dentro da postura &#8220;empresarial&#8221;, os cidad\u00e3os n\u00e3o poderiam mais se utilizar destas alternativas. Uma empresa iria controlar o acesso \u00e0\u00a0\u00e1gua\u00a0 cobrando caro por isso. N\u00e3o parece absurdo imaginarmos ex\u00e9rcitos de fiscais nos rios e fontes proibindo que saciemos a sede. Ou pessoas morrendo de sede ou de doen\u00e7as por n\u00e3o uso de \u00e1gua adequada. \u00c9 a mercantiliza\u00e7\u00e3o de um direito primordial do ser humano.\u00a0<\/span><\/p>\n<p style=\"font-family: Verdana, Arial, Helvetica, sans-serif; text-align: justify;\"><span style=\"color: #000080;\">Tamb\u00e9m h\u00e1 que se lembrar que inclusive guerras se empreendem pelo acesso \u00e0 \u00e1gua: um dos objetivos americanos \u00a0no Iraque \u00e9 o de desviar o curso dos rios Tigre e Eufrates para Israel, seu aliado incondicional. O\u00a0mesmo\u00a0ocorre na ocupa\u00e7\u00e3o palestina pelo referido pa\u00eds.<\/span><\/p>\n<p><iframe loading=\"lazy\" title=\"O Mundo Segundo A Monsanto (Dublado Portugues Brasil)\" width=\"525\" height=\"295\" src=\"https:\/\/www.youtube.com\/embed\/gE_yIfkR88M?feature=oembed\" frameborder=\"0\" allow=\"accelerometer; autoplay; clipboard-write; encrypted-media; gyroscope; picture-in-picture; web-share\" referrerpolicy=\"strict-origin-when-cross-origin\" allowfullscreen><\/iframe><\/p>\n<p style=\"font-family: Verdana, Arial, Helvetica, sans-serif; text-align: justify;\"><span style=\"color: #000080;\">O leitor deve estar pensando que privatizar a \u00e1gua \u00e9 algo absolutamente sem sentido e que mercantilizar a obten\u00e7\u00e3o e uso da \u00e1gua fere um direito fundamental do ser humano, n\u00e3o \u00e9? E quando falamos dos alimentos?<\/span><\/p>\n<p style=\"font-family: Verdana, Arial, Helvetica, sans-serif; text-align: justify;\"><span style=\"color: #000080;\">Est\u00e1 em curso iniciativa semelhante, tendo os transg\u00eanicos como instrumento. As sementes destes alimentos s\u00e3o propriedade de quatro empresas (Nestl\u00e9 entre elas), tendo a Monsanto como l\u00edder e dominadora neste caso. No caso, a propriedade das sementes e dos defensivos agr\u00edcolas torna estas empresas donas e controladoras da produ\u00e7\u00e3o aliment\u00edcia do mundo \u00e0 medida em que os transg\u00eanicos aumentam sua participa\u00e7\u00e3o na cultura.<\/span><\/p>\n<p style=\"font-family: Verdana, Arial, Helvetica, sans-serif; text-align: justify;\"><span style=\"color: #000080;\">Para n\u00f3s que moramos nas cidades, em termos de acesso aos alimentos n\u00e3o h\u00e1 grande diferen\u00e7a: sempre pagamos para ter acesso aos mesmos. Contudo, no mundo do campo isso representaria uma mudan\u00e7a de paradigma, pois a agricultura de subsist\u00eancia, onde se produz para consumo pr\u00f3prio e se vende ao mercado o excedente de produ\u00e7\u00e3o, teria de ser extinta.<\/span><\/p>\n<p style=\"font-family: Verdana, Arial, Helvetica, sans-serif; text-align: justify;\"><span style=\"color: #000080;\">Este \u00e9 um fen\u00f4meno de consequ\u00eancias econ\u00f4micas e sociais dram\u00e1ticos. Em um futuro, mesmo aqueles que pretendem cultivar sua ro\u00e7a de subsist\u00eancia ou ainda uma inocente horta caseira na varanda n\u00e3o poderiam dado o poder destas empresas. Em um primeiro momento a produ\u00e7\u00e3o transg\u00eanica \u00e9 mais barata, contudo a cada safra se necessita de uma maior quantidade de defensivos agr\u00edcolas, tornando mais cara a produ\u00e7\u00e3o e o produto.<\/span><\/p>\n<p style=\"font-family: Verdana, Arial, Helvetica, sans-serif; text-align: justify;\"><span style=\"color: #000080;\">Um outro ponto a se mencionar \u00e9 que estas empresas que dominam a produ\u00e7\u00e3o de alimentos geneticamente modificados vem travando combate vigoroso contra a produ\u00e7\u00e3o de alimentos org\u00e2nicos, mais saud\u00e1veis e menos agressivos ao meio ambiente. \u00d3bvio: para a obten\u00e7\u00e3o do monop\u00f3lio e do dom\u00ednio total da produ\u00e7\u00e3o de alimentos faz-se necess\u00e1rio eliminar qualquer tipo de amea\u00e7a ao mercado.<\/span><\/p>\n<p style=\"font-family: Verdana, Arial, Helvetica, sans-serif; text-align: justify;\"><span style=\"color: #000080;\">Se contra a agricultura de subsist\u00eancia se utiliza o poder econ\u00f4mico, contra os org\u00e2nicos estas empresas exercem seu poder de press\u00e3o em organismos reguladores governamentais. \u00c9 mais f\u00e1cil hoje colocar \u00e0 venda um produto transg\u00eanico que um org\u00e2nico.<\/span><\/p>\n<p style=\"font-family: Verdana, Arial, Helvetica, sans-serif; text-align: justify;\"><span style=\"color: #000080;\">Por outro lado quando se alcan\u00e7ar o dom\u00ednio incontest\u00e1vel do mercado os pre\u00e7os tendem a subir exponencialmente, como resultado do poder monopolista &#8211; e, como as culturas v\u00e3o se tornando resistentes ao defensivo agr\u00edcola, a quantidade necess\u00e1ria deste \u00e9 cada vez maior, o que sobe o custo do produto. Ent\u00e3o o conceito de &#8220;seguran\u00e7a alimentar&#8221; estar\u00e1 refugiado em um oligop\u00f3lio empresarial &#8211; um caso claro de oposi\u00e7\u00e3o entre o interesse empresarial e o bem estar da coletividade.<\/span><\/p>\n<p style=\"font-family: Verdana, Arial, Helvetica, sans-serif; text-align: justify;\"><span style=\"color: #000080;\">A longo prazo o caminho \u00e9 o mesmo da \u00e1gua: privatizar a produ\u00e7\u00e3o de alimentos e colocar todo o mundo a merc\u00ea de tr\u00eas ou quatro empresas, tendo a Monsanto como l\u00edder. Perceba o leitor que aqui n\u00e3o discorro sobre os preju\u00edzos \u00e0 sa\u00fade causados por estes alimentos: o v\u00eddeo acima, embora longo, tra\u00e7a um bom panorama dos efeitos \u00e0 sa\u00fade causados por estes produtos.<\/span><\/p>\n<p style=\"font-family: Verdana, Arial, Helvetica, sans-serif; text-align: justify;\"><span style=\"color: #000080;\">Isso, sem contar com fen\u00f4menos como o de &#8220;portas girat\u00f3rias&#8221;, o qual assistimos tamb\u00e9m em setores como o financeiro. Empresas como a Monsanto infiltram profissionais nos \u00f3rg\u00e3os reguladores a fim de impor seus interesses. Depois estes mesmos voltam \u00e0 empresa.<\/span><\/p>\n<p style=\"font-family: Verdana, Arial, Helvetica, sans-serif; text-align: justify;\"><span style=\"color: #000080;\">Fico longe, bem longe de esgotar o assunto aqui, mas vale alertar sobra a tend\u00eancia de privatiza\u00e7\u00e3o da \u00e1gua (distante) e dos alimentos (mais pr\u00f3xima) a m\u00e9dio e longo prazos. Muitas vezes n\u00e3o temos conhecimento do que ocorre fora do que nossa vis\u00e3o consegue alcan\u00e7ar.<\/span><\/p>\n","protected":false},"excerpt":{"rendered":"<p>Na \u00faltima semana causou grande pol\u00eamica a declara\u00e7\u00e3o do Presidente da Nestl\u00e9, Peter Brabeck, de que a \u00e1gua deveria ser um bem sujeito \u00e0s varia\u00e7\u00f5esTour Details<\/p>\n","protected":false},"author":2,"featured_media":0,"comment_status":"open","ping_status":"open","sticky":false,"template":"","format":"standard","meta":{"footnotes":""},"categories":[289],"tags":[126,4,6],"class_list":["post-17405","post","type-post","status-publish","format-standard","hentry","category-pedro-migao","tag-agricultura","tag-saude","tag-vida-cotidiana"],"_links":{"self":[{"href":"http:\/\/www.pedromigao.com.br\/ourodetolo\/wp-json\/wp\/v2\/posts\/17405","targetHints":{"allow":["GET"]}}],"collection":[{"href":"http:\/\/www.pedromigao.com.br\/ourodetolo\/wp-json\/wp\/v2\/posts"}],"about":[{"href":"http:\/\/www.pedromigao.com.br\/ourodetolo\/wp-json\/wp\/v2\/types\/post"}],"author":[{"embeddable":true,"href":"http:\/\/www.pedromigao.com.br\/ourodetolo\/wp-json\/wp\/v2\/users\/2"}],"replies":[{"embeddable":true,"href":"http:\/\/www.pedromigao.com.br\/ourodetolo\/wp-json\/wp\/v2\/comments?post=17405"}],"version-history":[{"count":0,"href":"http:\/\/www.pedromigao.com.br\/ourodetolo\/wp-json\/wp\/v2\/posts\/17405\/revisions"}],"wp:attachment":[{"href":"http:\/\/www.pedromigao.com.br\/ourodetolo\/wp-json\/wp\/v2\/media?parent=17405"}],"wp:term":[{"taxonomy":"category","embeddable":true,"href":"http:\/\/www.pedromigao.com.br\/ourodetolo\/wp-json\/wp\/v2\/categories?post=17405"},{"taxonomy":"post_tag","embeddable":true,"href":"http:\/\/www.pedromigao.com.br\/ourodetolo\/wp-json\/wp\/v2\/tags?post=17405"}],"curies":[{"name":"wp","href":"https:\/\/api.w.org\/{rel}","templated":true}]}}