{"id":17400,"date":"2013-04-29T15:21:41","date_gmt":"2013-04-29T18:21:41","guid":{"rendered":"http:\/\/www.pedromigao.com.br\/ourodetolo\/?p=17400"},"modified":"2013-04-28T15:29:01","modified_gmt":"2013-04-28T18:29:01","slug":"toque-de-letra-manifesto-de-apoio","status":"publish","type":"post","link":"http:\/\/www.pedromigao.com.br\/ourodetolo\/2013\/04\/toque-de-letra-manifesto-de-apoio\/","title":{"rendered":"Toque de Letra &#8211; &#8220;Manifesto de Apoio&#8221;"},"content":{"rendered":"<p><a href=\"http:\/\/www.pedromigao.com.br\/ourodetolo\/wp-content\/uploads\/2013\/04\/Blog-Portela-Verdade.jpg\"><img loading=\"lazy\" decoding=\"async\" class=\"aligncenter size-large wp-image-17401\" alt=\"Blog Portela Verdade\" src=\"http:\/\/www.pedromigao.com.br\/ourodetolo\/wp-content\/uploads\/2013\/04\/Blog-Portela-Verdade-469x340.jpg\" width=\"469\" height=\"340\" srcset=\"http:\/\/www.pedromigao.com.br\/ourodetolo\/wp-content\/uploads\/2013\/04\/Blog-Portela-Verdade-469x340.jpg 469w, http:\/\/www.pedromigao.com.br\/ourodetolo\/wp-content\/uploads\/2013\/04\/Blog-Portela-Verdade-300x217.jpg 300w, http:\/\/www.pedromigao.com.br\/ourodetolo\/wp-content\/uploads\/2013\/04\/Blog-Portela-Verdade.jpg 580w\" sizes=\"auto, (max-width: 469px) 100vw, 469px\" \/><\/a><\/p>\n<p style=\"font-family: Verdana, Arial, Helvetica, sans-serif; text-align: justify;\"><span style=\"color: #000080;\">Nesta segunda feira, a <strong>coluna &#8220;Toque de Letra&#8221;, do compositor Luiz Carlos M\u00e1ximo<\/strong>, traz seu manifesto de apoio \u00e0 chapa de oposi\u00e7\u00e3o na disputa pela Presid\u00eancia da Portela, a &#8220;Portela Verdade&#8221; &#8211; da qual fa\u00e7o parte.<\/span><\/p>\n<p style=\"font-family: Verdana, Arial, Helvetica, sans-serif; text-align: justify;\"><span style=\"text-decoration: underline;\"><em><strong><span style=\"color: #000080; text-decoration: underline;\">Manifesto de Apoio<\/span><\/strong><\/em><\/span><\/p>\n<p style=\"font-family: Verdana, Arial, Helvetica, sans-serif; text-align: justify;\"><span style=\"color: #000080;\">J\u00e1 disse algumas vezes que a Portela passou a ser a minha escola de samba, quando adolescente, ouvi o LP de 1970 do Paulinho da Viola, que pertencia ao meu pai. Dali passei a conhecer os sambas da Velha Guarda .<!--more--> <\/span><\/p>\n<p style=\"font-family: Verdana, Arial, Helvetica, sans-serif; text-align: justify;\"><span style=\"color: #000080;\">Inebriado a cada samba que passava a conhecer e no desfolhar de &#8220;tantas p\u00e1ginas belas&#8221;, a op\u00e7\u00e3o se transformou definitivamente em amor.<\/span><\/p>\n<p style=\"font-family: Verdana, Arial, Helvetica, sans-serif; text-align: justify;\"><span style=\"color: #000080;\">Mas n\u00e3o pensava em desfilar ou participar de alguma coisa na Portela em virtude da dire\u00e7\u00e3o que l\u00e1 se perpetuava. Indagava: &#8220;Se o Paulinho da Viola e Candeia sa\u00edram, o qu\u00ea que eu vou fazer l\u00e1?&#8221; <\/span><\/p>\n<p style=\"font-family: Verdana, Arial, Helvetica, sans-serif; text-align: justify;\"><span style=\"color: #000080;\">Em raz\u00e3o da volta de Paulinho, pelas m\u00e3os de Alberto Lonato, resolvi assistir ao desfile de 1995. E vi , ouvi e me emocionei no &#8220;esquenta&#8221; com o &#8220;Hino da Portela&#8221;, de Chico Santana e &#8221; Foi um rio que passou em minha vida&#8221;, com Paulinho cantando. Para mim, a maior cena do carnaval carioca.<\/span><\/p>\n<p style=\"font-family: Verdana, Arial, Helvetica, sans-serif; text-align: justify;\"><span style=\"color: #000080;\">Em 2004, a velha dire\u00e7\u00e3o caiu. Caiu como o &#8220;leste europeu&#8221;, com direito, inclusive, \u00e0 derrubada de est\u00e1tua. Acompanhando de longe, fiquei feliz. At\u00e9 que Carlos Monte, ent\u00e3o diretor cultural &#8211; pessoa que goza do meu apre\u00e7o &#8211; me chamou para integrar a ala. &#8220;N\u00e3o seu Carlos, meu neg\u00f3cio \u00e9 samba de meio de ano. Esse neg\u00f3cio de disputa de samba de enredo \u00e9 complicado&#8221;, respondi. <\/span><\/p>\n<p style=\"font-family: Verdana, Arial, Helvetica, sans-serif; text-align: justify;\"><span style=\"color: #000080;\">E seu Carlos, com sinceridade, me convenceu falando dos novos tempos, de uma &#8220;Nova Portela&#8221;. E entrei para a ala, como nos velhos tempos, a partir da feitura de um samba de quadra. E assim venho disputando e participando da escola desde 2005. <\/span><\/p>\n<p style=\"font-family: Verdana, Arial, Helvetica, sans-serif; text-align: justify;\"><span style=\"color: #000080;\">Nesse conv\u00edvio com o amor da comunidade portelense aflorou meu sentimento de &#8220;pertencimento&#8221; com a escola e sua gente. Eu n\u00e3o vou \u00e0 Portela para fazer &#8220;um social&#8221; pras disputas de samba de enredo. Eu vou porque gosto de ir l\u00e1. Porque sou um deles: um portelense de cora\u00e7\u00e3o.<\/span><\/p>\n<p style=\"font-family: Verdana, Arial, Helvetica, sans-serif; text-align: justify;\"><span style=\"color: #000080;\">E nesse tempo o sonho de ter um samba de minha autoria, juntamente com meus parceiros, se realizou. Por\u00e9m, o sonho maior de que a escola retomasse seus melhores dias, n\u00e3o se concretizou. E veio a desesperan\u00e7a e a decis\u00e3o: &#8220;Bom. A minha vaidade enquanto compositor n\u00e3o \u00e9 maior do que o meu amor pela escola. T\u00e1 na hora de dar um tempo. N\u00e3o sei se importar\u00e3o, mas a aus\u00eancia tamb\u00e9m \u00e9 uma manifesta\u00e7\u00e3o de descontentamento.&#8221;<\/span><\/p>\n<p style=\"font-family: Verdana, Arial, Helvetica, sans-serif; text-align: justify;\"><span style=\"color: #000080;\">Mas a esperan\u00e7a se reacendeu com o lan\u00e7amento da chapa Portela Verdade, que espero que se consagre nas urnas, na elei\u00e7\u00e3o em maio, e atenda as expectativas dos portelenses. <\/span><\/p>\n<p style=\"font-family: Verdana, Arial, Helvetica, sans-serif; text-align: justify;\"><span style=\"color: #000080;\">Avante portelense para a vit\u00f3ria!<\/span><\/p>\n","protected":false},"excerpt":{"rendered":"<p>Nesta segunda feira, a coluna &#8220;Toque de Letra&#8221;, do compositor Luiz Carlos M\u00e1ximo, traz seu manifesto de apoio \u00e0 chapa de oposi\u00e7\u00e3o na disputa pelaTour Details<\/p>\n","protected":false},"author":2,"featured_media":0,"comment_status":"open","ping_status":"open","sticky":false,"template":"","format":"standard","meta":{"footnotes":""},"categories":[342],"tags":[340,49],"class_list":["post-17400","post","type-post","status-publish","format-standard","hentry","category-toque-de-letra","tag-eleicoes-portelenses","tag-portela"],"_links":{"self":[{"href":"http:\/\/www.pedromigao.com.br\/ourodetolo\/wp-json\/wp\/v2\/posts\/17400","targetHints":{"allow":["GET"]}}],"collection":[{"href":"http:\/\/www.pedromigao.com.br\/ourodetolo\/wp-json\/wp\/v2\/posts"}],"about":[{"href":"http:\/\/www.pedromigao.com.br\/ourodetolo\/wp-json\/wp\/v2\/types\/post"}],"author":[{"embeddable":true,"href":"http:\/\/www.pedromigao.com.br\/ourodetolo\/wp-json\/wp\/v2\/users\/2"}],"replies":[{"embeddable":true,"href":"http:\/\/www.pedromigao.com.br\/ourodetolo\/wp-json\/wp\/v2\/comments?post=17400"}],"version-history":[{"count":0,"href":"http:\/\/www.pedromigao.com.br\/ourodetolo\/wp-json\/wp\/v2\/posts\/17400\/revisions"}],"wp:attachment":[{"href":"http:\/\/www.pedromigao.com.br\/ourodetolo\/wp-json\/wp\/v2\/media?parent=17400"}],"wp:term":[{"taxonomy":"category","embeddable":true,"href":"http:\/\/www.pedromigao.com.br\/ourodetolo\/wp-json\/wp\/v2\/categories?post=17400"},{"taxonomy":"post_tag","embeddable":true,"href":"http:\/\/www.pedromigao.com.br\/ourodetolo\/wp-json\/wp\/v2\/tags?post=17400"}],"curies":[{"name":"wp","href":"https:\/\/api.w.org\/{rel}","templated":true}]}}