{"id":17376,"date":"2013-04-27T09:22:15","date_gmt":"2013-04-27T12:22:15","guid":{"rendered":"http:\/\/www.pedromigao.com.br\/ourodetolo\/?p=17376"},"modified":"2013-04-23T13:35:58","modified_gmt":"2013-04-23T16:35:58","slug":"enredo-do-meu-samba-presidente-em-maus-lencois","status":"publish","type":"post","link":"http:\/\/www.pedromigao.com.br\/ourodetolo\/2013\/04\/enredo-do-meu-samba-presidente-em-maus-lencois\/","title":{"rendered":"Enredo do Meu Samba &#8211; &#8220;Presidente em Maus Len\u00e7\u00f3is&#8221;"},"content":{"rendered":"<p style=\"font-family: Verdana, Arial, Helvetica, sans-serif; text-align: justify;\"><a href=\"http:\/\/www.pedromigao.com.br\/ourodetolo\/wp-content\/uploads\/2013\/04\/Imagem-144.jpg\"><img loading=\"lazy\" decoding=\"async\" class=\"aligncenter size-large wp-image-17377\" alt=\"Imagem 144\" src=\"http:\/\/www.pedromigao.com.br\/ourodetolo\/wp-content\/uploads\/2013\/04\/Imagem-144-453x340.jpg\" width=\"453\" height=\"340\" srcset=\"http:\/\/www.pedromigao.com.br\/ourodetolo\/wp-content\/uploads\/2013\/04\/Imagem-144-453x340.jpg 453w, http:\/\/www.pedromigao.com.br\/ourodetolo\/wp-content\/uploads\/2013\/04\/Imagem-144-300x225.jpg 300w, http:\/\/www.pedromigao.com.br\/ourodetolo\/wp-content\/uploads\/2013\/04\/Imagem-144.jpg 1280w\" sizes=\"auto, (max-width: 453px) 100vw, 453px\" \/><\/a><span style=\"font-size: x-small;\"><em><span style=\"color: #000080;\">(Foto: Fabr\u00edcio Gomes)<\/span><\/em><\/span><\/p>\n<p style=\"font-family: Verdana, Arial, Helvetica, sans-serif; text-align: justify;\"><span style=\"color: #000080;\">Neste s\u00e1bado mais uma edi\u00e7\u00e3o da <strong>coluna de contos sambistas do compositor Aloisio Villar, a &#8220;Enredo do Meu Samba&#8221;<\/strong>.<\/span><\/p>\n<p style=\"font-family: Verdana, Arial, Helvetica, sans-serif; text-align: justify;\"><span style=\"text-decoration: underline;\"><em><strong><span style=\"color: #000080; text-decoration: underline;\">Presidente em Maus Len\u00e7\u00f3is<\/span><\/strong><\/em><\/span><\/p>\n<p style=\"font-family: Verdana, Arial, Helvetica, sans-serif; text-align: justify;\"><span style=\"color: #000080;\">Confesso que me comovi com a hist\u00f3ria do casal. Depois que Manolo me relatou fiquei olhando a foto e comentei \u201c\u00e9&#8230; at\u00e9 que \u00e9 poss\u00edvel ser feliz no amor\u201d. Manolo me respondeu \u201cClaro que d\u00e1. N\u00e3o s\u00f3 no amor, mas em tudo\u201d.<\/span><span style=\"color: #000080;\">\u00a0<!--more--><\/span><\/p>\n<p style=\"font-family: Verdana, Arial, Helvetica, sans-serif; text-align: justify;\"><span style=\"color: #000080;\">Pensando naquelas palavras e na hist\u00f3ria contada vi a hora e que estava tarde. Desci e chamei meu pai para ir embora. Despedimo-nos de Benito, Tobias e Carlinhos e deixei meu pai em casa.<\/span><span style=\"color: #000080;\">\u00a0<\/span><\/p>\n<p style=\"font-family: Verdana, Arial, Helvetica, sans-serif; text-align: justify;\"><span style=\"color: #000080;\">Chegando em casa abri uma cerveja, liguei a televis\u00e3o e fiquei pensando em Alzair e Leila. Pensando se era poss\u00edvel realmente algu\u00e9m ser feliz no amor e se reencontrar tantos anos depois. Pensei se minha hist\u00f3ria com Bia poderia ser assim.\u00a0<\/span><span style=\"color: #000080;\">Bebi mais um gole de cerveja, fiquei olhando para a televis\u00e3o, pensei e arrumei coragem. Peguei o celular para ligar pra Bia.<\/span><span style=\"color: #000080;\">\u00a0<\/span><\/p>\n<p style=\"font-family: Verdana, Arial, Helvetica, sans-serif; text-align: justify;\"><span style=\"color: #000080;\">Sentia falta de minha fam\u00edlia perto de mim. Dela e de Julia. Lembrava os bons momentos em casa, as refei\u00e7\u00f5es, os tr\u00eas abra\u00e7ados vendo televis\u00e3o ou contando como foi o dia de cada um. As brigas acabaram nos afastando e levando \u00e0 separa\u00e7\u00e3o, mas o cora\u00e7\u00e3o estava perto.<\/span><span style=\"color: #000080;\">\u00a0<\/span><\/p>\n<p style=\"font-family: Verdana, Arial, Helvetica, sans-serif; text-align: justify;\"><span style=\"color: #000080;\">E agora eu estava perdendo minha fam\u00edlia para um \u201cZ\u00e9\u201d.<\/span><span style=\"color: #000080;\">\u00a0<\/span><\/p>\n<p style=\"font-family: Verdana, Arial, Helvetica, sans-serif; text-align: justify;\"><span style=\"color: #000080;\">Tenso telefonei e depois de alguns segundos ela atendeu. Balbuciei um \u201coi\u201d e ela perguntou se tinha acontecido algo, se eu liguei pra dizer que atrasaria a pens\u00e3o de novo. Respondi que n\u00e3o, conseguira pagar minhas d\u00edvidas e daria pra pagar em dia.<\/span><span style=\"color: #000080;\">\u00a0<\/span><\/p>\n<p style=\"font-family: Verdana, Arial, Helvetica, sans-serif; text-align: justify;\"><span style=\"color: #000080;\">Bia suspirou aliviada e perguntei se estava tudo bem. Ela respondeu que sim, nossa filha tinha ido dormir, mas chamaria se eu quisesse. Falei que n\u00e3o precisava e perguntei se ela estava bem.<\/span><span style=\"color: #000080;\">\u00a0<\/span><\/p>\n<p style=\"font-family: Verdana, Arial, Helvetica, sans-serif; text-align: justify;\"><span style=\"color: #000080;\">Bia estranhou a pergunta e respondeu que sim, estava bem. Emendou perguntando o que eu queria com aquele papo, se eu estava dando rodeios para n\u00e3o ir a reuni\u00e3o de pais no dia seguinte. Perguntei que reuni\u00e3o de pais era aquela e Bia irritada falou \u201cN\u00e3o disse? Irrespons\u00e1vel demais. Contei faz tempo que amanh\u00e3 tem reuni\u00e3o na escola da Julia\u201d.<\/span><span style=\"color: #000080;\">\u00a0<\/span><\/p>\n<p style=\"font-family: Verdana, Arial, Helvetica, sans-serif; text-align: justify;\"><span style=\"color: #000080;\">Botei a m\u00e3o na testa e soltei um \u201c\u00e9 mesmo\u201d que irritou mais ainda minha ex, que contou que precisava desligar e assim nossa conversa se encerrou.<\/span><span style=\"color: #000080;\">\u00a0<\/span><\/p>\n<p style=\"font-family: Verdana, Arial, Helvetica, sans-serif; text-align: justify;\"><span style=\"color: #000080;\">Falei sozinho \u201cpelo menos me chamou e n\u00e3o o Z\u00e9. Pegaria mal a Julia ir ao col\u00e9gio com duas mam\u00e3es\u201d. Nisso voltei a prestar aten\u00e7\u00e3o na tv e passava o notici\u00e1rio.<\/span><span style=\"color: #000080;\">\u00a0<\/span><\/p>\n<p style=\"font-family: Verdana, Arial, Helvetica, sans-serif; text-align: justify;\"><span style=\"color: #000080;\">O notici\u00e1rio falava da pris\u00e3o do ex-presidente da Acad\u00eamicos de Gericin\u00f3, o Rabiola, acusado de recepta\u00e7\u00e3o. O homem foi encontrado com um caminh\u00e3o de salm\u00e3o que ningu\u00e9m sabia a proced\u00eancia, dentro de um barrac\u00e3o.\u00a0<\/span><span style=\"color: #000080;\">A pol\u00edcia levava o Rabiola com a imprensa tentando entrevist\u00e1-lo e tirar suas fotos, enquanto o homem passava com a cabe\u00e7a baixa. Eu olhei bem e falei \u201cacho que conhe\u00e7o esse caboclo\u201d.<\/span><span style=\"color: #000080;\">\u00a0<\/span><\/p>\n<p style=\"font-family: Verdana, Arial, Helvetica, sans-serif; text-align: justify;\"><span style=\"color: #000080;\">Ao comentar, meu telefone toca. Era meu pai perguntando se estava vendo o notici\u00e1rio. Respondi que sim e ele me lembrou de onde lhe conhecia. Antes de ser presidente da Acad\u00eamicos de Gericin\u00f3 ele foi diretor de bateria da Lins Imperial na \u00e9poca em que n\u00f3s frequent\u00e1vamos<\/span><span style=\"color: #000080;\">\u00a0a escola.<\/span><span style=\"color: #000080;\">\u00a0<\/span><\/p>\n<p style=\"font-family: Verdana, Arial, Helvetica, sans-serif; text-align: justify;\"><span style=\"color: #000080;\">Respondi \u201c\u00e9 mesmo\u201d e meu pai perguntou se eu queria ouvir uma hist\u00f3ria boa sobre ele. Preparei o celular pra gravar e pedi pro meu velho \u201cmandar ver\u201d.<\/span><span style=\"color: #000080;\">\u00a0<\/span><\/p>\n<p style=\"font-family: Verdana, Arial, Helvetica, sans-serif; text-align: justify;\"><span style=\"color: #000080;\">Rabiola n\u00e3o chegara a ser mestre de bateria, mas era um diretor de respeito. Rodou por escolas como Lins Imperial, Para\u00edso do Tuiuti e Flor da Mina do Andara\u00ed. Diretor de bastante conhecimento era muito querido e com isso conseguiu in\u00fameros ritmistas pra lhe seguirem pelas escolas que percorria.<\/span><span style=\"color: #000080;\">\u00a0<\/span><\/p>\n<p style=\"font-family: Verdana, Arial, Helvetica, sans-serif; text-align: justify;\"><span style=\"color: #000080;\">Morava no morro de Gericin\u00f3, cria da comunidade e foi l\u00e1 que ganhou o apelido de Rabiola por amar pipas. Quando estava de folga curtia soltar pipas do terra\u00e7o de casa e se dava bem \u201ccortando\u201d v\u00e1rias, se dizia o \u201crei da pipa\u201d.<\/span><span style=\"color: #000080;\">\u00a0<\/span><\/p>\n<p style=\"font-family: Verdana, Arial, Helvetica, sans-serif; text-align: justify;\"><span style=\"color: #000080;\">Gericin\u00f3 n\u00e3o tinha escolas de samba. Eu disse \u201ctinha\u201d, no passado mesmo, porque decidiram criar uma. Na verdade quem decidiu criar foi a \u201crapaziada\u201d.<\/span><span style=\"color: #000080;\">\u00a0<\/span><\/p>\n<p style=\"font-family: Verdana, Arial, Helvetica, sans-serif; text-align: justify;\"><span style=\"color: #000080;\">O termo \u201crapaziada\u201d muitas vezes \u00e9 usado para denominar os traficantes locais e como boa parte das comunidades do Rio de Janeiro, Gericin\u00f3 era comandada por uma \u201crapaziada\u201d. O nome ou apelido do dono do peda\u00e7o era \u201cFree Willy\u201d em homenagem mesmo \u00e0 baleia e ele adorava m\u00fasica.<\/span><span style=\"color: #000080;\">\u00a0<\/span><\/p>\n<p style=\"font-family: Verdana, Arial, Helvetica, sans-serif; text-align: justify;\"><span style=\"color: #000080;\">O traficante era um dos comandantes do movimentado baile funk que tomava conta da comunidade todas as sextas e um dia sentiu falta de samba. Queria porque queria uma escola de samba no local.<\/span><span style=\"color: #000080;\">\u00a0<\/span><\/p>\n<p style=\"font-family: Verdana, Arial, Helvetica, sans-serif; text-align: justify;\"><span style=\"color: #000080;\">Decidiu chamar Rabiola e perguntar como se montava uma escola de samba. Rabiola passou todo o procedimento e Free Willy comentou \u201cbeleza, vou montar a escola de samba, nossa comunidade merece uma escola. Voc\u00ea vai ser o mestre de bateria e o Beto Perneta o presidente\u201d.<\/span><span style=\"color: #000080;\">\u00a0<\/span><\/p>\n<p style=\"font-family: Verdana, Arial, Helvetica, sans-serif; text-align: justify;\"><span style=\"color: #000080;\">Montou a escola e ela cresceu como um meteoro. Gra\u00e7as a muito dinheiro do tr\u00e1fico investido ganhou todos os grupos de acesso com extrema facilidade, at\u00e9 chegar ao grupo B do carnaval carioca, o que equivalia na \u00e9poca \u00e0 terceira divis\u00e3o. Apenas a dois passos do grupo especial &#8211; e j\u00e1 na Marqu\u00eas de Sapuca\u00ed.<\/span><span style=\"color: #000080;\">\u00a0<\/span><\/p>\n<p style=\"font-family: Verdana, Arial, Helvetica, sans-serif; text-align: justify;\"><span style=\"color: #000080;\">Apesar de ser uma escola pequena a Acad\u00eamicos de Gericin\u00f3 \u201cbombava\u201d. Com muito dinheiro ela pagava os melhores sal\u00e1rios poss\u00edveis para cantores, mestre e diretores de bateria, casal de mestre sala e porta bandeira, harmonia e dire\u00e7\u00e3o de carnaval. As pessoas brigavam para poder fazer parte da escola.<\/span><span style=\"color: #000080;\">\u00a0<\/span><\/p>\n<p style=\"font-family: Verdana, Arial, Helvetica, sans-serif; text-align: justify;\"><span style=\"color: #000080;\">Os ensaios realizados na rua ficavam lotados e playboys e patricinhas se misturavam a bandidos com fuzis na m\u00e3o na roda de samba.<\/span><span style=\"color: #000080;\">\u00a0<\/span><\/p>\n<p style=\"font-family: Verdana, Arial, Helvetica, sans-serif; text-align: justify;\"><span style=\"color: #000080;\">E a escola fez uma grande festa quando venceu o grupo C com 10 em tudo &#8211; at\u00e9 em quesito que n\u00e3o existia. Bebida e p\u00f3 liberados. Um famoso cantor se atracou com uma garrafa enorme de u\u00edsque e doid\u00e3o cantava diversos sambas de sua escola no palco nem percebendo que sua noiva era levada pelos traficantes para conhecer Free Willy de modo mais \u00edntimo.<\/span><span style=\"color: #000080;\">\u00a0<\/span><\/p>\n<p style=\"font-family: Verdana, Arial, Helvetica, sans-serif; text-align: justify;\"><span style=\"color: #000080;\">Quem se dava bem com tudo aquilo era Rabiola que finalmente realizava o sonho de ser mestre de bateria e ganhava um excelente dinheiro, reformando a casa.\u00a0<\/span><span style=\"color: #000080;\">Algumas semanas depois da conquista do grupo C a escola come\u00e7ou a se planejar para o desfile seguinte &#8211; e a estreia na Sapuca\u00ed &#8211; e Free Willy chamou Rabiola pra conversar na boca.<\/span><span style=\"color: #000080;\">\u00a0<\/span><\/p>\n<p style=\"font-family: Verdana, Arial, Helvetica, sans-serif; text-align: justify;\"><span style=\"color: #000080;\">Rabiola no local perguntou se tinha ocorrido alguma coisa e consternado o traficante contou que Beto Perneta morrera. Assustado Rabiola perguntou o motivo e Free Willy contou \u201cuma fatalidade, bala perdida: trinta balas perdidas na verdade\u201d.<\/span><\/p>\n<p style=\"font-family: Verdana, Arial, Helvetica, sans-serif; text-align: justify;\"><span style=\"color: #000080;\">Rabiola lamentou e perguntou quem assumiria a escola. Free Willy deu um sorriso desdentado e comentou \u201cpra isso que te trouxe aqui, voc\u00ea \u00e9 o novo presidente\u201d.<\/span><span style=\"color: #000080;\">\u00a0<\/span><\/p>\n<p style=\"font-family: Verdana, Arial, Helvetica, sans-serif; text-align: justify;\"><span style=\"color: #000080;\">Rabiola contou que se sentia lisonjeado, mas n\u00e3o estava preparado para o cargo quando os traficantes engatilharam as armas e ele mudou de ideia, agradecendo e aceitando o convite.<\/span><span style=\"color: #000080;\">\u00a0<\/span><\/p>\n<p style=\"font-family: Verdana, Arial, Helvetica, sans-serif; text-align: justify;\"><span style=\"color: #000080;\">Conversaram sobre o carnaval seguinte e Rabiola sugeriu que fizessem carnaval com enredo afro, que se gastava menos e sempre sa\u00edam \u00f3timos desfiles. Free Willy recusou alegando ser evang\u00e9lico e n\u00e3o gostar de macumba.<\/span><span style=\"color: #000080;\">\u00a0<\/span><\/p>\n<p style=\"font-family: Verdana, Arial, Helvetica, sans-serif; text-align: justify;\"><span style=\"color: #000080;\">O tempo passou e Free Willy liberou um milh\u00e3o para a escola fazer o carnaval. Separou mais duzentos mil e disse a Rabiola \u201cisso aqui \u00e9 pra garantir a vit\u00f3ria: d\u00e1 pros homens da liga\u201d.<\/span><span style=\"color: #000080;\">\u00a0<\/span><\/p>\n<p style=\"font-family: Verdana, Arial, Helvetica, sans-serif; text-align: justify;\"><span style=\"color: #000080;\">O carnaval ia ficando suntuoso, lindo e Rabiola teve uma \u201cbrilhante id\u00e9ia\u201d. N\u00e3o precisava daquele dinheiro todo para ganhar o carnaval: ent\u00e3o desviou n\u00e3o s\u00f3 trezentos mil do milh\u00e3o para fazer o desfile como n\u00e3o subornou ningu\u00e9m e pegou pra si os duzentos mil.<\/span><span style=\"color: #000080;\">\u00a0<\/span><\/p>\n<p style=\"font-family: Verdana, Arial, Helvetica, sans-serif; text-align: justify;\"><span style=\"color: #000080;\">Com quinhentos mil transformou a casa em mans\u00e3o e comprou um\u00a0<\/span><span style=\"color: #000080;\">carro novo.<\/span><span style=\"color: #000080;\">\u00a0<\/span><\/p>\n<p style=\"font-family: Verdana, Arial, Helvetica, sans-serif; text-align: justify;\"><span style=\"color: #000080;\">Free Willy achou estranha \u00e0quela s\u00fabita riqueza de Rabiola, mas &#8216;deixou quieto&#8217;. No dia do desfile encontrou um diretor amigo da liga e perguntou \u201ce a\u00ed chefia? Ta tudo certo?\u201d. O homem respondeu que n\u00e3o, pois n\u00e3o recebera nada.<\/span><span style=\"color: #000080;\">\u00a0<\/span><\/p>\n<p style=\"font-family: Verdana, Arial, Helvetica, sans-serif; text-align: justify;\"><span style=\"color: #000080;\">Free Willy, que era um neg\u00e3o, ficou branco e perguntou \u201cComo assim? Mandei a grana pelo Rabiola!!\u201d. O homem respondeu que nada chegara nele e que aquele ano \u201cseria \u00e0 vera, ganharia quem desfilasse melhor\u201d.<\/span><span style=\"color: #000080;\">\u00a0<\/span><\/p>\n<p style=\"font-family: Verdana, Arial, Helvetica, sans-serif; text-align: justify;\"><span style=\"color: #000080;\">O neg\u00e3o que ficara branco depois ficou verde, azul, amarelo e voltou correndo pro morro. Encontrou Rabiola descendo a comunidade e mandou que retornasse. Rabiola alegou que tinha que botar a escola na avenida quando todos os traficantes engatilharam seus fuzis e Free Willy disse: \u201cvolta, seu filho da puta!\u201d<\/span><span style=\"color: #000080;\">\u00a0<\/span><\/p>\n<p style=\"font-family: Verdana, Arial, Helvetica, sans-serif; text-align: justify;\"><span style=\"color: #000080;\">Voltaram com o presidente da escola e foram para a boca de fumo. Rabiola apanhou mais que boneco de Judas em s\u00e1bado de aleluia e deixaram o homem apenas de cueca.\u00a0<\/span><span style=\"color: #000080;\">No fim da surra Free Willy perguntou \u201csabe rezar safado?\u201d. Rabiola respondeu que n\u00e3o e o traficante completou \u201cent\u00e3o aprenda porque se a escola n\u00e3o ganhar tu t\u00e1 morto\u201d.<\/span><span style=\"color: #000080;\">\u00a0<\/span><\/p>\n<p style=\"font-family: Verdana, Arial, Helvetica, sans-serif; text-align: justify;\"><span style=\"color: #000080;\">A escola desfilou bem e todos aguardavam ansiosos pela apura\u00e7\u00e3o, ainda mais Rabiola que estava preso na boca de fumo e s\u00f3 sairia dali depois do resultado. Vivo ou morto.\u00a0<\/span><span style=\"color: #000080;\">Na hora da apura\u00e7\u00e3o todos os traficantes se reuniram com Rabiola em volta de um radinho para acompanhar os resultados. Rabiola\u00a0<\/span><span style=\"color: #000080;\">rezava ajoelhado com doze fuzis apontados para sua cabe\u00e7a.<\/span><span style=\"color: #000080;\">\u00a0<\/span><\/p>\n<p style=\"font-family: Verdana, Arial, Helvetica, sans-serif; text-align: justify;\"><span style=\"color: #000080;\">No pen\u00faltimo quesito a Acad\u00eamicos tomou 9.9 em samba-enredo o que lhe fez ficar atr\u00e1s do Arranco de Engenho de Dentro. A tens\u00e3o tomou conta da boca, Rabiola se borrou e Free Willy disse \u201ct\u00e1 fodido, neg\u00e3o\u201d.<\/span><span style=\"color: #000080;\">\u00a0<\/span><\/p>\n<p style=\"font-family: Verdana, Arial, Helvetica, sans-serif; text-align: justify;\"><span style=\"color: #000080;\">Chegaram ao \u00faltimo quesito, bateria e as duas escolas levaram 10 dos tr\u00eas primeiros julgadores. Chegou a hora do \u00faltimo julgador e a Arranco vencia por um d\u00e9cimo. Na hora da nota da Acad\u00eamicos ela recebeu 10, faltava a nota do Arranco.<\/span><span style=\"color: #000080;\">\u00a0<\/span><\/p>\n<p style=\"font-family: Verdana, Arial, Helvetica, sans-serif; text-align: justify;\"><span style=\"color: #000080;\">Engatilharam as armas prontos pra atirar e o locutor anunciou \u201cArranco de Engenho de Dentro 9,9\u201d. Rabiola come\u00e7ou a pular feito um louco e gritar \u201cCampe\u00e3o!! Campe\u00e3o!!\u201d. Ningu\u00e9m entendeu nada e Rabiola abra\u00e7ou Free Willy dizendo \u201cCampe\u00e3o!! O quesito desempate era bateria!!\u201d<\/span><span style=\"color: #000080;\">\u00a0<\/span><\/p>\n<p style=\"font-family: Verdana, Arial, Helvetica, sans-serif; text-align: justify;\"><span style=\"color: #000080;\">Os traficantes come\u00e7aram a comemorar. Pulavam como loucos, chegaram na janela e come\u00e7aram a atirar comemorando mais um campeonato da Acad\u00eamicos. Emocionado Free Willy mandou que pegassem champanhe na geladeira e no meio de tanta comemora\u00e7\u00e3o nem perceberam que Rabiola se mandou.<\/span><span style=\"color: #000080;\">\u00a0<\/span><\/p>\n<p style=\"font-family: Verdana, Arial, Helvetica, sans-serif; text-align: justify;\"><span style=\"color: #000080;\">Rabiola, de cueca apenas, desceu o morro a cento e vinte por hora e j\u00e1 estava bem longe quando Free Willy percebeu que fora enganado. O quesito desempate era samba-enredo e a Acad\u00eamicos de Gericin\u00f3 tinha perdido o campeonato.<\/span><span style=\"color: #000080;\">\u00a0<\/span><\/p>\n<p style=\"font-family: Verdana, Arial, Helvetica, sans-serif; text-align: justify;\"><span style=\"color: #000080;\">E dessa forma Rabiola escapou do cerol.<\/span><\/p>\n","protected":false},"excerpt":{"rendered":"<p>(Foto: Fabr\u00edcio Gomes) Neste s\u00e1bado mais uma edi\u00e7\u00e3o da coluna de contos sambistas do compositor Aloisio Villar, a &#8220;Enredo do Meu Samba&#8221;. Presidente em MausTour Details<\/p>\n","protected":false},"author":2,"featured_media":0,"comment_status":"open","ping_status":"open","sticky":false,"template":"","format":"standard","meta":{"footnotes":""},"categories":[290],"tags":[29,19],"class_list":["post-17376","post","type-post","status-publish","format-standard","hentry","category-enredo-do-meu-samba","tag-contos","tag-escolas-de-samba"],"_links":{"self":[{"href":"http:\/\/www.pedromigao.com.br\/ourodetolo\/wp-json\/wp\/v2\/posts\/17376","targetHints":{"allow":["GET"]}}],"collection":[{"href":"http:\/\/www.pedromigao.com.br\/ourodetolo\/wp-json\/wp\/v2\/posts"}],"about":[{"href":"http:\/\/www.pedromigao.com.br\/ourodetolo\/wp-json\/wp\/v2\/types\/post"}],"author":[{"embeddable":true,"href":"http:\/\/www.pedromigao.com.br\/ourodetolo\/wp-json\/wp\/v2\/users\/2"}],"replies":[{"embeddable":true,"href":"http:\/\/www.pedromigao.com.br\/ourodetolo\/wp-json\/wp\/v2\/comments?post=17376"}],"version-history":[{"count":0,"href":"http:\/\/www.pedromigao.com.br\/ourodetolo\/wp-json\/wp\/v2\/posts\/17376\/revisions"}],"wp:attachment":[{"href":"http:\/\/www.pedromigao.com.br\/ourodetolo\/wp-json\/wp\/v2\/media?parent=17376"}],"wp:term":[{"taxonomy":"category","embeddable":true,"href":"http:\/\/www.pedromigao.com.br\/ourodetolo\/wp-json\/wp\/v2\/categories?post=17376"},{"taxonomy":"post_tag","embeddable":true,"href":"http:\/\/www.pedromigao.com.br\/ourodetolo\/wp-json\/wp\/v2\/tags?post=17376"}],"curies":[{"name":"wp","href":"https:\/\/api.w.org\/{rel}","templated":true}]}}