{"id":16241,"date":"2013-01-29T15:09:03","date_gmt":"2013-01-29T17:09:03","guid":{"rendered":"http:\/\/www.pedromigao.com.br\/ourodetolo\/?p=16241"},"modified":"2013-01-29T15:09:47","modified_gmt":"2013-01-29T17:09:47","slug":"orun-aye-a-fumaca-que-sufoca-um-pais","status":"publish","type":"post","link":"http:\/\/www.pedromigao.com.br\/ourodetolo\/2013\/01\/orun-aye-a-fumaca-que-sufoca-um-pais\/","title":{"rendered":"Orun Ay\u00e9 &#8211; &#8220;A Fuma\u00e7a que Sufoca um Pa\u00eds&#8221;"},"content":{"rendered":"<p style=\"font-family: Verdana, Arial, Helvetica, sans-serif;text-align: justify\"><a href=\"http:\/\/www.pedromigao.com.br\/ourodetolo\/wp-content\/uploads\/2013\/01\/28012013santamariaenterrotarde0020.jpg\"><img loading=\"lazy\" decoding=\"async\" class=\"aligncenter size-large wp-image-16242\" alt=\"28012013santamariaenterrotarde0020\" src=\"http:\/\/www.pedromigao.com.br\/ourodetolo\/wp-content\/uploads\/2013\/01\/28012013santamariaenterrotarde0020-453x340.jpg\" width=\"453\" height=\"340\" srcset=\"http:\/\/www.pedromigao.com.br\/ourodetolo\/wp-content\/uploads\/2013\/01\/28012013santamariaenterrotarde0020-453x340.jpg 453w, http:\/\/www.pedromigao.com.br\/ourodetolo\/wp-content\/uploads\/2013\/01\/28012013santamariaenterrotarde0020-300x224.jpg 300w, http:\/\/www.pedromigao.com.br\/ourodetolo\/wp-content\/uploads\/2013\/01\/28012013santamariaenterrotarde0020.jpg 619w\" sizes=\"auto, (max-width: 453px) 100vw, 453px\" \/><\/a><em><span style=\"color: #000080\">(Foto: Terra)<\/span><\/em><\/p>\n<p style=\"font-family: Verdana, Arial, Helvetica, sans-serif;text-align: justify\"><span style=\"color: #000080\">Em edi\u00e7\u00e3o extra, a <strong>coluna &#8220;Orun Ay\u00e9&#8221;, do compositor Alosio Villar<\/strong>, nos fala sob a trag\u00e9dia de Santa Maria sob outro aspecto.<\/span><\/p>\n<p style=\"font-family: Verdana, Arial, Helvetica, sans-serif;text-align: justify\"><span style=\"text-decoration: underline\"><em><strong><span style=\"color: #000080;text-decoration: underline\">A Fuma\u00e7a que Sufoca um Pa\u00eds<\/span><\/strong><\/em><\/span><\/p>\n<p style=\"font-family: Verdana, Arial, Helvetica, sans-serif;text-align: justify\"><span style=\"color: #000080\">Domingo, 27 de janeiro de 2013.\u00a0<\/span><\/p>\n<p style=\"font-family: Verdana, Arial, Helvetica, sans-serif;text-align: justify\"><span style=\"color: #000080;font-family: Verdana, Arial, Helvetica, sans-serif\">Uma sensa\u00e7\u00e3o estranha tomou conta do brasileiro nesse domingo. Uma sensa\u00e7\u00e3o de inc\u00f4modo, mal estar,\u00a0enjoo\u00a0&#8211; como se estiv\u00e9ssemos sufocados com fuma\u00e7a.\u00a0E est\u00e1vamos.<\/span><span style=\"color: #000080;font-family: Verdana, Arial, Helvetica, sans-serif\">\u00a0<\/span><\/p>\n<p style=\"font-family: Verdana, Arial, Helvetica, sans-serif;text-align: justify\"><span style=\"color: #000080\">Uma fuma\u00e7a com cheiro de morte vinha do Sul do pa\u00eds e lentamente tomou conta do Brasil. Uma trag\u00e9dia da propor\u00e7\u00e3o de uma chama que suga sonhos e futuros.\u00a0<\/span><\/p>\n<p style=\"font-family: Verdana, Arial, Helvetica, sans-serif;text-align: justify\"><span style=\"color: #000080\">Uma hist\u00f3ria que aparentemente tem nada a ver com a gente. Nunca fui a Santa Maria, apesar de ser a terra da minha av\u00f3, n\u00e3o conhe\u00e7o nenhuma dessas pessoas que morreram na boate e nunca tinha ouvido falar na banda que faz show pirot\u00e9cnico em ambiente fechado.\u00a0<\/span><\/p>\n<p style=\"font-family: Verdana, Arial, Helvetica, sans-serif;text-align: justify\"><span style=\"color: #000080\">Mas fiquei com esse gosto de fuma\u00e7a na boca. Passei o dia com baixo astral como milh\u00f5es de pessoas ficaram, incomodado com a situa\u00e7\u00e3o, triste com a trag\u00e9dia.\u00a0<\/span><\/p>\n<p style=\"font-family: Verdana, Arial, Helvetica, sans-serif;text-align: justify\"><span style=\"color: #000080\">Quando acontece uma trag\u00e9dia dessas propor\u00e7\u00f5es, como dos edif\u00edcios Joelma e Andorinhas, o Bateau Mouche e maior de todas as trag\u00e9dias, a do Grand Circo Americano em Niter\u00f3i (onde mais de 500 pessoas morreram), n\u00f3s morremos um pouco.\u00a0<\/span><\/p>\n<p style=\"font-family: Verdana, Arial, Helvetica, sans-serif;text-align: justify\"><span style=\"color: #000080\">Morremos porque temos a certeza que trag\u00e9dias n\u00e3o s\u00e3o coisas distantes de n\u00f3s. Podem acontecer conosco, podem nos rondar. N\u00e3o pensamos nisso quando vamos a uma boate ou escola de samba e n\u00e3o olhamos se tem porta de emerg\u00eancia. Quando nossos pais pedem que a gente avise que est\u00e1 tudo bem, n\u00e3o chegue tarde ou aquela s\u00e9rie de recomenda\u00e7\u00f5es que achamos besteira.\u00a0<\/span><\/p>\n<p style=\"font-family: Verdana, Arial, Helvetica, sans-serif;text-align: justify\"><span style=\"color: #000080\">E d\u00e1 um frio na espinha, os olhos ficam molhados quando pensamos que somos pais, nossos filhos est\u00e3o crescendo e chegando na idade de nos dar um abra\u00e7o e sair para balada. A balada que n\u00e3o sabemos como acabar\u00e1.\u00a0<\/span><\/p>\n<p style=\"font-family: Verdana, Arial, Helvetica, sans-serif;text-align: justify\"><span style=\"color: #000080\">Qual a sensa\u00e7\u00e3o de perder um filho? N\u00e3o sei e nunca quero saber, mas deve ser devastadora. &#8216;Enterrar um filho \u00e9 uma vida invertida&#8217;, como disse o Jos\u00e9 de Abreu no twitter.\u00a0<\/span><\/p>\n<p style=\"font-family: Verdana, Arial, Helvetica, sans-serif;text-align: justify\"><span style=\"color: #000080\">\u00c9 pensar que a mo\u00e7a que postou no facebook atrav\u00e9s do celular que a boate pegava fogo, pedia socorro e pouco depois faleceu poderia ser minha filha, pensar que o celular com 104 chamadas encontrado ao lado do corpo de um jovem poderia ser o celular dela, que a palavra m\u00e3e\u201d escrita na tela do telefone ao lados do n\u00famero 104 poderia ser da m\u00e3e de minha filha desesperada tentando falar com ela.\u00a0<\/span><\/p>\n<p style=\"font-family: Verdana, Arial, Helvetica, sans-serif;text-align: justify\"><span style=\"color: #000080\">Podia seu o amor da minha vida me mandando sms dizendo <em>\u201cvou morrer, n\u00e3o vou conseguir sair, s\u00f3 quero dizer que te amo\u201d<\/em> como um rapaz fez com a namorada.\u00a0<\/span><\/p>\n<p style=\"font-family: Verdana, Arial, Helvetica, sans-serif;text-align: justify\"><span style=\"color: #000080\">J\u00e1 pararam pra pensar de quantas roubadas nossos pais j\u00e1 nos livraram? Aquela hist\u00f3ria de voc\u00ea querer sair, a m\u00e3e n\u00e3o deixar, responder pra ela \u201ctodo mundo vai\u201d e ela dar aquele argumento definitivo que sempre odiamos \u201cvoc\u00ea n\u00e3o \u00e9 todo mundo\u201d?<\/span><\/p>\n<p style=\"font-family: Verdana, Arial, Helvetica, sans-serif;text-align: justify\"><span style=\"color: #000080\">Mais de 200 vidas interrompidas, 200 vidas ceifadas pela l\u00f3gica do capitalismo que diz que voc\u00ea pode morrer queimado, desde que pague a comanda. Ali\u00e1s, a comanda \u00e9 um c\u00e1rcere porque te obriga a ficar em um local at\u00e9 que voc\u00ea pague.\u00a0<\/span><\/p>\n<p style=\"font-family: Verdana, Arial, Helvetica, sans-serif;text-align: justify\"><span style=\"color: #000080\">Os estabelecimentos n\u00e3o deixam que voc\u00ea pague na hora o que consumiu, porque querem que voc\u00ea se torne ref\u00e9m da comanda. Sabem que com uma comanda na m\u00e3o o cliente se sente \u201cmais livre\u201d para beber: \u00e9 s\u00f3 pedir a bebida e anotar no papel.\u00a0Sem saber que essa liberdade para consumir pode ser seu transtorno no fim.\u00a0<\/span><\/p>\n<p style=\"font-family: Verdana, Arial, Helvetica, sans-serif;text-align: justify\"><span style=\"color: #000080\">Pesquisas j\u00e1 indicam que os maiores problemas em boates ocorrem nas filas enormes que s\u00e3o criadas na hora de pagar as comandas. Qual o pre\u00e7o a pagar nesse papel marcado com o xis do consumo?\u00a0<\/span><\/p>\n<p style=\"font-family: Verdana, Arial, Helvetica, sans-serif;text-align: justify\"><span style=\"color: #000080\">Em Santa Maria, o pre\u00e7o foi a vida. A vida que poderia ter sido preservada se os seguran\u00e7as abrissem a \u00fanica porta do estabelecimento quando a multid\u00e3o desesperada quis sair. \u00danica sa\u00edda&#8230; A \u00fanica sa\u00edda de um ambiente cheio, com milhares de jovens e que pelo jeito funcionava com uma liminar.\u00a0<\/span><\/p>\n<p style=\"font-family: Verdana, Arial, Helvetica, sans-serif;text-align: justify\"><span style=\"color: #000080\">Mas \u00e9 t\u00edpico de nosso pa\u00eds o jeitinho. Seja o jeitinho pra abrir uma boate e mant\u00ea-la em funcionamento ou para avisar ao amigo que bebeu um pouco demais onde tem lei seca. Todo mundo que bebeu diz que se garante no volante e n\u00e3o ser\u00e1 um pouco de cerveja ou u\u00edsque que vai lhe prejudicar dirigindo.\u00a0<\/span><\/p>\n<p style=\"font-family: Verdana, Arial, Helvetica, sans-serif;text-align: justify\"><span style=\"color: #000080\">Como se as in\u00fameras pessoas que destru\u00edram vidas e fam\u00edlias ao longo dos anos n\u00e3o tivessem o mesmo pensamento.\u00a0<\/span><\/p>\n<p style=\"font-family: Verdana, Arial, Helvetica, sans-serif;text-align: justify\"><span style=\"color: #000080\">O Brasil n\u00e3o precisa de novas leis: precisa que se cumpram as existentes. O Brasil \u00e9 o pa\u00eds da irregularidade, que foge de lei seca, estaciona em local proibido, recebe propina no congresso e abre boates sem alvar\u00e1.\u00a0<\/span><\/p>\n<p style=\"font-family: Verdana, Arial, Helvetica, sans-serif;text-align: justify\"><span style=\"color: #000080\">\u00c9, mas agora n\u00e3o adianta chorar pelo leite derramado, mais de 200 mortes. N\u00e3o foi minha filha gra\u00e7as a Deus, n\u00e3o foi seu irm\u00e3o, seu tio, seu pai, ningu\u00e9m conhecido. Mas at\u00e9 quando daremos gra\u00e7as a Deus? Quando n\u00e3o ser\u00e1 a gente que vai receber liga\u00e7\u00e3o da pol\u00edcia, de um hospital ou dos bombeiros dizendo que a saudade chegou para ficar?\u00a0<\/span><\/p>\n<p style=\"font-family: Verdana, Arial, Helvetica, sans-serif;text-align: justify\"><span style=\"color: #000080\">Chora o Brasil, chora nossa presidente, choram nossas almas sufocadas pela fuma\u00e7a. Sangram nossos corpos e nossa auto-estima a sensa\u00e7\u00e3o de imunidade a desgra\u00e7as e trag\u00e9dias. Somos todos impotentes diante de acontecimentos como esse e a impress\u00e3o que se instala em n\u00f3s vendo o notici\u00e1rio, vendo a dor daqueles que perderam filhos, sobrinhos, amigos que sa\u00edram de casa para se divertir \u00e9 de falta de ar. A fuma\u00e7a negra est\u00e1 em volta de n\u00f3s e n\u00e3o vemos a sa\u00edda de emerg\u00eancia.\u00a0<\/span><\/p>\n<p style=\"font-family: Verdana, Arial, Helvetica, sans-serif;text-align: justify\"><span style=\"color: #000080\">E num momento como esse s\u00f3 nos d\u00e1 vontade de abra\u00e7ar filhos, pais, amigos, parentes, pessoas que amamos e no calor delas sentir conforto. Se tiver vontade de falar a alguns deles que os ama diga.\u00a0<\/span><\/p>\n<p style=\"font-family: Verdana, Arial, Helvetica, sans-serif;text-align: justify\"><span style=\"color: #000080\">A gente nunca sabe quando ser\u00e1 a \u00faltima vez.\u00a0Palavras n\u00e3o mensuram o que se passa diante de nossos olhos. S\u00f3 nos resta chorar pelo peda\u00e7o que perdemos.\u00a0As l\u00e1grimas s\u00e3o as \u00fanicas palavras quando o cora\u00e7\u00e3o perde a voz&#8230;<\/span><\/p>\n<p><iframe loading=\"lazy\" title=\"Peda\u00e7o de mim - Chico Buarque e Zizi Possi\" width=\"525\" height=\"394\" src=\"https:\/\/www.youtube.com\/embed\/JIFWpMzwUnc?feature=oembed\" frameborder=\"0\" allow=\"accelerometer; autoplay; clipboard-write; encrypted-media; gyroscope; picture-in-picture; web-share\" referrerpolicy=\"strict-origin-when-cross-origin\" allowfullscreen><\/iframe><\/p>\n<p style=\"font-family: Verdana, Arial, Helvetica, sans-serif;text-align: justify\"><em><span style=\"color: #000080\">Peda\u00e7o de Mim<\/span><\/em><\/p>\n<p style=\"font-family: Verdana, Arial, Helvetica, sans-serif;text-align: justify\"><em><span style=\"color: #000080\">(Chico Buarque)\u00a0<\/span><\/em><\/p>\n<p style=\"font-family: Verdana, Arial, Helvetica, sans-serif;text-align: justify\"><em><span style=\"color: #000080\">Oh, peda\u00e7o de mim<\/span><\/em><br \/>\n<em><span style=\"color: #000080\"> Oh, metade afastada de mim<\/span><\/em><br \/>\n<em><span style=\"color: #000080\"> Leva o teu olhar<\/span><\/em><br \/>\n<em><span style=\"color: #000080\"> Que a saudade \u00e9 o pior tormento<\/span><\/em><br \/>\n<em><span style=\"color: #000080\"> \u00c9 pior do que o esquecimento<\/span><\/em><br \/>\n<em><span style=\"color: #000080\"> \u00c9 pior do que se entrevar<\/span><\/em><\/p>\n<p style=\"font-family: Verdana, Arial, Helvetica, sans-serif;text-align: justify\"><em><span style=\"color: #000080\">Oh, peda\u00e7o de mim<\/span><\/em><br \/>\n<em><span style=\"color: #000080\"> Oh, metade exilada de mim<\/span><\/em><br \/>\n<em><span style=\"color: #000080\"> Leva os teus sinais<\/span><\/em><br \/>\n<em><span style=\"color: #000080\"> Que a saudade d\u00f3i como um barco<\/span><\/em><br \/>\n<em><span style=\"color: #000080\"> Que aos poucos descreve um arco<\/span><\/em><br \/>\n<em><span style=\"color: #000080\"> E evita atracar no cais<\/span><\/em><\/p>\n<p style=\"font-family: Verdana, Arial, Helvetica, sans-serif;text-align: justify\"><em><span style=\"color: #000080\">Oh, peda\u00e7o de mim<\/span><\/em><br \/>\n<em><span style=\"color: #000080\"> Oh, metade arrancada de mim<\/span><\/em><br \/>\n<em><span style=\"color: #000080\"> Leva o vulto teu<\/span><\/em><br \/>\n<em><span style=\"color: #000080\"> Que a saudade \u00e9 o rev\u00e9s de um parto<\/span><\/em><br \/>\n<em><span style=\"color: #000080\"> A saudade \u00e9 arrumar o quarto<\/span><\/em><br \/>\n<em><span style=\"color: #000080\"> Do filho que j\u00e1 morreu<\/span><\/em><\/p>\n<p style=\"font-family: Verdana, Arial, Helvetica, sans-serif;text-align: justify\"><em><span style=\"color: #000080\">Oh, peda\u00e7o de mim<\/span><\/em><br \/>\n<em><span style=\"color: #000080\"> Oh, metade amputada de mim<\/span><\/em><br \/>\n<em><span style=\"color: #000080\"> Leva o que h\u00e1 de ti<\/span><\/em><br \/>\n<em><span style=\"color: #000080\"> Que a saudade d\u00f3i latejada<\/span><\/em><br \/>\n<em><span style=\"color: #000080\"> \u00c9 assim como uma fisgada<\/span><\/em><br \/>\n<em><span style=\"color: #000080\"> No membro que j\u00e1 perdi<\/span><\/em><\/p>\n<p style=\"font-family: Verdana, Arial, Helvetica, sans-serif;text-align: justify\"><em><span style=\"color: #000080\">Oh, peda\u00e7o de mim<\/span><\/em><br \/>\n<em><span style=\"color: #000080\"> Oh, metade adorada de mim<\/span><\/em><br \/>\n<em><span style=\"color: #000080\"> Lava os olhos meus<\/span><\/em><br \/>\n<em><span style=\"color: #000080\"> Que a saudade \u00e9 o pior castigo<\/span><\/em><br \/>\n<em><span style=\"color: #000080\"> E eu n\u00e3o quero levar comigo<\/span><\/em><br \/>\n<em><span style=\"color: #000080\"> A mortalha do amor<\/span><\/em><br \/>\n<em><span style=\"color: #000080\"> Adeus<\/span><\/em><\/p>\n<p>&nbsp;<\/p>\n","protected":false},"excerpt":{"rendered":"<p>(Foto: Terra) Em edi\u00e7\u00e3o extra, a coluna &#8220;Orun Ay\u00e9&#8221;, do compositor Alosio Villar, nos fala sob a trag\u00e9dia de Santa Maria sob outro aspecto. ATour Details<\/p>\n","protected":false},"author":2,"featured_media":0,"comment_status":"open","ping_status":"open","sticky":false,"template":"","format":"standard","meta":{"footnotes":""},"categories":[8],"tags":[6],"class_list":["post-16241","post","type-post","status-publish","format-standard","hentry","category-orun-aye","tag-vida-cotidiana"],"_links":{"self":[{"href":"http:\/\/www.pedromigao.com.br\/ourodetolo\/wp-json\/wp\/v2\/posts\/16241","targetHints":{"allow":["GET"]}}],"collection":[{"href":"http:\/\/www.pedromigao.com.br\/ourodetolo\/wp-json\/wp\/v2\/posts"}],"about":[{"href":"http:\/\/www.pedromigao.com.br\/ourodetolo\/wp-json\/wp\/v2\/types\/post"}],"author":[{"embeddable":true,"href":"http:\/\/www.pedromigao.com.br\/ourodetolo\/wp-json\/wp\/v2\/users\/2"}],"replies":[{"embeddable":true,"href":"http:\/\/www.pedromigao.com.br\/ourodetolo\/wp-json\/wp\/v2\/comments?post=16241"}],"version-history":[{"count":0,"href":"http:\/\/www.pedromigao.com.br\/ourodetolo\/wp-json\/wp\/v2\/posts\/16241\/revisions"}],"wp:attachment":[{"href":"http:\/\/www.pedromigao.com.br\/ourodetolo\/wp-json\/wp\/v2\/media?parent=16241"}],"wp:term":[{"taxonomy":"category","embeddable":true,"href":"http:\/\/www.pedromigao.com.br\/ourodetolo\/wp-json\/wp\/v2\/categories?post=16241"},{"taxonomy":"post_tag","embeddable":true,"href":"http:\/\/www.pedromigao.com.br\/ourodetolo\/wp-json\/wp\/v2\/tags?post=16241"}],"curies":[{"name":"wp","href":"https:\/\/api.w.org\/{rel}","templated":true}]}}