{"id":16230,"date":"2013-01-30T09:30:44","date_gmt":"2013-01-30T11:30:44","guid":{"rendered":"http:\/\/www.pedromigao.com.br\/ourodetolo\/?p=16230"},"modified":"2013-01-30T09:32:07","modified_gmt":"2013-01-30T11:32:07","slug":"as-escolas-de-samba-e-o-futebol-algumas-correlacoes-ou-nao","status":"publish","type":"post","link":"http:\/\/www.pedromigao.com.br\/ourodetolo\/2013\/01\/as-escolas-de-samba-e-o-futebol-algumas-correlacoes-ou-nao\/","title":{"rendered":"As escolas de samba e o futebol: algumas correla\u00e7\u00f5es &#8211; ou n\u00e3o"},"content":{"rendered":"<p style=\"font-family: Verdana, Arial, Helvetica, sans-serif;text-align: justify\"><a href=\"http:\/\/www.pedromigao.com.br\/ourodetolo\/wp-content\/uploads\/2013\/01\/107_0856.jpg\"><img loading=\"lazy\" decoding=\"async\" class=\"aligncenter size-large wp-image-16231\" alt=\"107_0856\" src=\"http:\/\/www.pedromigao.com.br\/ourodetolo\/wp-content\/uploads\/2013\/01\/107_0856-453x340.jpg\" width=\"453\" height=\"340\" srcset=\"http:\/\/www.pedromigao.com.br\/ourodetolo\/wp-content\/uploads\/2013\/01\/107_0856-453x340.jpg 453w, http:\/\/www.pedromigao.com.br\/ourodetolo\/wp-content\/uploads\/2013\/01\/107_0856-300x225.jpg 300w\" sizes=\"auto, (max-width: 453px) 100vw, 453px\" \/><\/a><span style=\"color: #000080\">O leitor deve estar estranhando o t\u00edtulo e a foto, mas a ideia \u00e9 justamente esta: causar estranhamento. Afinal de contas, o leitor mais ligado em futebol deve imaginar que todo rubro negro \u00e9 mangueirense, n\u00e3o \u00e9 mesmo? Como este blogueiro torce pela Portela?<\/span><\/p>\n<p style=\"font-family: Verdana, Arial, Helvetica, sans-serif;text-align: justify\"><span style=\"color: #000080\">Pois \u00e9, caro acompanhante deste blog: n\u00e3o h\u00e1 correla\u00e7\u00e3o entre torcidas de futebol e torcidas por escolas de samba &#8220;stricto sensu&#8221;. Ao contr\u00e1rio, a forma de determina\u00e7\u00e3o (em m\u00e9dia) \u00e9 totalmente diferente, n\u00e3o havendo muita influ\u00eancia da torcida por uma equipe de futebol e por escolas de samba. Fique claro que me refiro ao Rio de Janeiro, pois S\u00e3o Paulo h\u00e1 a diferen\u00e7a das torcidas organizadas que viraram escola de samba, que abordarei no decorrer deste post.<\/span><\/p>\n<p style=\"font-family: Verdana, Arial, Helvetica, sans-serif;text-align: justify\"><span style=\"color: #000080\">Normalmente a torcida por um clube de futebol, via de regra, tem tr\u00eas grandes \u00a0influ\u00eancias: a familiar (principal), a fase do time em quest\u00e3o e a dos colegas de inf\u00e2ncia. Estudos indicam que somente por volta de sete, oito anos de idade \u00e9 que a prefer\u00eancia por uma equipe se consolida.<\/span><\/p>\n<p style=\"font-family: Verdana, Arial, Helvetica, sans-serif;text-align: justify\"><span style=\"color: #000080\">Eu mesmo venho de uma fam\u00edlia rubro negra &#8211; apesar de av\u00f4 tricolor &#8211; e peguei quando crian\u00e7a e in\u00edcio da adolesc\u00eancia a Era Zico, das maiores conquistas do clube. Ficou f\u00e1cil ser Flamengo. Por outro lado tenho um primo que, apesar de minha (hoje falecida) tia ser fan\u00e1tica rubro negra acabou se tornando vasca\u00edno, pois sua\u00a0inf\u00e2ncia ao mesmo tempo\u00a0encontrou uma fase horrorosa do Flamengo e o maior t\u00edtulo alvinegro &#8211; a Libertadores de 98.<\/span><\/p>\n<p style=\"font-family: Verdana, Arial, Helvetica, sans-serif;text-align: justify\"><span style=\"color: #000080\">O leitor h\u00e1 de se perguntar: e isso funciona tamb\u00e9m para as escolas de samba? Via de regra, diria que n\u00e3o.<\/span><\/p>\n<p style=\"font-family: Verdana, Arial, Helvetica, sans-serif;text-align: justify\"><span style=\"color: #000080\">A maior influ\u00eancia para a defini\u00e7\u00e3o por uma escola de samba &#8220;do cora\u00e7\u00e3o&#8221;, em m\u00e9dia, \u00e9 a geogr\u00e1fica. Especialmente o carioca &#8211; isso n\u00e3o vale muito para outros estados &#8211; tende a torcer pela agremia\u00e7\u00e3o pr\u00f3xima do local onde nasceu, foi criado ou mora. A Zona Sul, que n\u00e3o tem uma agremia\u00e7\u00e3o especificamente forte &#8211; a pr\u00f3pria S\u00e3o Clemente, que tem origem em Botafogo, hoje ensaia no Centro &#8211; acabou adotando a Portela anteriormente e hoje ainda a \u00c1guia e a Beija Flor.<\/span><\/p>\n<p style=\"font-family: Verdana, Arial, Helvetica, sans-serif;text-align: justify\"><span style=\"color: #000080\">Os resultados tamb\u00e9m influenciam. A \u00faltima pesquisa sobre torcidas que encontrei dispon\u00edvel, de 2008, indicava que a Beija Flor &#8211; que vinha naquele momento de cinco t\u00edtulos em seis anos, 2003\/04\/05\/07\/08 &#8211; era a maior torcida no chamado &#8220;Grande Rio&#8221;, ou seja, a cidade do Rio de Janeiro e Baixada Fluminense. Isso se explica facilmente pela fase da agremia\u00e7\u00e3o nos anos imediatamente anteriores \u00e0 pesquisa, bem como de sua predomin\u00e2ncia na Baixada.<\/span><\/p>\n<p style=\"font-family: Verdana, Arial, Helvetica, sans-serif;text-align: justify\"><span style=\"color: #000080\">Entretanto a escola de Nil\u00f3polis, naquele momento, era a segunda torcida na cidade do Rio de Janeiro, atr\u00e1s apenas da Mangueira. Os dados s\u00e3o de novembro de 2008 e foram fornecidos pelo Instituto GPP:<\/span><\/p>\n<p style=\"font-family: Verdana, Arial, Helvetica, sans-serif;text-align: justify\"><span style=\"color: #000080\">&#8211; Mangueira: 15,7%<\/span><\/p>\n<p style=\"font-family: Verdana, Arial, Helvetica, sans-serif;text-align: justify\"><span style=\"color: #000080\">&#8211; Beija Flor: 11,5%<\/span><\/p>\n<p style=\"font-family: Verdana, Arial, Helvetica, sans-serif;text-align: justify\"><span style=\"color: #000080\">&#8211; Portela: 11,2%<\/span><\/p>\n<p style=\"font-family: Verdana, Arial, Helvetica, sans-serif;text-align: justify\"><span style=\"color: #000080\">&#8211; Mocidade: 11%<\/span><\/p>\n<p style=\"font-family: Verdana, Arial, Helvetica, sans-serif;text-align: justify\"><span style=\"color: #000080\">&#8211; Salgueiro: 8,7%<\/span><\/p>\n<p style=\"font-family: Verdana, Arial, Helvetica, sans-serif;text-align: justify\"><span style=\"color: #000080\">&#8211; Imperatriz: 3,5%<\/span><\/p>\n<p style=\"font-family: Verdana, Arial, Helvetica, sans-serif;text-align: justify\"><span style=\"color: #000080\">&#8211; Imp\u00e9rio Serrano: 2,7%<\/span><\/p>\n<p style=\"font-family: Verdana, Arial, Helvetica, sans-serif;text-align: justify\"><span style=\"color: #000080\">&#8211; Vila Isabel: 2%<\/span><\/p>\n<p style=\"font-family: Verdana, Arial, Helvetica, sans-serif;text-align: justify\"><span style=\"color: #000080\">&#8211; Grande Rio: 0,9%<\/span><\/p>\n<p style=\"font-family: Verdana, Arial, Helvetica, sans-serif;text-align: justify\"><span style=\"color: #000080\">&#8211; nenhuma escola: 29,5%<\/span><\/p>\n<p style=\"font-family: Verdana, Arial, Helvetica, sans-serif;text-align: justify\"><span style=\"color: #000080\">Note o leitor um dado interessante: a quantidade de pessoas que declaram n\u00e3o possuir nenhuma escola de samba do cora\u00e7\u00e3o, cerca de 30%. Isto \u00e9 reflexo direto da perda do interesse verificado nos \u00faltimos anos.<\/span><\/p>\n<p style=\"font-family: Verdana, Arial, Helvetica, sans-serif;text-align: justify\"><span style=\"color: #000080\">Grosso modo, pode-se dizer que a Mangueira concentra parte significativa de sua torcida na regi\u00e3o central da cidade, a Portela nos sub\u00farbios da Central, a Mocidade na Zona Oeste e o Salgueiro na regi\u00e3o da Tijuca &#8211; com a Beija Flor penetrando em todos os nichos. Entretanto, isto n\u00e3o \u00e9 monol\u00edtico &#8211; al\u00e9m disso minha percep\u00e7\u00e3o indicaria que a torcida da Beija Flor, pelo menos na cidade do Rio, j\u00e1 foi superada de novo pela Portela. Al\u00e9m de imaginar que a Unidos da Tijuca, embalada pelos dois t\u00edtulos recentes e pela prefer\u00eancia n\u00edtida dos homossexuais (basta ir \u00e0 sua quadra) tenha sa\u00eddo do &#8220;tra\u00e7o&#8221; em termos de torcida.<\/span><\/p>\n<p style=\"font-family: Verdana, Arial, Helvetica, sans-serif;text-align: justify\"><span style=\"color: #000080\">Sobre a Tijuca, a tentativa ocorrida no final da d\u00e9cada de 90 e in\u00edcio deste terceiro mil\u00eanio de se vincular em termos de torcida ao Vasco da Gama acabou se revelando in\u00f3cua, at\u00e9 porque esta correla\u00e7\u00e3o entre clubes de futebol e escolas de samba historicamente nunca foi bem vista pelos mandat\u00e1rios do samba carioca. Por isso, ali\u00e1s, que nunca prosperaram as tentativas de se repetir o modelo paulista de torcidas organizadas formando escolas de samba.<\/span><\/p>\n<p style=\"font-family: Verdana, Arial, Helvetica, sans-serif;text-align: justify\"><span style=\"color: #000080\">A Portela \u00e9 um caso interessante. Historicamente sua torcida \u00e9 formada por dois grandes grupos: pela sua \u00e1rea de influ\u00eancia (Madureira galvaniza a seu redor v\u00e1rios sub\u00farbios cortados pela linha do trem) e por um p\u00fablico da Zona Sul atra\u00eddo pelos ensaios realizados na d\u00e9cada de 70 no Mourisco, antiga sede do Botafogo no bairro do\u00a0mesmo\u00a0nome \u00a0&#8211; e, ali\u00e1s, o leitor entende agora a correla\u00e7\u00e3o entre a \u00c1guia e o clube alvinegro.<\/span><\/p>\n<p style=\"font-family: Verdana, Arial, Helvetica, sans-serif;text-align: justify\"><span style=\"color: #000080\">Mas, recentemente, apesar do longo jejum de t\u00edtulos, a sua torcida vem se renovando baseada especialmente na garotada que descobre o samba atrav\u00e9s da Velha Guarda Show da escola e que por afinidade acaba se descobrindo torcedora da escola. Simultaneamente os portelenses da \u00e1rea de influ\u00eancia original vem tendo bastante sucesso na tarefa de passar o sangue azul a seus descendentes.<\/span><\/p>\n<p style=\"font-family: Verdana, Arial, Helvetica, sans-serif;text-align: justify\"><span style=\"color: #000080\">Eu\u00a0mesmo\u00a0me tornei portelense por ter sido nascido e criado em Cascadura, pertinho de Madureira. Embora tenha demorado a me definir por uma escola, s\u00f3 poderia ser portelense ou imperiano.<\/span><\/p>\n<p style=\"font-family: Verdana, Arial, Helvetica, sans-serif;text-align: justify\"><span style=\"color: #000080\">Outra diferen\u00e7a em rela\u00e7\u00e3o ao futebol \u00e9 que o fen\u00f4meno do &#8220;vira casaca&#8221; \u00e9 mais comum &#8211; e menos execrado &#8211; que o futebol. Tenho um caso destes na minha fam\u00edlia: meu irm\u00e3o ca\u00e7ula, que era Mocidade e se tornou Uni\u00e3o da Ilha.<\/span><\/p>\n<p style=\"font-family: Verdana, Arial, Helvetica, sans-serif;text-align: justify\"><span style=\"color: #000080\">Tamb\u00e9m o amor pelas escolas de samba \u00e9 menos &#8220;monog\u00e2mico&#8221;, por assim dizer. Temos a nossa escola de cora\u00e7\u00e3o mas muitas pessoas tem simpatias por outras escolas, desfilando nelas e tendo um pedacinho do cora\u00e7\u00e3o ocupado. Costumo dizer, brincando, que a Portela \u00e9 a minha &#8220;esposa&#8221; e a Uni\u00e3o da Ilha (agremia\u00e7\u00e3o do bairro onde resido atualmente e onde fui bem recebido pelas pessoas) minha &#8220;amante&#8221; em termos de carnaval. Com outras pessoas que conhe\u00e7o ocorre o mesmo.<\/span><\/p>\n<p style=\"text-align: justify\"><a href=\"http:\/\/www.pedromigao.com.br\/ourodetolo\/wp-content\/uploads\/2013\/01\/Rio-de-Janeiro-20120220-00427.jpg\"><img loading=\"lazy\" decoding=\"async\" class=\"aligncenter size-large wp-image-16235\" alt=\"Rio de Janeiro-20120220-00427\" src=\"http:\/\/www.pedromigao.com.br\/ourodetolo\/wp-content\/uploads\/2013\/01\/Rio-de-Janeiro-20120220-00427-255x340.jpg\" width=\"255\" height=\"340\" srcset=\"http:\/\/www.pedromigao.com.br\/ourodetolo\/wp-content\/uploads\/2013\/01\/Rio-de-Janeiro-20120220-00427-255x340.jpg 255w, http:\/\/www.pedromigao.com.br\/ourodetolo\/wp-content\/uploads\/2013\/01\/Rio-de-Janeiro-20120220-00427-225x300.jpg 225w, http:\/\/www.pedromigao.com.br\/ourodetolo\/wp-content\/uploads\/2013\/01\/Rio-de-Janeiro-20120220-00427.jpg 1944w\" sizes=\"auto, (max-width: 255px) 100vw, 255px\" \/><\/a><\/p>\n<p style=\"font-family: Verdana, Arial, Helvetica, sans-serif;text-align: justify\"><span style=\"color: #000080\">\u00c9 impens\u00e1vel um rubro negro dizer que tem simpatia pelo Vasco, por exemplo. \u00c9 outra diferen\u00e7a significativa &#8211; embora o deslocamento da rivalidade regional para n\u00edveis nacionais comece a mudar isso timidamente.<\/span><\/p>\n<p style=\"font-family: Verdana, Arial, Helvetica, sans-serif;text-align: justify\"><span style=\"color: #000080\">Contudo, o leitor j\u00e1 deve ter percebido que, pelo menos no Rio de Janeiro, o fato de algu\u00e9m ser rubro negro n\u00e3o significa ser mangueirense. H\u00e1 rubro negros que torcem por todas as escolas, e at\u00e9 por nenhuma.<\/span><\/p>\n<p style=\"font-family: Verdana, Arial, Helvetica, sans-serif;text-align: justify\"><span style=\"color: #000080\">Aproveito para falar rapidamente dos enredos cariocas que abordaram clubes de futebol. O rubro negro deve se lembrar da homenagem prestada pela Est\u00e1cio de S\u00e1 no ano do centen\u00e1rio do clube (1995), mas saiba que o &#8220;Mais Querido&#8221; outras duas vezes foi enredo nos chamados grupos de acesso&#8221; do carnaval carioca: em 1974 no antigo Grupo 3 pelo Arrast\u00e3o de Cascadura (8\u00ba lugar) e em 1990 na Dif\u00edcil \u00e9 o Nome de Pilares, obtendo o 3\u00ba lugar no ent\u00e3o Grupo C, quarto grupo.<\/span><\/p>\n<p style=\"font-family: Verdana, Arial, Helvetica, sans-serif;text-align: justify\"><span style=\"color: #000080\">Inclusive o Arrast\u00e3o de Cascadura originalmente tinha as cores vermelha e preta em homenagem ao clube. Depois \u00e9 que houve a troca para o verde e branco da madrinha Imp\u00e9rio Serrano, pois naqueles tempos (d\u00e9cada de setenta) as fantasias tinham de ser em sua maioria nas cores da escola. Hoje a \u00fanica escola de samba rubro negra (na verdade for\u00e7ando um pouco, pois a escola \u00e9 vermelha, preta e branca) \u00e9 o Boi da Ilha do Governador.<\/span><\/p>\n<p>http:\/\/www.youtube.com\/watch?v=_HqaG2CaFJQ<\/p>\n<p style=\"font-family: Verdana, Arial, Helvetica, sans-serif;text-align: justify\"><span style=\"color: #000080\">O desfile da Est\u00e1cio de S\u00e1 (acima) foi o \u00faltimo bom momento da agremia\u00e7\u00e3o no Grupo Especial, pois j\u00e1 vivia uma grande crise. Apesar de um samba mediano &#8211; que hoje \u00e9 muito pouco cantado nas arquibancadas, porque n\u00e3o \u00e9 bom &#8211; e dos problemas internos a escola ainda salvou um s\u00e9timo lugar entre 18 agremia\u00e7\u00f5es. Al\u00e9m disso a ajuda prometida pelo clube na figura do ent\u00e3o presidente Kleber Leite n\u00e3o se concretizou, o que dificultou ainda mais a prepara\u00e7\u00e3o da escola para o desfile.<\/span><\/p>\n<p style=\"font-family: Verdana, Arial, Helvetica, sans-serif;text-align: justify\"><span style=\"color: #000080\">Outros clubes homenageados foram o Vasco da Gama, em 1998 (v\u00eddeo ao final do artigo) no Grupo Especial, o Fluminense pela Acad\u00eamicos da Rocinha em 2003 no Acesso A &#8211; comemorando o centen\u00e1rio do clube com um ano de atraso e um quase rebaixamento ao terceiro grupo &#8211; e o Am\u00e9rica pela Unidos da Ponte no Acesso B em 2004, obtendo o quinto lugar.<\/span><\/p>\n<p style=\"font-family: Verdana, Arial, Helvetica, sans-serif;text-align: justify\"><span style=\"color: #000080\">Obviamente que o rebaixamento da Unidos da Tijuca no ano em que comemorou o centen\u00e1rio do Vasco da Gama \u00e9 uma deliciosa piada para n\u00f3s rubro negros, mas tenho de ser justo e reconhecer que o rebaixamento foi muito mais devido a fatores pol\u00edticos (o ent\u00e3o dirigente Eurico Miranda tentando influir na entidade que comanda as escolas) que pelo desfile em si, que n\u00e3o foi nada demais &#8211; mas n\u00e3o merecedor do descenso.<\/span><\/p>\n<p style=\"font-family: Verdana, Arial, Helvetica, sans-serif;text-align: justify\"><span style=\"color: #000080\">Finalizo afirmando que em S\u00e3o Paulo o caso \u00e9 um pouco diferente, pelo fato de haver tr\u00eas agremia\u00e7\u00f5es ligadas a torcidas organizadas no Grupo Especial e outras nos grupos de Acesso. A liga\u00e7\u00e3o entre futebol e carnaval \u00e9 bem mais evidente, o que gera situa\u00e7\u00f5es engra\u00e7adas at\u00e9. Na Gavi\u00f5es da Fiel n\u00e3o h\u00e1 fantasias ou alegorias verdes, cor do Palmeiras (nem na quadra se pode entrar vestindo a cor). Pois \u00e9, no ano em que a escola falou das regi\u00f5es brasileiras a Amaz\u00f4nia era inteirinha&#8230; em azul. Pode?<\/span><\/p>\n<p style=\"font-family: Verdana, Arial, Helvetica, sans-serif;text-align: justify\"><span style=\"color: #000080\">No carnaval pode tudo.<\/span><\/p>\n<p style=\"font-family: Verdana, Arial, Helvetica, sans-serif;text-align: justify\"><em><span style=\"color: #000080\">P.S. &#8211; este artigo \u00e9 a coluna que escrevo para o blog rubro negro &#8220;Primeiro Penta&#8221;, comandado pela colunista deste Ouro de Tolo Daniela Souto.<\/span><\/em><\/p>\n<p>http:\/\/www.youtube.com\/watch?v=UWurcW1-JAE<\/p>\n","protected":false},"excerpt":{"rendered":"<p>O leitor deve estar estranhando o t\u00edtulo e a foto, mas a ideia \u00e9 justamente esta: causar estranhamento. Afinal de contas, o leitor mais ligadoTour Details<\/p>\n","protected":false},"author":2,"featured_media":0,"comment_status":"open","ping_status":"open","sticky":false,"template":"","format":"standard","meta":{"footnotes":""},"categories":[289],"tags":[18,12,19,123],"class_list":["post-16230","post","type-post","status-publish","format-standard","hentry","category-pedro-migao","tag-carnaval","tag-cultura","tag-escolas-de-samba","tag-migonianas"],"_links":{"self":[{"href":"http:\/\/www.pedromigao.com.br\/ourodetolo\/wp-json\/wp\/v2\/posts\/16230","targetHints":{"allow":["GET"]}}],"collection":[{"href":"http:\/\/www.pedromigao.com.br\/ourodetolo\/wp-json\/wp\/v2\/posts"}],"about":[{"href":"http:\/\/www.pedromigao.com.br\/ourodetolo\/wp-json\/wp\/v2\/types\/post"}],"author":[{"embeddable":true,"href":"http:\/\/www.pedromigao.com.br\/ourodetolo\/wp-json\/wp\/v2\/users\/2"}],"replies":[{"embeddable":true,"href":"http:\/\/www.pedromigao.com.br\/ourodetolo\/wp-json\/wp\/v2\/comments?post=16230"}],"version-history":[{"count":0,"href":"http:\/\/www.pedromigao.com.br\/ourodetolo\/wp-json\/wp\/v2\/posts\/16230\/revisions"}],"wp:attachment":[{"href":"http:\/\/www.pedromigao.com.br\/ourodetolo\/wp-json\/wp\/v2\/media?parent=16230"}],"wp:term":[{"taxonomy":"category","embeddable":true,"href":"http:\/\/www.pedromigao.com.br\/ourodetolo\/wp-json\/wp\/v2\/categories?post=16230"},{"taxonomy":"post_tag","embeddable":true,"href":"http:\/\/www.pedromigao.com.br\/ourodetolo\/wp-json\/wp\/v2\/tags?post=16230"}],"curies":[{"name":"wp","href":"https:\/\/api.w.org\/{rel}","templated":true}]}}