{"id":16160,"date":"2013-01-24T07:10:58","date_gmt":"2013-01-24T09:10:58","guid":{"rendered":"http:\/\/www.pedromigao.com.br\/ourodetolo\/?p=16160"},"modified":"2013-01-24T07:11:26","modified_gmt":"2013-01-24T09:11:26","slug":"sabinadas-o-desfile-unico-20-anos-do-ita-salgueirense","status":"publish","type":"post","link":"http:\/\/www.pedromigao.com.br\/ourodetolo\/2013\/01\/sabinadas-o-desfile-unico-20-anos-do-ita-salgueirense\/","title":{"rendered":"Sabinadas &#8211; &#8220;O desfile \u00fanico: 20 anos do &#8216;Ita&#8217; salgueirense&#8221;"},"content":{"rendered":"<p><iframe loading=\"lazy\" title=\"Salgueiro 1993 - Peguei um Ita no Norte.mpg\" width=\"525\" height=\"394\" src=\"https:\/\/www.youtube.com\/embed\/5AoToOedvmE?feature=oembed\" frameborder=\"0\" allow=\"accelerometer; autoplay; clipboard-write; encrypted-media; gyroscope; picture-in-picture; web-share\" referrerpolicy=\"strict-origin-when-cross-origin\" allowfullscreen><\/iframe><\/p>\n<p style=\"font-family: Verdana, Arial, Helvetica, sans-serif;text-align: justify\"><span style=\"color: #000080\">Nesta quinta feira, <strong>a coluna &#8220;Sabinadas&#8221;, do jornalista Fred Sabino<\/strong>, relembra os 20 anos daquele que \u00e9 um dos \u00faltimos desfiles ditos &#8220;arrebatadores&#8221; da Sapuca\u00ed: Salgueiro 1993, &#8220;Peguei um Ita no Norte&#8221; &#8211; que acabou ficando mais conhecido pelo bord\u00e3o &#8220;Explode cora\u00e7\u00e3o&#8221; do refr\u00e3o.<\/span><\/p>\n<p style=\"font-family: Verdana, Arial, Helvetica, sans-serif;text-align: justify\"><span style=\"color: #000080\">Eu me recordo que tamb\u00e9m vi o desfile pela televis\u00e3o e quando a escola entrou na avenida sacudindo todo mundo eu me virei para minha m\u00e3e, que assistia comigo, e vaticinei: &#8220;est\u00e1 desfilando a campe\u00e3&#8221;. N\u00e3o deu outra.<\/span><\/p>\n<p style=\"font-family: Verdana, Arial, Helvetica, sans-serif;text-align: justify\"><span style=\"color: #000080\">De l\u00e1 para c\u00e1 me recordo de tr\u00eas outros momentos parecidos: a reedi\u00e7\u00e3o de &#8220;Aquarela Brasileira&#8221; no Imp\u00e9rio Serrano (em 2004) e dois casos ocorridos no Grupo de Acesso: a S\u00e3o Clemente em 2001 e a Unidos de Lucas em 2005. No Grupo Especial e suas arquibancadas e frisas apinhadas de turistas tal fato dificilmente ocorrer\u00e1 novamente, o que \u00e9 uma pena. Eu me recordo que no \u00faltimo carnaval comecei a cantar a plenos pulm\u00f5es o esquenta da Vila (Kizomba) nas frisas e os turistas me olhavam como se eu fosse um ET&#8230;<\/span><\/p>\n<p style=\"font-family: Verdana, Arial, Helvetica, sans-serif;text-align: justify\"><span style=\"color: #000080\">Acima, um compacto do desfile com somente o \u00e1udio, sem narra\u00e7\u00e3o.<\/span><\/p>\n<p style=\"font-family: Verdana, Arial, Helvetica, sans-serif;text-align: justify\"><span style=\"text-decoration: underline\"><em><strong><span style=\"color: #000080;text-decoration: underline\">O desfile \u00fanico: 20 anos do &#8216;Ita&#8217; salgueirense<\/span><\/strong><\/em><\/span><\/p>\n<p style=\"font-family: Verdana, Arial, Helvetica, sans-serif;text-align: justify\"><span style=\"color: #000080\">Lendo nos \u00faltimos dias, no site do jornal &#8220;O Dia&#8221;, mat\u00e9ria do meu ex-colega de Lance! Fl\u00e1vio Trindade sobre os 20 anos do desfile do Salgueiro de 1993, n\u00e3o pude me eximir de escrever tamb\u00e9m sobre o desfile mais empolgante que j\u00e1 vi em mais de duas d\u00e9cadas acompanhando Carnaval. &#8220;Peguei um Ita no Norte&#8221; era o enredo da escola da Tijuca e como todo mundo sabe, o samba tinha o famoso refr\u00e3o do &#8220;Explode cora\u00e7\u00e3o!&#8221;.\u00a0<\/span><\/p>\n<p style=\"font-family: Verdana, Arial, Helvetica, sans-serif;text-align: justify\"><span style=\"color: #000080\">Mas, se o samba era bacana de ouvir antes de passar na avenida (meu amigo salgueirense Fl\u00e1vio Garcia esteve na final das eliminat\u00f3rias da escola e disse que o samba j\u00e1 estava explodindo na quadra), ningu\u00e9m imaginava que a explos\u00e3o seria ainda maior no samb\u00f3dromo. At\u00e9 porque o Salgueiro estava longe de ser favorito absoluto ao t\u00edtulo.\u00a0<\/span><\/p>\n<p style=\"font-family: Verdana, Arial, Helvetica, sans-serif;text-align: justify\"><span style=\"color: #000080\">Campe\u00e3 de 1992, a Est\u00e1cio de S\u00e1 tinha um bel\u00edssimo samba para o enredo &#8220;A Dan\u00e7a da Lua&#8221; e vinha com for\u00e7a. A vice-campe\u00e3 Mocidade Independente de Padre Miguel, mordida com a perda do tri, tinha um samba de qualidade inferior aos dos anos anteriores, mas apostava na genialidade de Renato Lage e um enredo sobre os jogos (Marraio Ferid\u00f4 sou rei).\u00a0<\/span><\/p>\n<p style=\"font-family: Verdana, Arial, Helvetica, sans-serif;text-align: justify\"><span style=\"color: #000080\">A Portela, com seu enredo &#8220;Cerim\u00f4nia de Casamento&#8221; prometia muito e vinha refor\u00e7ada com o carnavalesco M\u00e1rio Monteiro, campe\u00e3o do ano anterior <em>[N.do.E.: muito do fiasco portelense deve ser creditado \u00e0 figurinista Beth Filipecki.]<\/em>. Outras escolas como Imperatriz Leopoldinense, Esta\u00e7\u00e3o Primeira de Mangueira e Beija-Flor, apesar de ter perdido Jo\u00e3ozinho Trinta, tamb\u00e9m vinham cercadas de expectativas.\u00a0<\/span><\/p>\n<p style=\"font-family: Verdana, Arial, Helvetica, sans-serif;text-align: justify\"><span style=\"color: #000080\">Naquela \u00e9poca, aos 11 anos, eu j\u00e1 acompanhava os desfiles de cabo a rabo pela televis\u00e3o. E, mesmo sem estar no samb\u00f3dromo, senti algo diferente quando vi o Salgueiro come\u00e7ar seu desfile. Uma empolga\u00e7\u00e3o fora do comum de componentes e p\u00fablico, uma bateria magistralmente comandada pelo saudoso Mestre Louro, uma participa\u00e7\u00e3o impec\u00e1vel do Quinho e seus auxiliares e um visual que, se n\u00e3o era &#8220;high tech&#8221; como o da Mocidade ou luxuoso como o da Imperatriz, contava bem o enredo inspirado na m\u00fasica de Dorival Caymmi e que falava de uma viagem de Bel\u00e9m ao Rio, retratando as diferentes culturas do Brasil.\u00a0<\/span><\/p>\n<p style=\"font-family: Verdana, Arial, Helvetica, sans-serif;text-align: justify\"><span style=\"color: #000080\">O Salgueiro entrou com tanta for\u00e7a na Sapuca\u00ed que Fernando Vannucci, ent\u00e3o respons\u00e1vel por narrar o desfile para a TV Globo, n\u00e3o se conteve e soltou com todas as letras que a escola &#8220;estava cheia de tes\u00e3o&#8221;, um termo que na \u00e9poca era bastante incomum numa transmiss\u00e3o de TV.\u00a0<\/span><\/p>\n<p style=\"font-family: Verdana, Arial, Helvetica, sans-serif;text-align: justify\"><span style=\"color: #000080\">O desfile foi t\u00e3o bacana de assistir que &#8220;passou rapidamente&#8221; e deixou ainda aquela sensa\u00e7\u00e3o de que poderia ter mais uma hora que n\u00e3o ficaria chato. Mesmo com o incr\u00edvel contingente de 5.500 componentes e uma certa correria no fim, o Salgueiro passou e deixou a impress\u00e3o de que nada deteria a escola rumo a um t\u00edtulo que n\u00e3o vinha desde 1975.\u00a0<\/span><\/p>\n<p style=\"font-family: Verdana, Arial, Helvetica, sans-serif;text-align: justify\"><span style=\"color: #000080\">Neguinho da Beija-Flor, por exemplo, disse anos depois \u00e0 TVE que, ap\u00f3s ver o Salgueiro passando daquela maneira, chegou &#8220;derrotado&#8221; ao samb\u00f3dromo. E mais: afirmou que, desde ent\u00e3o, n\u00e3o via mais os desfiles anteriores ao da Beija-Flor para n\u00e3o se deixar desconcentrar. Parece que deu certo&#8230; (risos).\u00a0<\/span><\/p>\n<p style=\"font-family: Verdana, Arial, Helvetica, sans-serif;text-align: justify\"><span style=\"color: #000080\">Como naquela \u00e9poca o samba ainda tinha uma import\u00e2ncia enorme no desenrolar e no resultado de um desfile, e o Salgueiro foi muito bem em praticamente todos os quesitos, era uma pule de dez. E, de fato, a vermelho e branca da Tijuca levantou o caneco com uma justi\u00e7a poucas vezes vista no Carnaval carioca. Mas, por mais paradoxal que possa ser, o &#8220;Explode cora\u00e7\u00e3o!&#8221; teve efeitos colaterais.\u00a0<\/span><\/p>\n<p style=\"font-family: Verdana, Arial, Helvetica, sans-serif;text-align: justify\"><span style=\"color: #000080\">Consagrado em 1993, o Salgueiro quase foi bi no ano seguinte. Mas nos anos seguintes cometeu o erro de tentar fazer um novo &#8220;Explode cora\u00e7\u00e3o!&#8221;, assim como outras escolas tamb\u00e9m tentaram. S\u00f3 que, da mesma forma como n\u00e3o haver\u00e1 um &#8220;novo Explode cora\u00e7\u00e3o&#8221;, jamais haver\u00e1 um &#8220;novo Zico&#8221; no Flamengo ou &#8220;novo Roberto&#8221; no Vasco ou &#8220;novo Garrincha&#8221; no Botafogo. A tentativa de repetir a f\u00f3rmula de 1993 foi um fracasso coletivo.<\/span><\/p>\n<p style=\"font-family: Verdana, Arial, Helvetica, sans-serif;text-align: justify\"><em><span style=\"color: #000080\">[N.do.E.: costumo dizer que os sambas do Salgueiro de 1994 para c\u00e1, com as honrosas exce\u00e7\u00f5es do belo samba de 2007 e de 2011, formam a s\u00e9rie &#8220;Em Busca do Ita perdido&#8221;.]<\/span><\/em><\/p>\n<p style=\"font-family: Verdana, Arial, Helvetica, sans-serif;text-align: justify\"><span style=\"color: #000080\">Primeiro, porque embora &#8220;oba-oba&#8221; no refr\u00e3o, o samba do Salgueiro de 1993 tinha momentos de poesia apesar da levada &#8220;pra frente&#8221;. Era um samba que contava bem o enredo e cujos &#8220;trechos gen\u00e9ricos&#8221; n\u00e3o o descaracterizavam. Quem tentou copiar a f\u00f3rmula errou a m\u00e3o e exagerou em termos como &#8220;me leva&#8221;, &#8220;eu vou que vou&#8221;, &#8220;t\u00e1 que t\u00e1&#8221;, &#8220;sacode&#8221;, &#8220;zoar&#8221;, entre outros.\u00a0<\/span><\/p>\n<p style=\"font-family: Verdana, Arial, Helvetica, sans-serif;text-align: justify\"><span style=\"color: #000080\">Mas isso n\u00e3o deslustra em absolutamente nada o, insisto, desfile mais empolgante que j\u00e1 vi. Uma catarse coletiva que jamais foi vista novamente, mesmo em desfiles como o da Portela, em 1995, Viradouro, em 1997, Mangueira, em 1998 e 2002, entre outros.\u00a0<\/span><\/p>\n<p style=\"font-family: Verdana, Arial, Helvetica, sans-serif;text-align: justify\"><span style=\"color: #000080\">Passados 20 anos de uma inesquec\u00edvel noite de segunda-feira de Carnaval, fica a li\u00e7\u00e3o de que n\u00e3o adianta tentar copiar o que n\u00e3o pode ser copiado ou esperar novamente algo que foi \u00fanico na hist\u00f3ria.\u00a0<\/span><\/p>\n<p style=\"font-family: Verdana, Arial, Helvetica, sans-serif;text-align: justify\"><span style=\"color: #000080\">Repito, algo \u00fanico.<\/span><\/p>\n","protected":false},"excerpt":{"rendered":"<p>Nesta quinta feira, a coluna &#8220;Sabinadas&#8221;, do jornalista Fred Sabino, relembra os 20 anos daquele que \u00e9 um dos \u00faltimos desfiles ditos &#8220;arrebatadores&#8221; da Sapuca\u00ed:Tour Details<\/p>\n","protected":false},"author":2,"featured_media":0,"comment_status":"open","ping_status":"open","sticky":false,"template":"","format":"standard","meta":{"footnotes":""},"categories":[20],"tags":[18,65,104],"class_list":["post-16160","post","type-post","status-publish","format-standard","hentry","category-sabinadas","tag-carnaval","tag-carnaval-2013","tag-salgueiro"],"_links":{"self":[{"href":"http:\/\/www.pedromigao.com.br\/ourodetolo\/wp-json\/wp\/v2\/posts\/16160","targetHints":{"allow":["GET"]}}],"collection":[{"href":"http:\/\/www.pedromigao.com.br\/ourodetolo\/wp-json\/wp\/v2\/posts"}],"about":[{"href":"http:\/\/www.pedromigao.com.br\/ourodetolo\/wp-json\/wp\/v2\/types\/post"}],"author":[{"embeddable":true,"href":"http:\/\/www.pedromigao.com.br\/ourodetolo\/wp-json\/wp\/v2\/users\/2"}],"replies":[{"embeddable":true,"href":"http:\/\/www.pedromigao.com.br\/ourodetolo\/wp-json\/wp\/v2\/comments?post=16160"}],"version-history":[{"count":0,"href":"http:\/\/www.pedromigao.com.br\/ourodetolo\/wp-json\/wp\/v2\/posts\/16160\/revisions"}],"wp:attachment":[{"href":"http:\/\/www.pedromigao.com.br\/ourodetolo\/wp-json\/wp\/v2\/media?parent=16160"}],"wp:term":[{"taxonomy":"category","embeddable":true,"href":"http:\/\/www.pedromigao.com.br\/ourodetolo\/wp-json\/wp\/v2\/categories?post=16160"},{"taxonomy":"post_tag","embeddable":true,"href":"http:\/\/www.pedromigao.com.br\/ourodetolo\/wp-json\/wp\/v2\/tags?post=16160"}],"curies":[{"name":"wp","href":"https:\/\/api.w.org\/{rel}","templated":true}]}}