{"id":12861,"date":"2011-05-13T10:28:00","date_gmt":"2011-05-13T12:28:00","guid":{"rendered":"http:\/\/www.pedromigao.com.br\/ourodetolo\/2011\/05\/requiem-para-o-maracana\/"},"modified":"2011-05-13T10:28:00","modified_gmt":"2011-05-13T12:28:00","slug":"requiem-para-o-maracana","status":"publish","type":"post","link":"http:\/\/www.pedromigao.com.br\/ourodetolo\/2011\/05\/requiem-para-o-maracana\/","title":{"rendered":"R\u00c9QUIEM PARA O MARACAN\u00c3"},"content":{"rendered":"<div><\/div>\n<div><a href=\"http:\/\/4.bp.blogspot.com\/-j1jItwvwW1Y\/Tcwljb04xmI\/AAAAAAAABJ8\/EextxPgpQR0\/s1600\/20110216maracana.jpg\" imageanchor=\"1\"><img loading=\"lazy\" decoding=\"async\" border=\"0\" height=\"242\" j8=\"true\" src=\"http:\/\/www.pedromigao.com.br\/ourodetolo\/wp-content\/uploads\/2011\/05\/20110216maracana.jpg\" width=\"320\"><\/a><\/div>\n<div>Moro no bairro do Maracan\u00e3. Da minha casa ao est\u00e1dio levo cinco minutos, se tanto.\u00a0\u00a0J\u00e1 cansei de escutar, em dias de cl\u00e1ssico, o barulho da torcida soando aos meus ouvidos como a mais bonita das sinfonias. O Maracan\u00e3 parecia rugir na minha varanda, farfalhando as cortinas e ventando em gol.<\/div>\n<div><\/div>\n<div>N\u00e3o moro perto do Maraca por acaso. Quando procurei apartamento para comprar, a proximidade do est\u00e1dio foi um fator decisivo.\u00a0Realizei um\u00a0alumbramento de moleque. Nunca\u00a0cogitei\u00a0morar perto da praia, conhecer a Disney ou coisa parecida. Sempre imaginei a felicidade como a\u00a0chance de ir a p\u00e9, quando bem entendesse,\u00a0ao est\u00e1dio que assombrava meus olhos de menino. <\/p>\n<p>Jorge Lu\u00eds Borges sonhava um para\u00edso que\u00a0fosse uma infinita biblioteca. O meu para\u00edso sempre teve traves, redes, arquibancada e bola.\u00a0<\/p><\/div>\n<div><\/div>\n<div>Mas o meu Maracan\u00e3 morreu. \u00c9 para\u00edso que j\u00e1 n\u00e3o h\u00e1.<\/div>\n<div><\/div>\n<div>O meu Maracan\u00e3\u00a0foi v\u00edtima da mania\u00a0de modernizar o eterno, profanizar o sagrado e tornar provis\u00f3rio, marcado pelas vicissitudes do tempo, o que j\u00e1 transcendeu a esse pr\u00f3prio tempo, o cronol\u00f3gico, e vive no territ\u00f3rio do mito. <\/div>\n<div><\/div>\n<div>Certa feita escrevi,\u00a0em alguma madrugada de febre e bola,\u00a0uma ora\u00e7\u00e3o ao Maracan\u00e3. Eu rezei assim:<\/div>\n<div><\/div>\n<div><\/div>\n<div>Que os deuses te salvem, Maracan\u00e3.<\/div>\n<div><\/div>\n<div>N\u00e3o h\u00e1 dia em que eu pise no velho cais da Pra\u00e7a XV sem lembrar que ali vivem, consagrados na mem\u00f3ria das pedras, os marujos que quebraram as chibatas da marinha de guerra do Brasil na revolta de 1910.<\/div>\n<div><\/div>\n<div>Na materialidade bruta da Pedra do Sal ressoam batuques de primitivos sambas e berram todos os bodes imolados aos deuses que chegaram da \u00c1frica nos por\u00f5es dos negreiros, acompanhando seu povo. A Pedra do Sal tem um sil\u00eancio que grita Laroi\u00ea! nas noites.<\/div>\n<div><\/div>\n<div>Cada degrau da escadaria da ermida de Nossa Senhora da Penha, a mais carioca das santinhas, materializa os milagres e a dor &#8211; redentora &#8211; de milhares de joelhos esfolados em sacrif\u00edcios de louvor e gra\u00e7as aos prod\u00edgios da Virgem.<\/div>\n<div><\/div>\n<div>Existem lugares de esquecimento, territ\u00f3rios do ef\u00eamero &#8211; penso nos shoppings &#8211; e lugares de mem\u00f3ria, territ\u00f3rios de perman\u00eancia. Esses \u00faltimos s\u00e3o espa\u00e7os que, sacralizados pelos homens em suas geografias de ritos, antecedem a sua pr\u00f3pria cria\u00e7\u00e3o e parecem estar a\u00ed desde a v\u00e9spera da primeira manh\u00e3 do mundo.<\/div>\n<div><\/div>\n<div>O meu Maracan\u00e3 \u00e9 assim. \u00c9 feito a Penha, a Pedra e o Cais. Nasceu est\u00e1dio de futebol antes do rio que lhe nomeia; \u00e9 carioca antes de Est\u00e1cio de S\u00e1; \u00e9 de um tempo anterior ao tempo e foi erguido perto da minha casa antes que a primeira flecha tupinamb\u00e1 cortasse o c\u00e9u da Guanabara.<\/div>\n<div><\/div>\n<div>O meu Maracan\u00e3, velho Maraca n\u00e3o reformado, \u00e9 o Santu\u00e1rio de Bom Jesus de Matosinhos, onde Jeremias e Daniel bailam no ar como Zizinho e Didi bailaram nas quatro linhas. \u00c9 o terreiro do Ax\u00e9 Op\u00f4 Afonj\u00e1, onde Xang\u00f4 dan\u00e7ou pelo corpo de M\u00e3e Aninha como Ademir, feito raio, rasgou o campo em dire\u00e7\u00e3o ao gol. O Maraca \u00e9 a primeira ponte do rio Capibaribe e todas as pontes de S\u00e3o Castilho. O meu est\u00e1dio \u00e9 a ciranda de Lia e a areia da praia onde Lia dan\u00e7ou ciranda, pois ali, na grama verde, um anjo de pernas tortas cirandou um dia. <\/div>\n<div><\/div>\n<div>Coisas de mat\u00e9ria e sonho.<\/div>\n<div><\/div>\n<div>Mas o Maraca \u00e9 mais, muito mais, do que tudo isso. \u00c9 o templo onde oraram e comungaram brasileiros comuns &#8211; feito eu, meu pai e meu av\u00f4. Sempre juntos, na alegria e na tristeza, na vit\u00f3ria e na derrota, porque aqueles a quem os deuses da bola uniram no cimento das arquibancadas, dinheiro nenhum, meu Maracan\u00e3 , h\u00e1 de separar.<\/div>\n<div><\/div>\n<div>Am\u00e9m.<\/div>\n<div><\/div>\n<div><\/div>\n","protected":false},"excerpt":{"rendered":"<p>Moro no bairro do Maracan\u00e3. Da minha casa ao est\u00e1dio levo cinco minutos, se tanto.\u00a0\u00a0J\u00e1 cansei de escutar, em dias de cl\u00e1ssico, o barulho daTour Details<\/p>\n","protected":false},"author":2,"featured_media":0,"comment_status":"open","ping_status":"open","sticky":false,"template":"","format":"standard","meta":{"footnotes":""},"categories":[],"tags":[302],"class_list":["post-12861","post","type-post","status-publish","format-standard","hentry","tag-futebol-2"],"_links":{"self":[{"href":"http:\/\/www.pedromigao.com.br\/ourodetolo\/wp-json\/wp\/v2\/posts\/12861","targetHints":{"allow":["GET"]}}],"collection":[{"href":"http:\/\/www.pedromigao.com.br\/ourodetolo\/wp-json\/wp\/v2\/posts"}],"about":[{"href":"http:\/\/www.pedromigao.com.br\/ourodetolo\/wp-json\/wp\/v2\/types\/post"}],"author":[{"embeddable":true,"href":"http:\/\/www.pedromigao.com.br\/ourodetolo\/wp-json\/wp\/v2\/users\/2"}],"replies":[{"embeddable":true,"href":"http:\/\/www.pedromigao.com.br\/ourodetolo\/wp-json\/wp\/v2\/comments?post=12861"}],"version-history":[{"count":0,"href":"http:\/\/www.pedromigao.com.br\/ourodetolo\/wp-json\/wp\/v2\/posts\/12861\/revisions"}],"wp:attachment":[{"href":"http:\/\/www.pedromigao.com.br\/ourodetolo\/wp-json\/wp\/v2\/media?parent=12861"}],"wp:term":[{"taxonomy":"category","embeddable":true,"href":"http:\/\/www.pedromigao.com.br\/ourodetolo\/wp-json\/wp\/v2\/categories?post=12861"},{"taxonomy":"post_tag","embeddable":true,"href":"http:\/\/www.pedromigao.com.br\/ourodetolo\/wp-json\/wp\/v2\/tags?post=12861"}],"curies":[{"name":"wp","href":"https:\/\/api.w.org\/{rel}","templated":true}]}}