{"id":12860,"date":"2011-05-14T12:58:00","date_gmt":"2011-05-14T14:58:00","guid":{"rendered":"http:\/\/www.pedromigao.com.br\/ourodetolo\/2011\/05\/para-o-benjamin-no-13-de-maio\/"},"modified":"2011-05-14T12:58:00","modified_gmt":"2011-05-14T14:58:00","slug":"para-o-benjamin-no-13-de-maio","status":"publish","type":"post","link":"http:\/\/www.pedromigao.com.br\/ourodetolo\/2011\/05\/para-o-benjamin-no-13-de-maio\/","title":{"rendered":"PARA O BENJAMIN, NO 13 DE MAIO"},"content":{"rendered":"<div>Meu moleque,<\/div>\n<div><\/div>\n<div>hoje \u00e9 dia 13 de maio, anivers\u00e1rio da aboli\u00e7\u00e3o da escravatura no Brasil.\u00a0\u00c9 dia do teu pai\u00a0oferecer um caf\u00e9\u00a0amargo, bem forte, ao tempo, para que\u00a0nele bebam as santas almas benditas, os pretos velhos encantados que protegem o nosso pa\u00eds e o\u00a0nosso povo. Papai vai pedir para que eles te protejam\u00a0tamb\u00e9m.<\/div>\n<div><\/div>\n<div>Tua bisav\u00f3, meu menino, foi uma m\u00e3e de santo importante, iniciada nas coisas da encantaria. Foi ela que criou esse teu pai, civilizado pelo tambor, alumbrado pelas saias rodadas das ia\u00f4s e pela formosura das mestras do encanto. \u00a0Entre uma curimba e outra, tua bisa gostava de ouvir Luiz Gonzaga e lembrar de Pernambuco, de onde vem nossa fam\u00edlia.\u00a0No dia 13 de maio, a bisa pedia aos pretos velhos pelos seus filhos e netos.<\/div>\n<div><\/div>\n<div>Essa \u00e9 a\u00a0 nossa raiz, Beijo. \u00c9 assim que o papai te chama &#8211; meu Beijo moleque.\u00a0\u00c9 por isso que eu te nino com as cantigas de chegada da cabocla Mariana e da encantada T\u00f3ia Jarina, a flor de laranjeira mais formosa. \u00a0Na praia do Len\u00e7ol \/\u00a0onde Jarina mora \/\u00a0fora de hora \/\u00a0crian\u00e7a chora. N\u00e3o \u00e9 assim? <\/div>\n<div><\/div>\n<div>\u00c9 por isso que te contarei\u00a0um dia sobre o\u00a0caboclo Japetequara, o bugre que\u00a0se encantou em um tronco de sucupira. Quando a madeira flora, Japetequara solta seu brado na terra.\u00a0\u00c9 por isso que escreverei pra voc\u00ea um livrinho sobre como vov\u00f3\u00a0Cambinda e o Pai Joaquim protejem as crian\u00e7as brasileiras. E\u00a0 te direi pra n\u00e3o ter medo de Exu, que ele \u00e9\u00a0compadre do teu pai e gosta de\u00a0umas travessuras de menino, como\u00a0certamente voc\u00ea gostar\u00e1.\u00a0\u00a0E Mozart, o menino austr\u00edaco que fez as m\u00fasicas bonitas que embalam teus bons sonhos de chegado ao mundo,\u00a0\u00e9 Exu tamb\u00e9m.<\/div>\n<div><\/div>\n<div>N\u00f3s vamos crescer juntos, Beijo, eu e voc\u00ea &#8211;\u00a0 cada um a seu modo. E voc\u00ea, quando estiver grande, pode ser o que quiser, gostar do que quiser, de quem quiser, como quiser. Erraremos os dois e acertaremos bastante. Se bobear, voc\u00ea resolve at\u00e9 torcer pelo Flamengo para contrariar teu velho e puxar o saco da tua m\u00e3e, que \u00e9 urubu.\u00a0Ou o que \u00e9 pior &#8211; vai que voc\u00ea resolve n\u00e3o gostar de futebol. Faz parte.<\/div>\n<div><\/div>\n<div>Teu pai, meu Beijo, pensa o tempo todo, desde que voc\u00ea nasceu, no que dizia o bom e velho Kant sobre criar crian\u00e7as. Ele sugeria que dessemos aos pequenos ra\u00edzes e asas. As raizes, para\u00a0que se saiba\u00a0de onde\u00a0 vem. As asas, para se\u00a0voar para onde quiser.<\/div>\n<div><\/div>\n<div>O que teu pai\u00a0espera de voc\u00ea, por toda tua vida,\u00a0\u00e9 quase nada e\u00a0 ao mesmo tempo um tudo. N\u00e3o espero que voc\u00ea seja um homem de neg\u00f3cios bem sucedido, fa\u00e7a fortuna, tenha sucesso profissional, ganhe fama ou coisa similar. <\/p>\n<p>Teu pai quer\u00a0apenas que\u00a0em algum\u00a013 de maio\u00a0voc\u00ea cumpra o rito de\u00a0ofertar ao\u00a0tempo\u00a0um caf\u00e9 amargo, bem forte, pedindo que os pretos velhos protejam os teus filhos. E que teus filhos aprendam contigo a oferecer um caf\u00e9 ao tempo, para que as santas\u00a0almas cuidem tamb\u00e9m dos teus netos.<\/p>\n<p>Tempo, que traz na ponta das suas asas o\u00a0mist\u00e9rio maior dos ancestrais, receber\u00e1 de bom grado esses nossos mimos de continua\u00e7\u00e3o da vida.<\/p>\n<p>Beijo do teu pai\u00a0\u00a0<\/p><\/div>\n","protected":false},"excerpt":{"rendered":"<p>Meu moleque, hoje \u00e9 dia 13 de maio, anivers\u00e1rio da aboli\u00e7\u00e3o da escravatura no Brasil.\u00a0\u00c9 dia do teu pai\u00a0oferecer um caf\u00e9\u00a0amargo, bem forte, ao tempo,Tour Details<\/p>\n","protected":false},"author":2,"featured_media":0,"comment_status":"open","ping_status":"open","sticky":false,"template":"","format":"standard","meta":{"footnotes":""},"categories":[],"tags":[313],"class_list":["post-12860","post","type-post","status-publish","format-standard","hentry","tag-benjamin"],"_links":{"self":[{"href":"http:\/\/www.pedromigao.com.br\/ourodetolo\/wp-json\/wp\/v2\/posts\/12860","targetHints":{"allow":["GET"]}}],"collection":[{"href":"http:\/\/www.pedromigao.com.br\/ourodetolo\/wp-json\/wp\/v2\/posts"}],"about":[{"href":"http:\/\/www.pedromigao.com.br\/ourodetolo\/wp-json\/wp\/v2\/types\/post"}],"author":[{"embeddable":true,"href":"http:\/\/www.pedromigao.com.br\/ourodetolo\/wp-json\/wp\/v2\/users\/2"}],"replies":[{"embeddable":true,"href":"http:\/\/www.pedromigao.com.br\/ourodetolo\/wp-json\/wp\/v2\/comments?post=12860"}],"version-history":[{"count":0,"href":"http:\/\/www.pedromigao.com.br\/ourodetolo\/wp-json\/wp\/v2\/posts\/12860\/revisions"}],"wp:attachment":[{"href":"http:\/\/www.pedromigao.com.br\/ourodetolo\/wp-json\/wp\/v2\/media?parent=12860"}],"wp:term":[{"taxonomy":"category","embeddable":true,"href":"http:\/\/www.pedromigao.com.br\/ourodetolo\/wp-json\/wp\/v2\/categories?post=12860"},{"taxonomy":"post_tag","embeddable":true,"href":"http:\/\/www.pedromigao.com.br\/ourodetolo\/wp-json\/wp\/v2\/tags?post=12860"}],"curies":[{"name":"wp","href":"https:\/\/api.w.org\/{rel}","templated":true}]}}