{"id":12542,"date":"2009-08-03T11:03:00","date_gmt":"2009-08-03T13:03:00","guid":{"rendered":"http:\/\/www.pedromigao.com.br\/ourodetolo\/2009\/08\/resenha-literaria-caes-de-guarda-jornalistas-e-censores-do-ai-5-a-constituicao-de-1988\/"},"modified":"2009-08-03T11:03:00","modified_gmt":"2009-08-03T13:03:00","slug":"resenha-literaria-caes-de-guarda-jornalistas-e-censores-do-ai-5-a-constituicao-de-1988","status":"publish","type":"post","link":"http:\/\/www.pedromigao.com.br\/ourodetolo\/2009\/08\/resenha-literaria-caes-de-guarda-jornalistas-e-censores-do-ai-5-a-constituicao-de-1988\/","title":{"rendered":"Resenha Liter\u00e1ria &#8211; &quot;C\u00e3es de Guarda &#8211; Jornalistas e Censores, do Ai-5 \u00c0 Constitui\u00e7\u00e3o de 1988&quot;"},"content":{"rendered":"<div><a href=\"http:\/\/3.bp.blogspot.com\/_KYflagr2MuI\/SnbbQS3FQNI\/AAAAAAAAAg4\/JECZrhj9Dfc\/s1600-h\/caes+de+guarda.jpg\"><img decoding=\"async\" src=\"http:\/\/www.pedromigao.com.br\/ourodetolo\/wp-content\/uploads\/2009\/08\/caes+de+guarda.jpg\" alt=\"\" border=\"0\"><\/a>Finalmente temos de volta a nossa se\u00e7\u00e3o &#8220;resenha liter\u00e1ria&#8221;. E volta em grande estilo, com um tema pol\u00eamico em um livro pol\u00eamico: censura e colaboracionismo no Regime Militar.<\/p>\n<p>O livro \u00e9 a adapta\u00e7\u00e3o da tese de doutorado da autora e parte de tr\u00eas eixos centrais: a hist\u00f3ria da censura do Brasil, a legisla\u00e7\u00e3o que envolve o tema e respaldava a censura pr\u00e9via e o estudo de caso envolvendo o jornal &#8220;Folha da Tarde&#8221;, perpassando a &#8220;Folha de S\u00e3o Paulo&#8221;.<\/p>\n<p>Entre as v\u00e1rias pol\u00eamicas do livro, destaco tamb\u00e9m a auto-censura que parte mais conservadora da sociedade se impunha e solicitava aos \u00f3rg\u00e3os de repress\u00e3o.<\/p>\n<p>Beatriz Kushner, a autora, entrevista v\u00e1rios censores e escreve sobre o cotidiano do trabalho destes. Entretanto, ressalta que boa parte da denominada &#8220;grande imprensa&#8221; se imp\u00f4s um ritual de auto-censura e, muitas vezes, contratavam policiais ou ex-censores para &#8220;balizar&#8221; o que poderia ou n\u00e3o ser publicado.<\/p>\n<p>Tamb\u00e9m traz \u00e0 baila o papel do Grupo Folha, que n\u00e3o somente auxiliou com recursos financeiros e log\u00edsticos (carros) a repress\u00e3o e a tortura como tinha um jornal que, na fase mais terr\u00edvel da ca\u00e7a aos opositores do regime era uma esp\u00e9cie de &#8220;Di\u00e1rio Oficial&#8221; dos torturadores e da guerra suja: a &#8216;Folha da Tarde&#8217;.<\/p>\n<p>Sejamos claros: o &#8220;Grupo Folha&#8221; apoiava a tortura.<\/p>\n<p>Tamb\u00e9m deixa evidente que, muitas vezes, os grandes \u00f3rg\u00e3os de imprensa &#8220;compravam&#8221; a vers\u00e3o oficial das mortes de opositores ao regime, encobrindo o \u00f3bvio: que haviam perecido sob tortura nas depend\u00eancias da pol\u00edcia.<\/p>\n<p>Excelente e esclarecedora leitura. Recomend\u00e1vel, ainda mais em um ambiente como o de hoje, onde os grandes grupos de jornais e televis\u00e3o est\u00e3o claramente envolvidos em uma campanha com ares de golpista.<\/p>\n<p>Na <a href=\"http:\/\/www.livrariasaraiva.com.br\/produto\/produto.dll\/detalhe?pro_id=149793&#038;ID=C90772EE7D9080309260A1173\">Saraiva<\/a>, o livro est\u00e1 custando R$ 52. E boa leitura.<\/div>\n","protected":false},"excerpt":{"rendered":"<p>Finalmente temos de volta a nossa se\u00e7\u00e3o &#8220;resenha liter\u00e1ria&#8221;. E volta em grande estilo, com um tema pol\u00eamico em um livro pol\u00eamico: censura e colaboracionismoTour Details<\/p>\n","protected":false},"author":2,"featured_media":0,"comment_status":"open","ping_status":"open","sticky":false,"template":"","format":"standard","meta":{"footnotes":""},"categories":[289],"tags":[12,204,91,73,74],"class_list":["post-12542","post","type-post","status-publish","format-standard","hentry","category-pedro-migao","tag-cultura","tag-dica-de-livro","tag-literatura","tag-livros","tag-resenha-literaria"],"_links":{"self":[{"href":"http:\/\/www.pedromigao.com.br\/ourodetolo\/wp-json\/wp\/v2\/posts\/12542","targetHints":{"allow":["GET"]}}],"collection":[{"href":"http:\/\/www.pedromigao.com.br\/ourodetolo\/wp-json\/wp\/v2\/posts"}],"about":[{"href":"http:\/\/www.pedromigao.com.br\/ourodetolo\/wp-json\/wp\/v2\/types\/post"}],"author":[{"embeddable":true,"href":"http:\/\/www.pedromigao.com.br\/ourodetolo\/wp-json\/wp\/v2\/users\/2"}],"replies":[{"embeddable":true,"href":"http:\/\/www.pedromigao.com.br\/ourodetolo\/wp-json\/wp\/v2\/comments?post=12542"}],"version-history":[{"count":0,"href":"http:\/\/www.pedromigao.com.br\/ourodetolo\/wp-json\/wp\/v2\/posts\/12542\/revisions"}],"wp:attachment":[{"href":"http:\/\/www.pedromigao.com.br\/ourodetolo\/wp-json\/wp\/v2\/media?parent=12542"}],"wp:term":[{"taxonomy":"category","embeddable":true,"href":"http:\/\/www.pedromigao.com.br\/ourodetolo\/wp-json\/wp\/v2\/categories?post=12542"},{"taxonomy":"post_tag","embeddable":true,"href":"http:\/\/www.pedromigao.com.br\/ourodetolo\/wp-json\/wp\/v2\/tags?post=12542"}],"curies":[{"name":"wp","href":"https:\/\/api.w.org\/{rel}","templated":true}]}}