{"id":12539,"date":"2009-08-04T12:17:00","date_gmt":"2009-08-04T14:17:00","guid":{"rendered":"http:\/\/www.pedromigao.com.br\/ourodetolo\/2009\/08\/collor-o-senado-e-a-imprensa\/"},"modified":"2009-08-04T12:17:00","modified_gmt":"2009-08-04T14:17:00","slug":"collor-o-senado-e-a-imprensa","status":"publish","type":"post","link":"http:\/\/www.pedromigao.com.br\/ourodetolo\/2009\/08\/collor-o-senado-e-a-imprensa\/","title":{"rendered":"Collor, o Senado e a imprensa"},"content":{"rendered":"<div><a href=\"http:\/\/1.bp.blogspot.com\/_KYflagr2MuI\/Sng9_1svPcI\/AAAAAAAAAhY\/z-f1P-ILAzo\/s1600-h\/collor.aspx\"><img decoding=\"async\" src=\"http:\/\/1.bp.blogspot.com\/_KYflagr2MuI\/Sng9_1svPcI\/AAAAAAAAAhY\/z-f1P-ILAzo\/s200\/collor.aspx\" alt=\"\" border=\"0\"><\/a>Decididamente, o mundo d\u00e1 voltas.<\/p>\n<p>Fui cara pintada, participei de passeatas para o impeachment deste cidad\u00e3o. Naquele momento, o pa\u00eds vivia ainda uma fase de sonho com a pol\u00edtica. Eram tempos de consolida\u00e7\u00e3o da democracia, ap\u00f3s 21 anos de ditadura militar.<\/p>\n<p>Por outro lado, \u00e9 for\u00e7oso reconhecer, olhando retrospectivamente, que os delitos que culminaram com o seu impeachment s\u00e3o de bem menor monta levando-se em conta o que ocorreu, por exemplo, na d\u00e9cada de 90 e no in\u00edcio deste mil\u00eanio.<\/p>\n<p>Por que digo isso ? Porque n\u00e3o vi o notici\u00e1rio ontem (tava fazendo mercado&#8230;) e hoje, dando aquela &#8220;mapeada&#8221; pelo notici\u00e1rio na internet me deparei com os acontecimentos da sess\u00e3o do Senado ontem.<\/p>\n<p>Jamais diria que um dia concordaria com este cidad\u00e3o, mas penso que ele tem raz\u00e3o em dois pontos: quando fala que &#8220;\u00e9 o Senado como um todo&#8221;, ou seja, n\u00e3o h\u00e1 mais ou menos honestos; e quando se refere ao papel da grande imprensa.<\/p>\n<p>Eu estou indignado com certos senadores &#8211; Artur Virg\u00edlio \u00e9 um bom exemplo disso &#8211; que posam de vestais, criticam a presid\u00eancia da casa, mas incorrem nos mesmos pecados. Isso tem nome: hipocrisia.<\/p>\n<p>A varredura no Senado e na pol\u00edtica como um todo precisa ser ampla, geral e irrestrita. Tirando uma meia d\u00fazia de exce\u00e7\u00f5es que confirmam a regra, \u00e9 tudo igual, \u00e9 tudo reflexo da sociedade anti \u00e9tica em que vivemos.<\/p>\n<p>Vende-se a sa\u00edda de Jos\u00e9 Sarney como uma panac\u00e9ia que ir\u00e1 devolver a moralidade \u00e0 pol\u00edtica. Penso que o pol\u00edtico em quest\u00e3o j\u00e1 deveria estar fora da pol\u00edtica h\u00e1 muito tempo, mas para mim isto tem outro nome: golpismo.<\/p>\n<p>Como j\u00e1 escrevi em outro artigo, a inten\u00e7\u00e3o de defenestr\u00e1-lo do cargo \u00e9 dar \u00e0 oposi\u00e7\u00e3o o controle do Legislativo.<\/p>\n<p>O PSDB j\u00e1 controla o Supremo Tribunal Federal, ou seja, o Judici\u00e1rio, e a grande imprensa est\u00e1 em uma cada vez mais indisfar\u00e7ada campanha pol\u00edtica. Obtendo o controle do Congresso faltaria apenas convencer os militares para, uma vez mais, utiliz\u00e1-los como ponta de lan\u00e7a para apear Lula do poder.<\/p>\n<p>Apesar das (necess\u00e1rias) concess\u00f5es feitas, o Governo Lula contrariou muitos interesses ao dar aten\u00e7\u00e3o para as camadas mais pobres da popula\u00e7\u00e3o. A oposi\u00e7\u00e3o j\u00e1 percebeu que n\u00e3o tem a menor chance em 2010.<\/p>\n<p>Restariam dois caminhos: o bombardeio intenso a fim de tentar virar o jogo eleitoral, ou a quartelada pura e simples. Por isso estes movimentos a fim de obter pela for\u00e7a o controle do Senado Federal.<\/p>\n<p>O Congresso n\u00e3o ficar\u00e1 mais \u00e9tico com a sa\u00edda dele de l\u00e1. Para isso, a vassoura precisa varrer mais e melhor. Entretanto, \u00e9 luta pol\u00edtica pura. N\u00e3o se enganem.<\/p>\n<p>Agora: triste \u00e9 o pa\u00eds onde Fernando Collor de Mello tem raz\u00e3o&#8230;<\/p><\/div>\n","protected":false},"excerpt":{"rendered":"<p>Decididamente, o mundo d\u00e1 voltas. Fui cara pintada, participei de passeatas para o impeachment deste cidad\u00e3o. Naquele momento, o pa\u00eds vivia ainda uma fase deTour Details<\/p>\n","protected":false},"author":2,"featured_media":0,"comment_status":"open","ping_status":"open","sticky":false,"template":"","format":"standard","meta":{"footnotes":""},"categories":[289],"tags":[33,24,7],"class_list":["post-12539","post","type-post","status-publish","format-standard","hentry","category-pedro-migao","tag-jornalismo","tag-politica","tag-reflexoes"],"_links":{"self":[{"href":"http:\/\/www.pedromigao.com.br\/ourodetolo\/wp-json\/wp\/v2\/posts\/12539","targetHints":{"allow":["GET"]}}],"collection":[{"href":"http:\/\/www.pedromigao.com.br\/ourodetolo\/wp-json\/wp\/v2\/posts"}],"about":[{"href":"http:\/\/www.pedromigao.com.br\/ourodetolo\/wp-json\/wp\/v2\/types\/post"}],"author":[{"embeddable":true,"href":"http:\/\/www.pedromigao.com.br\/ourodetolo\/wp-json\/wp\/v2\/users\/2"}],"replies":[{"embeddable":true,"href":"http:\/\/www.pedromigao.com.br\/ourodetolo\/wp-json\/wp\/v2\/comments?post=12539"}],"version-history":[{"count":0,"href":"http:\/\/www.pedromigao.com.br\/ourodetolo\/wp-json\/wp\/v2\/posts\/12539\/revisions"}],"wp:attachment":[{"href":"http:\/\/www.pedromigao.com.br\/ourodetolo\/wp-json\/wp\/v2\/media?parent=12539"}],"wp:term":[{"taxonomy":"category","embeddable":true,"href":"http:\/\/www.pedromigao.com.br\/ourodetolo\/wp-json\/wp\/v2\/categories?post=12539"},{"taxonomy":"post_tag","embeddable":true,"href":"http:\/\/www.pedromigao.com.br\/ourodetolo\/wp-json\/wp\/v2\/tags?post=12539"}],"curies":[{"name":"wp","href":"https:\/\/api.w.org\/{rel}","templated":true}]}}