{"id":12537,"date":"2009-08-05T11:07:00","date_gmt":"2009-08-05T13:07:00","guid":{"rendered":"http:\/\/www.pedromigao.com.br\/ourodetolo\/2009\/08\/conflitos-na-nigeria-e-intolerancia\/"},"modified":"2009-08-05T11:07:00","modified_gmt":"2009-08-05T13:07:00","slug":"conflitos-na-nigeria-e-intolerancia","status":"publish","type":"post","link":"http:\/\/www.pedromigao.com.br\/ourodetolo\/2009\/08\/conflitos-na-nigeria-e-intolerancia\/","title":{"rendered":"Conflitos na Nig\u00e9ria e Intoler\u00e2ncia"},"content":{"rendered":"<div><a href=\"http:\/\/3.bp.blogspot.com\/_KYflagr2MuI\/Snl_mWkuTtI\/AAAAAAAAAhw\/xtrO0y9erLo\/s1600-h\/5653391.us_nigeria_mundo_257_398.jpg\"><img decoding=\"async\" src=\"http:\/\/www.pedromigao.com.br\/ourodetolo\/wp-content\/uploads\/2009\/08\/5653391.us_nigeria_mundo_257_398.jpg\" alt=\"\" border=\"0\"><\/a>Passaram quase despercebidos na imprensa brasileira os \u00faltimos conflitos envolvendo o Ex\u00e9rcito local e uma seita religiosa fan\u00e1tica, que resultaram em quase 800 mortos em cerca de uma semana de conflito.<\/p>\n<p>Uma pena que n\u00e3o tenha sido dado o destaque merecido, pois \u00e9 um bom exemplo de um fen\u00f4meno que cada vez mais acomete o ser humano: a intoler\u00e2ncia.<\/p>\n<p>Segundo o que se noticiou, o conflito envolveu os seguidores de uma seita radical isl\u00e2mica, que queria aplicar a &#8220;Sharia&#8221;, lei religiosa, \u00e0quela localidade. No conflito que se seguiu morreram quase 800 pessoas, inclusive o l\u00edder da seita &#8211; que \u00e9 mais radical que o &#8220;Taleban&#8221; afeg\u00e3o.<\/p>\n<p>Algo que vemos, nos dias de hoje, \u00e9 que o homem est\u00e1 cada vez mais individualista e menos tolerante \u00e0 discord\u00e2ncia. Tendemos a considerar como inimigos aqueles que de n\u00f3s divergem. Levado ao extremo, se chega a barb\u00e1ries como esta.<\/p>\n<p>Outra consequ\u00eancia disso \u00e9 a maior restri\u00e7\u00e3o a direitos individuais que, volta e meia, os governos vem aprovando pelo mundo. Podemos resumir na m\u00e1xima &#8220;voc\u00ea pode fazer o que quiser, desde que eu permita&#8221;.<\/p>\n<p>N\u00f3s, que lutamos tanto pelos nossos direiros e contra o totalitarismo, acompanhamos, e nos acostumamos, com uma forma de totalitarismo ainda mais perversa, que \u00e9 a progressiva diminui\u00e7\u00e3o dos direitos individuais.<\/p>\n<p>Paralelamente, o sectarismo ganha terreno e ao inv\u00e9s de uni\u00e3o, o que observamos \u00e9 a cada vez maior fragmenta\u00e7\u00e3o do indiv\u00edduo em c\u00e9lulas, cegas \u00e0s demais e impondo a nossa verdade como verdade absoluta.<\/p>\n<p>N\u00e3o acredito que a culpa deste fen\u00f4meno seja da religi\u00e3o. Ela \u00e9 meio, mas a intoler\u00e2ncia se verifica em posi\u00e7\u00f5es pol\u00edticas, econ\u00f4micas, sociais e religiosas. Na Nig\u00e9ria a religi\u00e3o foi o estopim, entretanto se analisarmos pol\u00edticas como o &#8220;choque de ordem&#8221; da prefeitura carioca, concluiremos que n\u00e3o passa de manifesta\u00e7\u00e3o de intoler\u00e2ncia social.<\/p>\n<p>Afastem estes camel\u00f4s daqui porque s\u00e3o gentalha, afastem os mendigos daqui porque n\u00e3o s\u00e3o dignos deste lugar, se n\u00e3o arruma emprego como camel\u00f4 \u00e9 que n\u00e3o pode&#8230; este discurso do choque de ordem \u00e9 reflexo de intoler\u00e2ncia, tamb\u00e9m. Alargando o racioc\u00ednio, se estas c\u00e9lulas prejudicadas organizadas fossem, poder\u00edamos ter um conflito de propor\u00e7\u00f5es semelhantes.<\/p>\n<p>Meishu Sama escreve em seus Ensinamentos que a melhor forma de paz mundial \u00e9 fazer com que cada pa\u00eds realce as suas caracter\u00edsticas, ou, para usar a imagem empregada, &#8220;deixe a sua cor mais forte, brilhando&#8221;. Dominar, impor a sua opini\u00e3o, seria &#8220;pintar outros pa\u00edses com a sua cor&#8221;, e na inst\u00e2ncia final ampliar o sectarismo e a vontade una.<\/p>\n<p>N\u00e3o encerrarei com apelos \u00e0 paz mundial ou coisa parecida, soa piegas, mas pe\u00e7o aos meus 17 leitores que reflitam um pouco sobre seus ego\u00edsmos, sobre sua capacidade de toler\u00e2ncia e sobre o papel que desempenhamos na sociedade.<\/p>\n<p>O pior mal que podemos fazer \u00e9 quando o fazemos pensando ser um bem; e impor o nosso pensamento e a nossa cultura como &#8220;certos&#8221; \u00e9 um mal desta classe.<\/p>\n<p>Reflitamos. Que estas 800 mortes n\u00e3o tenham sido em v\u00e3o.<\/div>\n","protected":false},"excerpt":{"rendered":"<p>Passaram quase despercebidos na imprensa brasileira os \u00faltimos conflitos envolvendo o Ex\u00e9rcito local e uma seita religiosa fan\u00e1tica, que resultaram em quase 800 mortos emTour Details<\/p>\n","protected":false},"author":2,"featured_media":0,"comment_status":"open","ping_status":"open","sticky":false,"template":"","format":"standard","meta":{"footnotes":""},"categories":[289],"tags":[10,33,24,7],"class_list":["post-12537","post","type-post","status-publish","format-standard","hentry","category-pedro-migao","tag-igreja-messianica","tag-jornalismo","tag-politica","tag-reflexoes"],"_links":{"self":[{"href":"http:\/\/www.pedromigao.com.br\/ourodetolo\/wp-json\/wp\/v2\/posts\/12537","targetHints":{"allow":["GET"]}}],"collection":[{"href":"http:\/\/www.pedromigao.com.br\/ourodetolo\/wp-json\/wp\/v2\/posts"}],"about":[{"href":"http:\/\/www.pedromigao.com.br\/ourodetolo\/wp-json\/wp\/v2\/types\/post"}],"author":[{"embeddable":true,"href":"http:\/\/www.pedromigao.com.br\/ourodetolo\/wp-json\/wp\/v2\/users\/2"}],"replies":[{"embeddable":true,"href":"http:\/\/www.pedromigao.com.br\/ourodetolo\/wp-json\/wp\/v2\/comments?post=12537"}],"version-history":[{"count":0,"href":"http:\/\/www.pedromigao.com.br\/ourodetolo\/wp-json\/wp\/v2\/posts\/12537\/revisions"}],"wp:attachment":[{"href":"http:\/\/www.pedromigao.com.br\/ourodetolo\/wp-json\/wp\/v2\/media?parent=12537"}],"wp:term":[{"taxonomy":"category","embeddable":true,"href":"http:\/\/www.pedromigao.com.br\/ourodetolo\/wp-json\/wp\/v2\/categories?post=12537"},{"taxonomy":"post_tag","embeddable":true,"href":"http:\/\/www.pedromigao.com.br\/ourodetolo\/wp-json\/wp\/v2\/tags?post=12537"}],"curies":[{"name":"wp","href":"https:\/\/api.w.org\/{rel}","templated":true}]}}