{"id":12536,"date":"2009-08-05T16:18:00","date_gmt":"2009-08-05T18:18:00","guid":{"rendered":"http:\/\/www.pedromigao.com.br\/ourodetolo\/2009\/08\/entendendo-o-fator-sarney\/"},"modified":"2009-08-05T16:18:00","modified_gmt":"2009-08-05T18:18:00","slug":"entendendo-o-fator-sarney","status":"publish","type":"post","link":"http:\/\/www.pedromigao.com.br\/ourodetolo\/2009\/08\/entendendo-o-fator-sarney\/","title":{"rendered":"Entendendo o Fator Sarney"},"content":{"rendered":"<div><a href=\"http:\/\/4.bp.blogspot.com\/_KYflagr2MuI\/SnnNfPkYjeI\/AAAAAAAAAh4\/QowD8pF1lbU\/s1600-h\/05_CHA_pais_sarney.jpg\"><img decoding=\"async\" src=\"http:\/\/www.pedromigao.com.br\/ourodetolo\/wp-content\/uploads\/2009\/08\/05_CHA_pais_sarney.jpg\" alt=\"\" border=\"0\"><\/a>Com o brilhantismo de h\u00e1bito, o jornalista econ\u00f4mico Luis Nassif explica, com a clareza  que n\u00e3o consegui ontem, o porqu\u00ea da necessidade de se manter Jos\u00e9 Sarney na presid\u00eancia do Senado.<\/div>\n<p>Transcrevo aqui parte do texto. Sua totalidade, com links para outras colunas do articulista, <a href=\"http:\/\/colunistas.ig.com.br\/luisnassif\/2009\/08\/05\/entendendo-o-fator-sarney\/#more-32097\">pode ser encontrada aqui<\/a>.<\/p>\n<div><\/div>\n<div><span>Entendendo o Fator Sarney<\/span><\/p>\n<p>\u00c9 tarefa ingl\u00f3ria essa de tentar explicar o significado pol\u00edtico da tentativa de derrubada de Sarney &#8211; ainda mais sabendo que Cl\u00e1udio Humberto foi acionado para atacar o senador Pedro Simon.<\/p>\n<p>Mas, vamos l\u00e1, que o desafio \u00e9 bom.<\/p>\n<p><span>Ponto 1 &#8211; Sarney representa, de fato, o lado complicado da pol\u00edtica brasileira.<\/span><br \/>\u00c9 um coronel pol\u00edtico, trata os advers\u00e1rios menores (nos seus estados) sem complac\u00eancia, vale-se de alian\u00e7as no Judici\u00e1rio e de facilidades no Executivo. (&#8230;)<\/p>\n<p><span>Ponto 2 &#8211; o grupo alagoano n\u00e3o \u00e9 flor que se cheire.<\/span><br \/>Vide os ataques de Cl\u00e1udio Humberto contra Simon que repetem, em escala menor, os assassinatos de reputa\u00e7\u00e3o da m\u00eddia.<\/p>\n<p><span>Ponto 3 &#8211; golpe e legalidade.<\/span><br \/>\u00c9 a\u00ed que a porca torce o rabo. A derrubada de Sarney faz parte de uma manobra pol\u00edtico-midi\u00e1tica visando desestabilizar o jogo pol\u00edtico. Quer-se no Senado algu\u00e9m que facilite CPIs e articula\u00e7\u00f5es que precipitem crises pol\u00edticas.<\/p>\n<p>N\u00e3o fosse esse o intuito, n\u00e3o haveria a fulaniza\u00e7\u00e3o da crise do Senado em Sarney. Haveria interesse em identificar todos os benefici\u00e1rios de atos secretos (n\u00e3o sobraria um Senador de p\u00e9), de exigir a puni\u00e7\u00e3o de todos ou &#8211; melhor ainda &#8211; de batalhar pelas reformas no Senado.<\/p>\n<p>J\u00e1 tenho experi\u00eancia suficiente para saber o significado de crises pol\u00edticas. Afetam a vida de todos, dependendo de sua intensidade paralisam a economia, provocam terremotos no mercado, criam divis\u00f5es que levam anos para serem corrigidas.<\/p>\n<p><span>Ponto 4: o Judas da Semana Santa.<\/span><br \/>Para se legitimar perante os leitores, e impor seu poder de intimida\u00e7\u00e3o, a m\u00eddia precisa de Sarney, como precisou de Maluf, Qu\u00e9rcia, Collor, Renan, Ibsen, Jader, o deputado do castelo e tantos personagens dessa natureza.<\/p>\n<p>Pega pol\u00edticos controversos e o transforma na personifica\u00e7\u00e3o do mal, naquele que precisa ser destru\u00eddo a qualquer custo, sob pena da moralidade so\u00e7obrar. Poupou apenas o pior deles, ACM.<\/p>\n<p>S\u00e3o jogadas de cartas marcadas. Evidentemente, h\u00e1 pol\u00edticos melhores e piores. Mas se a m\u00eddia decidir destruir qualquer pol\u00edtico &#8211; de Lula a FHC, de Dilma a Serra, do PT ao PSDB &#8211; ela conseguir\u00e1 elementos, fact\u00f3ides, arma\u00e7\u00f5es ou provas. O modelo pol\u00edtico brasileiro exp\u00f5e todos.<\/p>\n<p>Quando se entra nesse jogo, se est\u00e1 transferindo para a m\u00eddia o poder de definir quem \u00e9 o atacado e quem \u00e9 o poupado. Est\u00e1 se conferindo a ela um poder absurdo, de defenestrar o presidente do Senado, sempre que lhe der na telha, de tentar derrubar presidentes (como fizeram com Collor, em certo per\u00edodo tentaram com FHC e h\u00e1 cinco anos tentam com Lula), de calar o Judici\u00e1rio com den\u00fancias, sempre que alguma decis\u00e3o n\u00e3o for do seu agrado. Pergunto: esse poder ser\u00e1 exercido com crit\u00e9rio, com modera\u00e7\u00e3o opu obedecer\u00e1 aos interesses espec\u00edficos dos grupos jornal\u00edsticos?<\/p>\n<p>\u00c9 barato o pre\u00e7o a ser pago pela degola seletiva de Sarney? Creio que n\u00e3o. \u00c9 jogar o epicentro da crise no Senado, refor\u00e7ar o papel da m\u00eddia de derrubar quem quiser, de impor seu padr\u00e3o e seus interesses a qualquer poder e de expor o pa\u00eds a qualquer crise, contanto que seus objetivos sejam alcan\u00e7ados.<\/p>\n<p>Espero que, um dia, Sarney pague por todo seu passado. Mas espero que isso ocorra seguindo todos os procedimentos legais, n\u00e3o sendo empurrado goela abaixo do pa\u00eds por esse alarido midi\u00e1tico. Por isso, ao mesmo tempo que aguardo a condena\u00e7\u00e3o de Sarney, espero que o presidente do Senado resista e n\u00e3o se deixe derrubar por esse jogo de sombras e interesses.<\/p><\/div>\n<h3><\/h3>\n","protected":false},"excerpt":{"rendered":"<p>Com o brilhantismo de h\u00e1bito, o jornalista econ\u00f4mico Luis Nassif explica, com a clareza que n\u00e3o consegui ontem, o porqu\u00ea da necessidade de se manterTour Details<\/p>\n","protected":false},"author":2,"featured_media":0,"comment_status":"open","ping_status":"open","sticky":false,"template":"","format":"standard","meta":{"footnotes":""},"categories":[289],"tags":[54,197,24,243],"class_list":["post-12536","post","type-post","status-publish","format-standard","hentry","category-pedro-migao","tag-imprensa","tag-luis-nassif","tag-politica","tag-sarney"],"_links":{"self":[{"href":"http:\/\/www.pedromigao.com.br\/ourodetolo\/wp-json\/wp\/v2\/posts\/12536","targetHints":{"allow":["GET"]}}],"collection":[{"href":"http:\/\/www.pedromigao.com.br\/ourodetolo\/wp-json\/wp\/v2\/posts"}],"about":[{"href":"http:\/\/www.pedromigao.com.br\/ourodetolo\/wp-json\/wp\/v2\/types\/post"}],"author":[{"embeddable":true,"href":"http:\/\/www.pedromigao.com.br\/ourodetolo\/wp-json\/wp\/v2\/users\/2"}],"replies":[{"embeddable":true,"href":"http:\/\/www.pedromigao.com.br\/ourodetolo\/wp-json\/wp\/v2\/comments?post=12536"}],"version-history":[{"count":0,"href":"http:\/\/www.pedromigao.com.br\/ourodetolo\/wp-json\/wp\/v2\/posts\/12536\/revisions"}],"wp:attachment":[{"href":"http:\/\/www.pedromigao.com.br\/ourodetolo\/wp-json\/wp\/v2\/media?parent=12536"}],"wp:term":[{"taxonomy":"category","embeddable":true,"href":"http:\/\/www.pedromigao.com.br\/ourodetolo\/wp-json\/wp\/v2\/categories?post=12536"},{"taxonomy":"post_tag","embeddable":true,"href":"http:\/\/www.pedromigao.com.br\/ourodetolo\/wp-json\/wp\/v2\/tags?post=12536"}],"curies":[{"name":"wp","href":"https:\/\/api.w.org\/{rel}","templated":true}]}}