{"id":12532,"date":"2009-08-07T15:55:00","date_gmt":"2009-08-07T17:55:00","guid":{"rendered":"http:\/\/www.pedromigao.com.br\/ourodetolo\/2009\/08\/sobre-urubus\/"},"modified":"2009-08-07T15:55:00","modified_gmt":"2009-08-07T17:55:00","slug":"sobre-urubus","status":"publish","type":"post","link":"http:\/\/www.pedromigao.com.br\/ourodetolo\/2009\/08\/sobre-urubus\/","title":{"rendered":"Sobre Urubus"},"content":{"rendered":"<div><a href=\"http:\/\/1.bp.blogspot.com\/_KYflagr2MuI\/SnxjK4VbpXI\/AAAAAAAAAiQ\/edpg4Iy25VU\/s1600-h\/urubu_albino2.jpg\"><img decoding=\"async\" src=\"http:\/\/www.pedromigao.com.br\/ourodetolo\/wp-content\/uploads\/2009\/08\/urubu_albino2.jpg\" alt=\"\" border=\"0\"><\/a>Vejo mat\u00e9ria no site do jornal <a href=\"http:\/\/www.oglobo.com.br\/\">O Globo<\/a> sobre a exist\u00eancia de um urubu alpino em Sergipe, como mostram as fotos deste post &#8211; retiradas de l\u00e1.<\/p>\n<p>Para n\u00f3s, rubro-negros, o urubu \u00e9 uma ave simb\u00f3lica, pois representa o nosso s\u00edmbolo e a nossa afirma\u00e7\u00e3o.<\/p>\n<p>Originalmente, o termo &#8220;urubu&#8221; era um apelido pejorativo, dado a n\u00f3s flamengos pela origem negra e pobre predominante em nossa torcida.<\/p>\n<p><a href=\"http:\/\/4.bp.blogspot.com\/_KYflagr2MuI\/SnxoXHjR1WI\/AAAAAAAAAig\/NkxpJrSzrcs\/s1600-h\/urubu+MarII.jpg\"><img decoding=\"async\" src=\"http:\/\/www.pedromigao.com.br\/ourodetolo\/wp-content\/uploads\/2009\/08\/urubu+MarII.jpg\" alt=\"\" border=\"0\"><\/a>Eis que, em junho de 1969, haveria um Flamengo e Botafogo que mudaria esta hist\u00f3ria. Nosso time j\u00e1 estava h\u00e1 um bom tempo sem vencer a cachorrada, e naquele dia dois torcedores soltaram um urubu, com a bandeira do clube amarrada nas patas, dentro do Maracan\u00e3.<a href=\"http:\/\/4.bp.blogspot.com\/_KYflagr2MuI\/SnxonQ2471I\/AAAAAAAAAiw\/-hLN7vrzE6Y\/s1600-h\/urubu_mar.jpg\"><img decoding=\"async\" src=\"http:\/\/www.pedromigao.com.br\/ourodetolo\/wp-content\/uploads\/2009\/08\/urubu_mar.jpg\" alt=\"\" border=\"0\"><\/a><\/p>\n<p>A massa imediatamente reagiu gritando &#8220;urubu, urubu&#8221;, e o Flamengo venceu o jogo por dois a um, quebrando uma inc\u00f4moda escrita.<\/p>\n<p>Mestre Henfil imediatamente adotou o urubu como s\u00edmbolo em seus desenhos e a ave acabou definitivamente adotada como nossa mascote. De s\u00edmbolo de preconceito transformou-se em s\u00edmbolo de uni\u00e3o.<br \/><a href=\"http:\/\/2.bp.blogspot.com\/_KYflagr2MuI\/SnxohLebRPI\/AAAAAAAAAio\/mx0fEyF80hw\/s1600-h\/flaurubu.jpg\"><img decoding=\"async\" src=\"http:\/\/www.pedromigao.com.br\/ourodetolo\/wp-content\/uploads\/2009\/08\/flaurubu.jpg\" alt=\"\" border=\"0\"><\/a>Como mostram as imagens, gosto muito do desenho do chargista Mario Alberto. Dos chargistas atuais, foi quem conseguiu o melhor desenho.<\/p>\n<p>Agora, este urubu alpino me transmite uma outra imagem, a de que todos podem ser flamengos independente de ra\u00e7a, cor, religi\u00e3o, sexo ou classe social.<\/p>\n<p>\u00c9 a natureza se rendendo ao Mais Querido.<a href=\"http:\/\/4.bp.blogspot.com\/_KYflagr2MuI\/SnxjRYhAcrI\/AAAAAAAAAiY\/Gkq8gjcKz-s\/s1600-h\/urubu_albino3.jpg\"><img decoding=\"async\" src=\"http:\/\/www.pedromigao.com.br\/ourodetolo\/wp-content\/uploads\/2009\/08\/urubu_albino3.jpg\" alt=\"\" border=\"0\"><\/a><\/div>\n","protected":false},"excerpt":{"rendered":"<p>Vejo mat\u00e9ria no site do jornal O Globo sobre a exist\u00eancia de um urubu alpino em Sergipe, como mostram as fotos deste post &#8211; retiradasTour Details<\/p>\n","protected":false},"author":2,"featured_media":0,"comment_status":"open","ping_status":"open","sticky":false,"template":"","format":"standard","meta":{"footnotes":""},"categories":[289],"tags":[127,12,42,37],"class_list":["post-12532","post","type-post","status-publish","format-standard","hentry","category-pedro-migao","tag-botafogo","tag-cultura","tag-flamengo","tag-futebol"],"_links":{"self":[{"href":"http:\/\/www.pedromigao.com.br\/ourodetolo\/wp-json\/wp\/v2\/posts\/12532","targetHints":{"allow":["GET"]}}],"collection":[{"href":"http:\/\/www.pedromigao.com.br\/ourodetolo\/wp-json\/wp\/v2\/posts"}],"about":[{"href":"http:\/\/www.pedromigao.com.br\/ourodetolo\/wp-json\/wp\/v2\/types\/post"}],"author":[{"embeddable":true,"href":"http:\/\/www.pedromigao.com.br\/ourodetolo\/wp-json\/wp\/v2\/users\/2"}],"replies":[{"embeddable":true,"href":"http:\/\/www.pedromigao.com.br\/ourodetolo\/wp-json\/wp\/v2\/comments?post=12532"}],"version-history":[{"count":0,"href":"http:\/\/www.pedromigao.com.br\/ourodetolo\/wp-json\/wp\/v2\/posts\/12532\/revisions"}],"wp:attachment":[{"href":"http:\/\/www.pedromigao.com.br\/ourodetolo\/wp-json\/wp\/v2\/media?parent=12532"}],"wp:term":[{"taxonomy":"category","embeddable":true,"href":"http:\/\/www.pedromigao.com.br\/ourodetolo\/wp-json\/wp\/v2\/categories?post=12532"},{"taxonomy":"post_tag","embeddable":true,"href":"http:\/\/www.pedromigao.com.br\/ourodetolo\/wp-json\/wp\/v2\/tags?post=12532"}],"curies":[{"name":"wp","href":"https:\/\/api.w.org\/{rel}","templated":true}]}}