{"id":12401,"date":"2009-09-21T18:16:00","date_gmt":"2009-09-21T20:16:00","guid":{"rendered":"http:\/\/www.pedromigao.com.br\/ourodetolo\/2009\/09\/stock-car-impressoes\/"},"modified":"2009-09-21T18:16:00","modified_gmt":"2009-09-21T20:16:00","slug":"stock-car-impressoes","status":"publish","type":"post","link":"http:\/\/www.pedromigao.com.br\/ourodetolo\/2009\/09\/stock-car-impressoes\/","title":{"rendered":"Stock Car &#8211; Impress\u00f5es"},"content":{"rendered":"<div><a href=\"http:\/\/1.bp.blogspot.com\/_KYflagr2MuI\/SrfIxcJu0VI\/AAAAAAAAA50\/qzfmvhUoSw4\/s1600-h\/Stock+Rio+-+1.JPG\" imageanchor=\"1\"><img decoding=\"async\" border=\"0\" src=\"http:\/\/www.pedromigao.com.br\/ourodetolo\/wp-content\/uploads\/2009\/09\/Stock+Rio+-+1.jpg\"><\/a>Bom, se s\u00e1bado eu fui \u00e0 Bienal do Livro, ontem estive no aut\u00f3dromo do Rio, acompanhando a s\u00e9tima etapa do Campeonato Brasileiro de Stock Car. Cortesia da <a href=\"http:\/\/www.filrio.com.br\/\">Fil-Rio Pe\u00e7as Automotivas<\/a>.<\/div>\n<p><\/p>\n<div>N\u00e3o foi a primeira vez em que acompanhei a categoria ao vivo e a cores &#8211; deve ser a quarta ou quinta ocasi\u00e3o &#8211; mas sempre \u00e9 uma experi\u00eancia diferente; ainda mais para um apaixonado por automobilismo como eu.<\/div>\n<p><\/p>\n<div>Infelizmente, n\u00e3o consegui chegar ao aut\u00f3dromo a tempo de aproveitar o passe de visita\u00e7\u00e3o aos boxes que eu detinha. Sair com crian\u00e7as &#8211; sim, a Clarinha e a Aninha foram conosco &#8211; sempre acaba demandando um tempo acima das expectativas para a realiza\u00e7\u00e3o. De modo que, quando chegamos, j\u00e1 fomos direto para nosso local na arquibancada.<\/div>\n<p><\/p>\n<div>N\u00e3o sem antes ser extorquido pelo flanelinha que guardou o carro, pr\u00f3ximo ao condom\u00ednio Rio II &#8211; a cerca de um quil\u00f4metro do port\u00e3o onde dever\u00edamos encontrar os clientes convidados. O cidad\u00e3o teve a cara de pau de cobrar R$ 20, e assim mesmo para deixar o carro na rua! Como era pagar ou pagar, fomos extorquidos. E ainda correndo o risco de ter o carro rebocado pelo &#8220;choque de ordem&#8221; da Prefeitura.<\/div>\n<p><\/p>\n<div>Um quil\u00f4metro, um quil\u00f4metro e meio depois de caminhada e muito sol, est\u00e1vamos no aut\u00f3dromo. Assim que entramos, uma cerveja gelada para compensar o esfor\u00e7o. Com isso descobri que a palha\u00e7ada de proibir a cerveja \u00e9 somente nos est\u00e1dios de futebol.<\/div>\n<div><\/div>\n<div>O Aut\u00f3dromo N\u00e9lson Piquet, semi-destru\u00eddo pela (des)administra\u00e7\u00e3o C\u00e9sar Maia, recebeu um bom p\u00fablico, embora inferior a outras ocasi\u00f5es em que estive assistindo \u00e0 categoria. Apesar de estarem com o protetor de ouvidos, as meninas estranharam um pouco o barulho, especialmente a Maria Clara.<\/div>\n<p><\/p>\n<div>A corrida em si foi bem disputada, apesar de, uma vez mais, termos visto prote\u00e7\u00e3o ao piloto Cac\u00e1 Bueno. Em minha opini\u00e3o a primeira largada s\u00f3 foi anulada porque ele ficou para tr\u00e1s, j\u00e1 que eu n\u00e3o vi nada que fizesse tal decis\u00e3o ser tomada. A posi\u00e7\u00e3o em que estava, no final da reta, permitia uma boa vis\u00e3o daquele ponto da pista.<\/div>\n<p><\/p>\n<div>N\u00f3s perdemos certos detalhes da prova porque n\u00e3o consegu\u00edamos ouvir o narrador da prova, e algumas das disputas por posi\u00e7\u00e3o ocorreram do lado oposto do tra\u00e7ado, onde n\u00e3o t\u00ednhamos vis\u00e3o. Ainda assim, foi bem divertido.<\/div>\n<p><\/p>\n<div>Vit\u00f3ria de Daniel Serra, filho do lend\u00e1rio Chico Serra, sua primeira na categoria. N\u00e3o fiquei para assistir \u00e0 categoria Light nem \u00e0s Pick-ups, devido ao almo\u00e7o com os clientes marcado pela empresa e que ocorreu logo depois.O piloto patrocinado pela empresa fornecedora da Fil-Rio terminou em d\u00e9cimo lugar na Stock Light, soube depois.<\/div>\n<p><\/p>\n<div>Na volta, nova caminhada, carro no lugar s\u00e3o e salvo, almo\u00e7o e casa, que ningu\u00e9m \u00e9 de ferro.<\/div>\n<p><\/p>\n<div>Fiz pequenos v\u00eddeos da corrida, em especial das duas largadas, que irei colocar aqui amanh\u00e3 pela manh\u00e3. Consegue-se ter uma boa no\u00e7\u00e3o do clima de velocidade presente.<\/p>\n<p><span><i>(Foto: <a href=\"http:\/\/www.stockcar.com.br\/\">Stock Car, site oficial<\/a>)<\/i><\/span><\/div>\n","protected":false},"excerpt":{"rendered":"<p>Bom, se s\u00e1bado eu fui \u00e0 Bienal do Livro, ontem estive no aut\u00f3dromo do Rio, acompanhando a s\u00e9tima etapa do Campeonato Brasileiro de Stock Car.Tour Details<\/p>\n","protected":false},"author":2,"featured_media":0,"comment_status":"open","ping_status":"open","sticky":false,"template":"","format":"standard","meta":{"footnotes":""},"categories":[289],"tags":[34,6],"class_list":["post-12401","post","type-post","status-publish","format-standard","hentry","category-pedro-migao","tag-automobilismo","tag-vida-cotidiana"],"_links":{"self":[{"href":"http:\/\/www.pedromigao.com.br\/ourodetolo\/wp-json\/wp\/v2\/posts\/12401","targetHints":{"allow":["GET"]}}],"collection":[{"href":"http:\/\/www.pedromigao.com.br\/ourodetolo\/wp-json\/wp\/v2\/posts"}],"about":[{"href":"http:\/\/www.pedromigao.com.br\/ourodetolo\/wp-json\/wp\/v2\/types\/post"}],"author":[{"embeddable":true,"href":"http:\/\/www.pedromigao.com.br\/ourodetolo\/wp-json\/wp\/v2\/users\/2"}],"replies":[{"embeddable":true,"href":"http:\/\/www.pedromigao.com.br\/ourodetolo\/wp-json\/wp\/v2\/comments?post=12401"}],"version-history":[{"count":0,"href":"http:\/\/www.pedromigao.com.br\/ourodetolo\/wp-json\/wp\/v2\/posts\/12401\/revisions"}],"wp:attachment":[{"href":"http:\/\/www.pedromigao.com.br\/ourodetolo\/wp-json\/wp\/v2\/media?parent=12401"}],"wp:term":[{"taxonomy":"category","embeddable":true,"href":"http:\/\/www.pedromigao.com.br\/ourodetolo\/wp-json\/wp\/v2\/categories?post=12401"},{"taxonomy":"post_tag","embeddable":true,"href":"http:\/\/www.pedromigao.com.br\/ourodetolo\/wp-json\/wp\/v2\/tags?post=12401"}],"curies":[{"name":"wp","href":"https:\/\/api.w.org\/{rel}","templated":true}]}}