{"id":12241,"date":"2009-12-15T08:07:00","date_gmt":"2009-12-15T10:07:00","guid":{"rendered":"http:\/\/www.pedromigao.com.br\/ourodetolo\/2009\/12\/samba-de-terca-a-sao-clemente-mostrou-e-nada-mudou-neste-brasil-gigante\/"},"modified":"2009-12-15T08:07:00","modified_gmt":"2009-12-15T10:07:00","slug":"samba-de-terca-a-sao-clemente-mostrou-e-nada-mudou-neste-brasil-gigante","status":"publish","type":"post","link":"http:\/\/www.pedromigao.com.br\/ourodetolo\/2009\/12\/samba-de-terca-a-sao-clemente-mostrou-e-nada-mudou-neste-brasil-gigante\/","title":{"rendered":"Samba de Ter\u00e7a &#8211; &quot;A S\u00e3o Clemente mostrou, e nada mudou neste Brasil Gigante&quot;"},"content":{"rendered":"<div>Ter\u00e7a feira, \u00e9 dia de nossa coluna semanal sobre grandes sambas que, entretanto, acabam n\u00e3o sendo os mais conhecidos de suas escolas.<\/div>\n<div><\/div>\n<div>Hoje falarei de uma das \u00faltimas vezes em que a arquibancada da Sapuca\u00ed se transformou em um baile de carnaval: S\u00e3o Clemente 2001, &#8220;A S\u00e3o Clemente mostrou, e nada mudou neste Brasil Gigante&#8221;.<\/div>\n<div><\/div>\n<div>A escola de Botafogo &#8211; embora sua sede, hoje, seja na Cidade Nova &#8211; vinha de um resultado muito contestado no ano anterior, quando saiu da avenida como favorita a uma das vagas no Grupo Especial e acabou tendo de se contentar com um quarto lugar.<\/div>\n<div><\/div>\n<div>Como uma esp\u00e9cie de &#8220;resposta&#8221; a este resultado injusto em sua opini\u00e3o, a amarela e preta resolveu lembrar-se de seus grandes momentos no Olimpo do samba, os enredos cr\u00edticos e irreverentes que a escola apresentou na segunda metade da d\u00e9cada de oitenta e in\u00edcio dos anos noventa.<\/div>\n<div><\/div>\n<div>O enredo proposto pela carnavalesca S\u00f4nia Regina era um grande &#8220;revival&#8221; de todos aqueles temas apresentados anteriormente pela escola. Na abertura da sinopse &#8211; que reproduzo abaixo, com agradecimentos ao site <a href=\"http:\/\/www.galeriadosamba.com.br\/\">Galeria do Samba<\/a> &#8211; a artista deixa claro que proceder\u00e1 a lembran\u00e7as da &#8220;Era de Ouro&#8221; da escola:<\/div>\n<div><\/div>\n<div><i>&#8220;Introdu\u00e7\u00e3o<\/p>\n<p>Com a chegada do 3\u00b0 mil\u00eanio, a S\u00e3o Clemente resolve fazer uma retrospectiva dos seus \u00faltimos carnavais e chega a seguinte conclus\u00e3o:<\/p>\n<p>&#8211; Nosso tr\u00e2nsito continua desorganizado, as pessoas morrem;<br \/>&#8211; O pov\u00e3o continua sem teto;<br \/>&#8211; O sistema de sa\u00fade do Brasil \u00e9 um fiasco;<br \/>&#8211; Os capit\u00e3es de asfalto continuam nas ruas;<br \/>&#8211; A viol\u00eancia \u00e9 tanta que parece que estamos em guerra;<br \/>&#8211; E o samba continua sambando;<br \/>&#8211; A solu\u00e7\u00e3o est\u00e1 na educa\u00e7\u00e3o do nosso povo;<br \/>&#8211; E n\u00f3s continuamos uma gente guerreira, otimista e festeira.<\/p>\n<p>Mostraremos nesse enredo passo a passo, ala por ala, carro por carro, um verdadeiro raios-x do Brasil, mas de forma irreverente como \u00e9 a marca registrada dessa escola de samba da Zona Sul.<\/i><\/p>\n<p><i>Sinopse do Enredo &#8211; Carnaval 2001<\/p>\n<p>1\u00ba Setor<\/p>\n<p>O \u00faltimo minuto de 2000 e o primeiro segundo de 2001, marcam a virada do calend\u00e1rio, a chegada do 3\u00ba mil\u00eanio, numa festan\u00e7a que se conhece como reveillon.<\/p>\n<p>E a S\u00e3o Clemente num momento de grande reflex\u00e3o resolve fazer uma retrospectiva sobre seus carnavais, quando de maneira descontra\u00edda e irreverente, mas compromissadamente s\u00e9ria enquanto mensagem, levantou v\u00e1rias quest\u00f5es sociais, e chegou a seguinte conclus\u00e3o: &#8220;mostrou, e nada mudou&#8221;.<\/p>\n<p>2\u00ba setor<\/p>\n<p>O nosso tr\u00e2nsito continua matando cada vez mais, as nossas estradas mal conservadas provocando acidentes, e os ped\u00e1gios cada vez mais caros e em n\u00fameros maiores, e os pardais !! E a\u00ed, o que mudou ?&#8230;<\/p>\n<p>Com o crescimento do desemprego, os viadutos, e as pra\u00e7as viraram mans\u00f5es para os menos favorecidos, hoje temos os sem tetos e os sem terras. E a\u00ed, o que mudou ? &#8230;.<\/p>\n<p>O sistema de sa\u00fade \u00e9 um fiasco, com os pacientes madrugando em filas intermin\u00e1veis, sem rem\u00e9dios, equipamentos quebrados, rem\u00e9dios falsificados, material humano falho, e os planos de sa\u00fade, os nossos idosos, a aids num crescer cada vez maior continua entre n\u00f3s, a vaidade sem limites criou a ind\u00fastria da pl\u00e1stica e do silicone. E ai, o que mudou ? &#8230;.<\/p>\n<p>3\u00ba setor<\/p>\n<p>E os capit\u00e3es de asfalto continuam nas ruas. Os menores da atual gera\u00e7\u00e3o para aumentar o seu &#8220;poder&#8221; e garantir respeito do grupo que freq\u00fcenta, est\u00e3o aumentando os atos de vandalismo. \u00c9 a regra do valor e afirma\u00e7\u00e3o pessoal, n\u00e3o se alimenta falsa ilus\u00e3o, tendo em vista a luta desigual, entre o bem e o mal. Esses menores infratores s\u00e3o frutos da sociedade e \u00e9 deles que temos que fugir todos os dias. E a\u00ed, o que mudou ?&#8230;<\/p>\n<p>Numa tr\u00e1gica democracia, a viol\u00eancia est\u00e1 presente em todas as partes e faz de ref\u00e9ns as pessoas de bem, como os motoristas e os passageiros, os,professores e os alunos, as donas de casa em seus lares. <\/p>\n<p>Hoje vivemos atr\u00e1s das grades e os bandidos livres, vivemos em cativeiros, somos ref\u00e9ns do medo, da inseguran\u00e7a, estamos em uma guerra civil n\u00e3o oficializada.<\/p>\n<p>Presenciamos combates constantes entre pol\u00edcia x ladr\u00e3o; ladr\u00e3o x ladr\u00e3o; pol\u00edcia x pol\u00edcia. E a\u00ed, o que mudou ?<\/p>\n<p>4\u00ba setor<\/p>\n<p>E o samba continua sambando. Um troca-troca constante, os sambistas trocando suas agremia\u00e7\u00f5es por, contratos fabulosos, n\u00e3o existindo o &#8220;vestir, a camisa&#8221;. E a\u00ed, o que mudou?<\/p>\n<p>5\u00ba setor<\/p>\n<p>A solu\u00e7\u00e3o est\u00e1 na educa\u00e7\u00e3o do nosso povo. Mais escola melhor estruturada, mais emprego, uma distribui\u00e7\u00e3o de renda melhor.<\/p>\n<p>Sem apontar sa\u00eddas e f\u00f3rmulas milagrosas, menos ainda abrir quest\u00f5es que possam levar a intermin\u00e1veis debates, quando o razo\u00e1vel \u00e9 mostrar que, bem mais que as reflex\u00f5es o momento exige &#8220;atitudes&#8221; e n\u00f3s que somos a esperan\u00e7a, e vivemos neste Brasil gigante, continuamos guerreiros, otimistas, festeiros e perguntamos: e a\u00ed, o que mudou ? &#8230;.&#8221;<\/i><\/div>\n<div><\/div>\n<div>A amarela e preta foi a oitava escola a entrar na avenida, na madrugada do domingo de carnaval, 25 de fevereiro. E o que ocorreu foi um verdadeiro baile de carnaval.<\/div>\n<div><\/div>\n<div>As pessoas nas frisas e nas arquibancadas cantavam a plenos pulm\u00f5es o samba de Paulo Renato, Eug\u00eanio Leal, F\u00e1bio Chrispim e Rodrigo \u00cdndio, auxiliadas pela garra do puxador Anderson Paz e com a bela bateria aurinegra. Uma verdadeira catarse na avenida, com uma integra\u00e7\u00e3o \u00e0 moda antiga entre escola e p\u00fablico.<\/div>\n<div><\/div>\n<div>A parceria autora do samba, estreante como vitoriosa, soube captar a ess\u00eancia do enredo e permitiu aos desfiles um grande momento. Eu me lembro que era a primeira vez em que assistia o Grupo de Acesso A &#8220;in loco&#8221; e fiquei bastante impressionado ocm o desifle da escola.<\/div>\n<div><\/div>\n<div>Apesar do belo n\u00edvel do desfile como um todo e de fantasias e alegorias apenas medianas, a escola saiu da Pra\u00e7a da Apoteose como grande favorita a uma das vagas no Grupo Especial em 2002 &#8211; bons tempos em que eram duas as escolas promovidas&#8230;<\/div>\n<div><\/div>\n<div>Em que pesem os bons desfiles da Vila Isabel &#8211; rec\u00e9m rebaixada &#8211; e da Acad\u00eamicos da Santa Cruz, que homenageou o grande ator, escritor e compositor M\u00e1rio Lago, a impress\u00e3o geral \u00e9 que as duas promovidas seriam a S\u00e3o Clemente e a Unidos do Porto da Pedra.<\/div>\n<div><\/div>\n<div>A apura\u00e7\u00e3o na quarta feira de cinzas confirmou as expectativas: Porto da Pedra em primeiro e S\u00e3o Clemente em segundo, ambas promovidas ao Grupo Especial. A escola de Botafogo fez 193 pontos, quatro abaixo da agremia\u00e7\u00e3o s\u00e3o-gon\u00e7alense. Festa nas duas comunidades.<\/div>\n<div><\/div>\n<div>Minha avalia\u00e7\u00e3o era de qualquer uma das escolas poderia ser a campe\u00e3. Resultado justo.<\/div>\n<div><\/div>\n<div>Vamos \u00e0 letra do samba, que pode ser ouvido em sua vers\u00e3o de est\u00fadio <a href=\"http:\/\/pedromigao.multiply.com\/music\/item\/109\">aqui<\/a>. Uma curiosidade: na vers\u00e3o original o verso &#8220;para o turista delirar&#8221; era, na verdade, &#8220;para o turista cochilar&#8221;. Houve a mudan\u00e7a para a grava\u00e7\u00e3o oficial.<\/div>\n<div><\/div>\n<div><i>&#8220;Cantei, ah ! Como cantei<br \/>Eu alertei, eu critiquei, amor<br \/>Jeito moleque brincalh\u00e3o eu vou<br \/>Tentando melhorar esse pa\u00eds (pra ser feliz)<br \/>O meu grito ecoou<br \/>E a\u00ed, o que mudou ?<br \/>Mas n\u00e3o desisto, sou guerreiro lutador<br \/>Se correr o pardal pega<br \/>Se ficar o ladr\u00e3o come<br \/>Onde a coisa vai parar ?<br \/>T\u00f4 sem terra, t\u00f4 sem ninho<br \/>Qual ser\u00e1 o meu caminho<br \/>Quero casa pra casar<\/p>\n<p><b>T\u00e1 na hora de curar minha sa\u00fade<br \/>Quem tem plano fica pobre<br \/>E o pobre que se cuide<\/b><\/p>\n<p>Hoje o Capit\u00e3o de Asfalto<br \/>Tomou de assalto as manchetes de jornal<br \/>Marginalizado<br \/>Virou culpado da trag\u00e9dia social<br \/>E o meu pov\u00e3o do carnaval<br \/>N\u00e3o pode mais participar<br \/>No troca-troca deu lugar<br \/>Para o turista delirar<br \/>A solu\u00e7\u00e3o ent\u00e3o<br \/>\u00c9 investir na educa\u00e7\u00e3o<br \/>Criar emprego<br \/>Para libertar essa na\u00e7\u00e3o<\/p>\n<p><b>Faz a festa, me abra\u00e7a, p\u00f5e champanhe na ta\u00e7a<br \/>A S\u00e3o Clemente \u00e9 alegria<br \/>Vem no peito e na ra\u00e7a sacudindo a massa<br \/>Na explos\u00e3o da bateria<\/b>&#8220;<\/i><\/div>\n<div><\/div>\n<div>Semana que vem, encerrando a s\u00e9rie <a href=\"http:\/\/pedromigao.blogspot.com\/search\/label\/Samba%20de%20Ter%C3%A7a\">&#8220;Samba de Ter\u00e7a&#8221;<\/a> neste ano de 2009, Mangueira 1983: &#8220;Verde que te quero Rosa, Semente Viva do Samba&#8221;.<\/div>\n","protected":false},"excerpt":{"rendered":"<p>Ter\u00e7a feira, \u00e9 dia de nossa coluna semanal sobre grandes sambas que, entretanto, acabam n\u00e3o sendo os mais conhecidos de suas escolas. Hoje falarei deTour Details<\/p>\n","protected":false},"author":2,"featured_media":0,"comment_status":"open","ping_status":"open","sticky":false,"template":"","format":"standard","meta":{"footnotes":""},"categories":[289],"tags":[18,19,146,64],"class_list":["post-12241","post","type-post","status-publish","format-standard","hentry","category-pedro-migao","tag-carnaval","tag-escolas-de-samba","tag-samba-de-terca","tag-sao-clemente"],"_links":{"self":[{"href":"http:\/\/www.pedromigao.com.br\/ourodetolo\/wp-json\/wp\/v2\/posts\/12241","targetHints":{"allow":["GET"]}}],"collection":[{"href":"http:\/\/www.pedromigao.com.br\/ourodetolo\/wp-json\/wp\/v2\/posts"}],"about":[{"href":"http:\/\/www.pedromigao.com.br\/ourodetolo\/wp-json\/wp\/v2\/types\/post"}],"author":[{"embeddable":true,"href":"http:\/\/www.pedromigao.com.br\/ourodetolo\/wp-json\/wp\/v2\/users\/2"}],"replies":[{"embeddable":true,"href":"http:\/\/www.pedromigao.com.br\/ourodetolo\/wp-json\/wp\/v2\/comments?post=12241"}],"version-history":[{"count":0,"href":"http:\/\/www.pedromigao.com.br\/ourodetolo\/wp-json\/wp\/v2\/posts\/12241\/revisions"}],"wp:attachment":[{"href":"http:\/\/www.pedromigao.com.br\/ourodetolo\/wp-json\/wp\/v2\/media?parent=12241"}],"wp:term":[{"taxonomy":"category","embeddable":true,"href":"http:\/\/www.pedromigao.com.br\/ourodetolo\/wp-json\/wp\/v2\/categories?post=12241"},{"taxonomy":"post_tag","embeddable":true,"href":"http:\/\/www.pedromigao.com.br\/ourodetolo\/wp-json\/wp\/v2\/tags?post=12241"}],"curies":[{"name":"wp","href":"https:\/\/api.w.org\/{rel}","templated":true}]}}