{"id":12110,"date":"2010-03-02T09:42:00","date_gmt":"2010-03-02T11:42:00","guid":{"rendered":"http:\/\/www.pedromigao.com.br\/ourodetolo\/2010\/03\/sobre-a-politica-carioca\/"},"modified":"2010-03-02T09:42:00","modified_gmt":"2010-03-02T11:42:00","slug":"sobre-a-politica-carioca","status":"publish","type":"post","link":"http:\/\/www.pedromigao.com.br\/ourodetolo\/2010\/03\/sobre-a-politica-carioca\/","title":{"rendered":"Sobre a pol\u00edtica carioca"},"content":{"rendered":"<div><a href=\"http:\/\/4.bp.blogspot.com\/_KYflagr2MuI\/S4z5AJQpFUI\/AAAAAAAAB0I\/BtiDGmAjLX8\/s1600-h\/cabral-garotinho.jpg\" imageanchor=\"1\"><img loading=\"lazy\" decoding=\"async\" border=\"0\" height=\"197\" src=\"http:\/\/www.pedromigao.com.br\/ourodetolo\/wp-content\/uploads\/2010\/03\/cabral-garotinho.jpg\" width=\"400\"><\/a><\/div>\n<p><\/p>\n<div>Venho escrevendo muito aqui sobre a elei\u00e7\u00e3o presidencial, mas n\u00e3o poderia me esquecer do quadro previsto para o estado do Rio de Janeiro.<\/p>\n<p>A pol\u00edtica carioca vem sofrendo um efeito muito curioso nas \u00faltimas elei\u00e7\u00f5es: uma guinada \u00e0 direita absolutamente consistente e radical. Basta lembrar que os tr\u00eas senadores atuais do estado defendem posturas de direita e extrema-direita, tendo sido eleitos, \u00e0 exce\u00e7\u00e3o do suplente Paulo Duque, com expressiva vota\u00e7\u00e3o.<\/p>\n<p>Tal postura, creio, deve-se principalmente a tr\u00eas fatores: \u00e0 m\u00e1 avalia\u00e7\u00e3o dos governos de Leonel Brizola e posteriormente Garotinho, a um crescente predom\u00ednio das classes m\u00e9dias urbanas da Zona Sul na forma\u00e7\u00e3o de opini\u00e3o e sua amplifica\u00e7\u00e3o pela imprensa conservadora e \u00e0s pol\u00edticas assistencialistas e populistas determinadas por governos recentes.<\/p>\n<p>No munic\u00edpio do Rio, tal fen\u00f4meno \u00e9 mais antigo. Teve seu ponto de inflex\u00e3o em 1992 com a primeira elei\u00e7\u00e3o de C\u00e9sar Maia para a prefeitura, e a pol\u00edtica de governar para a Zona Sul vem se aprofundando esde ent\u00e3o. Basta ver que, hoje, o alcaide Eduardo Paes n\u00e3o toma nenhuma medida importante de governo sem consultar o impacto para bairros como Ipanema, Leblon e Barra da Tijuca. Tamb\u00e9m n\u00e3o custa lembrar que o \u00faltimo segundo turno, em 2008, foi disputado por um candidato de direita (Eduardo Paes) e outro de extrema-direita.<\/p>\n<p>No estado tal tend\u00eancia demorou um pouco mais para se consolidar. Ap\u00f3s o desastroso governo de Marcello Alencar &#8211; cujos filhos, \u00e0 \u00e9poca, ganharam os curiosos apelidos de &#8220;Rato Aur\u00e9lio&#8221; e &#8220;Rato Ant\u00f4nio&#8221;, houve espa\u00e7o para a elei\u00e7\u00e3o do grupo pol\u00edtico de Antony Garotinho. Este, representante do que eu classificaria de uma &#8220;direita evang\u00e9lica&#8221;, aliou-se ao PT a fim de conquistar o Pal\u00e1cio Guanabara. Entretanto, tal alian\u00e7a implodiria em pouqu\u00edssimo tempo. Seu &#8220;populismo de direita&#8221; gerou um governo desastroso, em especial ap\u00f3s o governo de sua esposa Rosinha Garotinho.<\/p>\n<p>Temos de ressaltar o poder paralelo exercido pelo presidente da Assembl\u00e9ia Legislativa Jorge Picciani, que j\u00e1 h\u00e1 algum tempo \u00e9 uma esp\u00e9cie de &#8220;emin\u00eancia parda&#8221; do estado. Deputado com v\u00e1rias den\u00fancias contra si &#8211; todas devidamente engavetadas sem a investiga\u00e7\u00e3o adequada &#8211; Picciani tem a sua opini\u00e3o ouvida e in\u00fameras vezes acatada em todas as grandes decis\u00f5es tomadas nos \u00faltimos dez anos, pelo menos.<\/p>\n<p>Diante disso, como podemos ver o quadro para as pr\u00f3ximas elei\u00e7\u00f5es ?<\/p>\n<p>Vejo tr\u00eas fortes candidatos, todos representantes conservadores e alinhados com posturas pol\u00edticas relacionadas \u00e0 direita.<\/p>\n<p>O atual governador S\u00e9rgio Cabral desponta como o mais forte candidato, em especial devido ao apoio do presidente Lula. Ele apresenta como grandes marcas de governo uma maci\u00e7a inje\u00e7\u00e3o de recursos federais, pela primeira vez em quase tr\u00eas d\u00e9cadas (m\u00e9rito maior do governo federal) e seu programa fascista de seguran\u00e7a p\u00fablica, representada pelas UPPs &#8211; <a href=\"http:\/\/pedromigao.blogspot.com\/2010\/01\/incendios-upps-e-favelofobia.html\">sobre as quais j\u00e1 escrevi antes<\/a> e que n\u00e3o passam de um &#8220;Gueto de Vars\u00f3via&#8221; sofisticado &#8211; e pela pol\u00edtica do &#8220;atire primeiro, pergunte depois&#8221;.<\/p>\n<p>Garotinho, que pretende voltar ao governo estadual, representa a chamada &#8220;direita evang\u00e9lica&#8221;, segmento muito representativo no estado. O Rio de Janeiro possui um expressivo contingente seguidor das seitas pentecostais; estas significam um &#8220;voto de cabresto&#8221; l\u00edquido e certo naqueles ungidos pelos l\u00edderes destas denomina\u00e7\u00f5es religiosas. S\u00e9rgio Cabral procura parte deste manancial, mas sem d\u00favida alguma tal terreno \u00e9 ocupado majoritariamente pelo ex-governador.<\/p>\n<p>Em uma terceira vertente temos a &#8220;direita festiva&#8221; da Zona Sul do Rio, representada pelo antes guerrilheiro e hoje aristocrata Fernando Gabeira. Majorit\u00e1ria no munic\u00edpio do Rio, n\u00e3o encontra maior eco no restante do estado &#8211; em especial na Baixada Fluminense &#8211; apesar da resson\u00e2ncia de suas id\u00e9ias feita pelo principal jornal do estado. Ao contr\u00e1rio das duas vertentes anteriores, assume-se como elitista e isso bloqueia um pouco a amplitude de sua vota\u00e7\u00e3o.<\/p>\n<p>Curiosamente os partidos que galvanizam a elei\u00e7\u00e3o a n\u00edvel nacional possuem papel quase insignificante no Rio de Janeiro. O PSDB ainda paga pelo governo Marcello Alencar e pela progressiva expuls\u00e3o de quadros feita pelo referido pol\u00edtico, \u00e0 moda de seu mentor Leonel Brizola. J\u00e1 o PT paga por sucessivos erros de avalia\u00e7\u00e3o e por um certo sectarismo, estando relegado a um papel definitivamente secund\u00e1rio. Tanto que ir\u00e1 se coligar ao atual governador e, com sorte, ter\u00e1 direito apenas a uma das candidaturas ao Senado.<\/p>\n<p>Em resumo, o quadro que se apresenta hoje \u00e9 este. Parece cedo para determinar um favorito, mas \u00e9 certo que teremos um vencedor atrelado a id\u00e9ias conservadoras, elitistas e que mantenham o atual estado de coisas.<\/p>\n<p>Voltarei proximamente ao tema, pois este est\u00e1 longe de se esgotar nestas linhas.<\/p><\/div>\n","protected":false},"excerpt":{"rendered":"<p>Venho escrevendo muito aqui sobre a elei\u00e7\u00e3o presidencial, mas n\u00e3o poderia me esquecer do quadro previsto para o estado do Rio de Janeiro. A pol\u00edticaTour Details<\/p>\n","protected":false},"author":2,"featured_media":0,"comment_status":"open","ping_status":"open","sticky":false,"template":"","format":"standard","meta":{"footnotes":""},"categories":[289],"tags":[150,24],"class_list":["post-12110","post","type-post","status-publish","format-standard","hentry","category-pedro-migao","tag-eleicoes-2010","tag-politica"],"_links":{"self":[{"href":"http:\/\/www.pedromigao.com.br\/ourodetolo\/wp-json\/wp\/v2\/posts\/12110","targetHints":{"allow":["GET"]}}],"collection":[{"href":"http:\/\/www.pedromigao.com.br\/ourodetolo\/wp-json\/wp\/v2\/posts"}],"about":[{"href":"http:\/\/www.pedromigao.com.br\/ourodetolo\/wp-json\/wp\/v2\/types\/post"}],"author":[{"embeddable":true,"href":"http:\/\/www.pedromigao.com.br\/ourodetolo\/wp-json\/wp\/v2\/users\/2"}],"replies":[{"embeddable":true,"href":"http:\/\/www.pedromigao.com.br\/ourodetolo\/wp-json\/wp\/v2\/comments?post=12110"}],"version-history":[{"count":0,"href":"http:\/\/www.pedromigao.com.br\/ourodetolo\/wp-json\/wp\/v2\/posts\/12110\/revisions"}],"wp:attachment":[{"href":"http:\/\/www.pedromigao.com.br\/ourodetolo\/wp-json\/wp\/v2\/media?parent=12110"}],"wp:term":[{"taxonomy":"category","embeddable":true,"href":"http:\/\/www.pedromigao.com.br\/ourodetolo\/wp-json\/wp\/v2\/categories?post=12110"},{"taxonomy":"post_tag","embeddable":true,"href":"http:\/\/www.pedromigao.com.br\/ourodetolo\/wp-json\/wp\/v2\/tags?post=12110"}],"curies":[{"name":"wp","href":"https:\/\/api.w.org\/{rel}","templated":true}]}}