{"id":12109,"date":"2010-03-02T18:52:00","date_gmt":"2010-03-02T20:52:00","guid":{"rendered":"http:\/\/www.pedromigao.com.br\/ourodetolo\/2010\/03\/repercussao\/"},"modified":"2010-03-02T18:52:00","modified_gmt":"2010-03-02T20:52:00","slug":"repercussao","status":"publish","type":"post","link":"http:\/\/www.pedromigao.com.br\/ourodetolo\/2010\/03\/repercussao\/","title":{"rendered":"Repercuss\u00e3o"},"content":{"rendered":"<div><a href=\"http:\/\/3.bp.blogspot.com\/_KYflagr2MuI\/S414PnAh6yI\/AAAAAAAAB0Q\/e23C0xO4E5M\/s1600-h\/brizola.jpg\" imageanchor=\"1\"><img loading=\"lazy\" decoding=\"async\" border=\"0\" height=\"200\" src=\"http:\/\/www.pedromigao.com.br\/ourodetolo\/wp-content\/uploads\/2010\/03\/brizola.jpg\" width=\"200\"><\/a>De uma maneira que n\u00e3o esperava, o artigo sobre a pol\u00edtica carioca que publiquei mais cedo alcan\u00e7ou uma repercuss\u00e3o que, absolutamente, n\u00e3o previa.<\/div>\n<div><\/div>\n<div>O jornalista Marco Aur\u00e9lio Mello, do excelente &#8220;<a href=\"http:\/\/maureliomello.blogspot.com\/2010\/03\/sobre-politica-carioca.html\">DoLadoDeL\u00e1&#8221; republicou o artigo na \u00edntegra<\/a>, para minha honra e alegria.<\/div>\n<div><\/div>\n<div>Por interm\u00e9dio de um leitor o texto acabou alvo de debate no blog do l\u00edder do PDT na C\u00e2mara dos deputados, Brizola Neto. Este fez algumas considera\u00e7\u00f5es sobre o texto e jogou luzes sobre a atua\u00e7\u00e3o pol\u00edtica do ex-governador do Rio de Janeiro &#8211; inclusive com diversos aspectos que, reconhe\u00e7o, desconhecia.<\/div>\n<div><\/div>\n<div>Com autoriza\u00e7\u00e3o dele, republico aqui com pequenas corre\u00e7\u00f5es de forma a cr\u00edtica ao texto, feita em seu blog <a href=\"http:\/\/www.tijolaco.com\/\">&#8220;Tijola\u00e7o&#8221;<\/a> &#8211; que eu n\u00e3o conhecia e recomendo vivamente uma visita. \u00c9 um pequeno reconhecimento do qual muito me orgulho.<\/div>\n<div><\/div>\n<div>Vamos ao texto, lembrando que voltarei ao tema proximamente:<\/div>\n<div><\/div>\n<div><i>&#8220;Li o texto e achei que tem uma ess\u00eancia correta, embora n\u00e3o concorde com tudo, especialmente em rela\u00e7\u00e3o ao primeiro governo, com o peso desta avalia\u00e7\u00e3o negativa, tanto que Darcy quase foi eleito n\u00e3o obstante a mar\u00e9 avassaladora do Plano Cruzado.<\/p>\n<p>Quanto \u00e0 critica sobre os tais expurgos, talvez falte ao Pedro a informa\u00e7\u00e3o sobre a flexibilidade que Brizola teve com quase todos eles. Com Cesar, chegou a desculpar um encontro com Collor em plena campanha de 89. Um amigo me conta que , numa reuni\u00e3o do PDT, at\u00e9 tentou justificar isso dizendo que Cesar era uma esp\u00e9cie de \u201cavi\u00e3o de reconhecimento\u201d, que voava no territ\u00f3rio inimigo e voltava para dar informa\u00e7\u00f5es.<\/p>\n<p>Com Marcello, eleito por ele, pediu d\u00fazias de vezes que ele abrisse espa\u00e7o para uma pessoa combativa \u2013 e nada d\u00f3cil a ele \u2013 como Cidinha Campos ser candidata. Marcello n\u00e3o aceitava nada sen\u00e3o um seu \u201chomem de confian\u00e7a\u201d, Luiz Paulo, como candidato. E veja que Cesar e Marcello foram para a direita, onde foram imediatamente acolhidos no cora\u00e7\u00e3o do conservadorismo.<\/p>\n<p>Com Garotinho foi diferente. Brizola bancou sua candidatura em 1994, contra dois outros de seus secret\u00e1rios, Noel de Carvalho e Jorge Roberto da Silveira. Em 98, colocou seu pr\u00f3prio pesco\u00e7o em jogo para assegurar a alian\u00e7a com o PT que o elegeu aqui no Rio. Lembre-se de que, na ocasi\u00e3o, ser candidato a vice do Lula era para perder e ele j\u00e1 tinha 76 anos de idade. Fui testemunha do esfor\u00e7o f\u00edsico dele, ali e em 2000, quando Garotinho deixou o PDT e foi apoiar Conde, o candidato de Cesar Maia.<\/p>\n<p>Claro que Brizola, como todo l\u00edder que passou 50 anos na vida p\u00fablica com uma causa, era turr\u00e3o, \u00e0s vezes. Mas posso, Pedro, testemunhar honestamente que ele nunca foi intransigente com quem agia com lealdade e sinceridade. Claro que \u00e9 saber dirigir e estar no banco do carona. Toda hora voc\u00ea d\u00e1 palpite e isso \u00e0s vezes irrita o \u201cpalpitante\u201d e o \u201cpalpitado\u201d. Mas n\u00e3o \u00e9 essa a raz\u00e3o essencial.<\/p>\n<p>O problema, de que outro dia falei aqui, \u00e9 que o tempo, os confortos da pol\u00edtica e os afagos da m\u00eddia, sempre pronta a festejar quem brigava ou rompia com Brizola, levam as pessoas para a direita.<\/p>\n<p>A vida de quem quer ser coerente politicamente, de quem tem causa, \u00e9 uma vida dif\u00edcil. A gente apanha de todos os lados, at\u00e9 de quem est\u00e1 junto de n\u00f3s e quer, com justi\u00e7a, um pouco mais de aten\u00e7\u00e3o e presen\u00e7a. At\u00e9 em fam\u00edlia isso ocorre. A gente aguenta porque tem o couro grosso e o cora\u00e7\u00e3o grande. Grande abra\u00e7o, e venha dar opini\u00e3o quando e como quiser. Como dizem os ga\u00fachos, \u201c\u00e9 no entrevero que morre gente\u201d.<\/i><\/div>\n","protected":false},"excerpt":{"rendered":"<p>De uma maneira que n\u00e3o esperava, o artigo sobre a pol\u00edtica carioca que publiquei mais cedo alcan\u00e7ou uma repercuss\u00e3o que, absolutamente, n\u00e3o previa. O jornalistaTour Details<\/p>\n","protected":false},"author":2,"featured_media":0,"comment_status":"open","ping_status":"open","sticky":false,"template":"","format":"standard","meta":{"footnotes":""},"categories":[289],"tags":[119,150,24],"class_list":["post-12109","post","type-post","status-publish","format-standard","hentry","category-pedro-migao","tag-brizola","tag-eleicoes-2010","tag-politica"],"_links":{"self":[{"href":"http:\/\/www.pedromigao.com.br\/ourodetolo\/wp-json\/wp\/v2\/posts\/12109","targetHints":{"allow":["GET"]}}],"collection":[{"href":"http:\/\/www.pedromigao.com.br\/ourodetolo\/wp-json\/wp\/v2\/posts"}],"about":[{"href":"http:\/\/www.pedromigao.com.br\/ourodetolo\/wp-json\/wp\/v2\/types\/post"}],"author":[{"embeddable":true,"href":"http:\/\/www.pedromigao.com.br\/ourodetolo\/wp-json\/wp\/v2\/users\/2"}],"replies":[{"embeddable":true,"href":"http:\/\/www.pedromigao.com.br\/ourodetolo\/wp-json\/wp\/v2\/comments?post=12109"}],"version-history":[{"count":0,"href":"http:\/\/www.pedromigao.com.br\/ourodetolo\/wp-json\/wp\/v2\/posts\/12109\/revisions"}],"wp:attachment":[{"href":"http:\/\/www.pedromigao.com.br\/ourodetolo\/wp-json\/wp\/v2\/media?parent=12109"}],"wp:term":[{"taxonomy":"category","embeddable":true,"href":"http:\/\/www.pedromigao.com.br\/ourodetolo\/wp-json\/wp\/v2\/categories?post=12109"},{"taxonomy":"post_tag","embeddable":true,"href":"http:\/\/www.pedromigao.com.br\/ourodetolo\/wp-json\/wp\/v2\/tags?post=12109"}],"curies":[{"name":"wp","href":"https:\/\/api.w.org\/{rel}","templated":true}]}}