{"id":12108,"date":"2010-03-03T09:32:00","date_gmt":"2010-03-03T11:32:00","guid":{"rendered":"http:\/\/www.pedromigao.com.br\/ourodetolo\/2010\/03\/sobre-a-politica-carioca-ii\/"},"modified":"2010-03-03T09:32:00","modified_gmt":"2010-03-03T11:32:00","slug":"sobre-a-politica-carioca-ii","status":"publish","type":"post","link":"http:\/\/www.pedromigao.com.br\/ourodetolo\/2010\/03\/sobre-a-politica-carioca-ii\/","title":{"rendered":"Sobre a pol\u00edtica carioca &#8211; II"},"content":{"rendered":"<div><a href=\"http:\/\/2.bp.blogspot.com\/_KYflagr2MuI\/S4189EjqJHI\/AAAAAAAAB0Y\/ftUoJ-Z7AV0\/s1600-h\/benedita1.jpg\" imageanchor=\"1\"><img loading=\"lazy\" decoding=\"async\" border=\"0\" height=\"194\" src=\"http:\/\/www.pedromigao.com.br\/ourodetolo\/wp-content\/uploads\/2010\/03\/benedita1.jpg\" width=\"200\"><\/a>Retomando um tema sobre o qual escrevi ontem, queria continuar a tentar analisar as causas desta &#8220;guinada \u00e0 direita&#8221; dada pela pol\u00edtica e o eleitorado cariocas nos \u00faltimos anos.<\/div>\n<div><\/div>\n<div>Um fator que \u00e9 pouco explorado mas que a meu ver contribuiu para tal fato foi a progressiva mudan\u00e7a de posicionamento da ex-Senadora Benedita da Silva e de seu grupo pol\u00edtico.<\/div>\n<div><\/div>\n<div>Expoente do PT carioca desde os seus prim\u00f3rdios, a pol\u00edtica foi a \u00fanica vereadora eleita pelo partido nas elei\u00e7\u00f5es de 1982 &#8211; eram tempos de voto vinculado e tal feito adquiriu, \u00e0 \u00e9poca, ares de fa\u00e7anha.<\/div>\n<div><\/div>\n<div>Posteriormente se elegeu deputada federal e, em 1992, quase se elegeu \u00e0 prefeitura do Rio de Janeiro &#8211; perdendo por diferen\u00e7a \u00ednfima para o ex-brizolista Cesar Maia. Entretanto deu a volta por cima se elegendo para o Senado Federal em em 1994.<\/div>\n<div><\/div>\n<div>Sua curva descendente se iniciaria em 1998. Imposta pela dire\u00e7\u00e3o nacional do PT como candidata a vice governadora na chapa de Anthony Garotinho, provocou um profundo dissenso na se\u00e7\u00e3o carioca do partido devido a esta interven\u00e7\u00e3o &#8211; o PT carioca havia decidido pela candidatura pr\u00f3pria de Vladimir Palmeira.<\/div>\n<div><\/div>\n<div>Foi nomeada para uma Secretaria de Estado voltada \u00e0 a\u00e7\u00e3o social, mas acusa\u00e7\u00f5es de corrup\u00e7\u00e3o somadas \u00e0 falta de vontade para o dia a dia administrativo e \u00e0 captura do aparelho social do estado do Rio empreenddida por Garotinho e seus aliados evang\u00e9licos causaram grande desgaste em sua imagem.<\/div>\n<div><\/div>\n<div>J\u00e1 afastada do centro de decis\u00f5es de poder, assumiu o estado para um mandato tamp\u00e3o de nove meses ap\u00f3s a desincompatibiliza\u00e7\u00e3o do ent\u00e3o governador Garotinho. Com o estado quebrado devido \u00e0s antecipa\u00e7\u00f5es de despesas feitas por seu sucessor acabou responsabilizada pelo caos financeiro do estado.<\/div>\n<div><\/div>\n<div>Esta decis\u00e3o equivocada de assumir o mandato acabou sendo tr\u00e1gica para as pretens\u00f5es futuras do PT. Ainda que Allencar e Garotinho tivessem quebrado o estado, quem passou \u00e0 opini\u00e3o p\u00fablica como incompetente foi Benedita &#8211; e o PT.<\/div>\n<div><\/div>\n<div>Derrotada uma vez mais nas elei\u00e7\u00f5es &#8211; em grande demonstra\u00e7\u00e3o de for\u00e7a das seitas eveng\u00e9licas, mas este \u00e9 assunto para depois &#8211; ocupou uma secretaria (com status ministerial) do Governo Lula, de onde saiu ap\u00f3s uma mal explicada hist\u00f3ria de uso de recursos p\u00fablicos em viagem particular. Ainda que tivesse devolvido o valor ao Er\u00e1rio, tal fato causou a sua sa\u00edda do governo &#8211; e mais um forte abalo em sua reputa\u00e7\u00e3o.<\/div>\n<div><\/div>\n<div>Nomeada secret\u00e1ria de Estado novamente por S\u00e9rgio Cabral, enfrentou as mesmas cr\u00edticas de tempos anteriores: de que n\u00e3o tinha muita aptid\u00e3o para o dia a dia administrativo e condutas no limite da \u00e9tica p\u00fablica.<\/div>\n<div><\/div>\n<div>Perdeu densidade eleitoral mas ainda controla com seu grupo parcela consider\u00e1vel do PT local, pleiteando candatura ao Senado no pr\u00f3ximo pleito. Entretanto, avalio que dificilmente obter\u00e1 uma das vagas caso consiga a indica\u00e7\u00e3o na conven\u00e7\u00e3o do partido.<\/div>\n<div><\/div>\n<div>Sua insist\u00eancia em candidatar-se a cargos majorit\u00e1rios somada a todos os desgastes causados em sua imagem arrastaram de rold\u00e3o n\u00e3o somente a renova\u00e7\u00e3o de quadros petista no Rio quanto a densidade eleitoral do mesmo.<\/div>\n<div><\/div>\n<div>Hoje, Benedita da Silva pertence ao passado da pol\u00edtica carioca. Entretanto sua atua\u00e7\u00e3o inibiu o surgimento de novos e fortes nomes para cargos majorit\u00e1rios, por um lado, e suas recentes atua\u00e7\u00f5es em cargos executivos abalaram boa parte da confian\u00e7a do eleitorado carioca no partido, por outro. Al\u00e9m de representar um hist\u00f3rico de interven\u00e7\u00f5es e acordos pol\u00edticos de resultados duvidosos para a estrela vermelha.<\/div>\n<div><\/div>\n<div>Al\u00e9m disso, sua tentativa de atrair parte do eleitorado evang\u00e9lico afastou do voto no partido setores ideol\u00f3gicos, que em sua maioria bandearam-se para partidos menores de esquerda ou ao voto nulo.<\/div>\n<div><\/div>\n<div>Obviamente que a pol\u00edtica carioca n\u00e3o \u00e9 a \u00fanica respons\u00e1vel pela cr\u00f4nica falta de votos que o PT atualmente padece no estado do Rio &#8211; um pouco menos na Baixada, mas end\u00eamica na capital e em outras regi\u00f5es do estado. Entretanto, sua trajet\u00f3ria fornece um bom fio condutor para se entender como o partido do Presidente Lula se transformou de op\u00e7\u00e3o real de poder a mero coadjuvante no quadro eleitoral do Estado do Rio.<\/div>\n<div><\/div>\n<div>Consequentemente, isto arrastou junto a perspectiva de poder da esquerda &#8211; e at\u00e9 mesmo do centro &#8211; no quadro pol\u00edtico carioca.<\/div>\n<div><\/div>\n<div>Retornarei ao assunto mais tarde.<\/div>\n","protected":false},"excerpt":{"rendered":"<p>Retomando um tema sobre o qual escrevi ontem, queria continuar a tentar analisar as causas desta &#8220;guinada \u00e0 direita&#8221; dada pela pol\u00edtica e o eleitoradoTour Details<\/p>\n","protected":false},"author":2,"featured_media":0,"comment_status":"open","ping_status":"open","sticky":false,"template":"","format":"standard","meta":{"footnotes":""},"categories":[289],"tags":[150,24],"class_list":["post-12108","post","type-post","status-publish","format-standard","hentry","category-pedro-migao","tag-eleicoes-2010","tag-politica"],"_links":{"self":[{"href":"http:\/\/www.pedromigao.com.br\/ourodetolo\/wp-json\/wp\/v2\/posts\/12108","targetHints":{"allow":["GET"]}}],"collection":[{"href":"http:\/\/www.pedromigao.com.br\/ourodetolo\/wp-json\/wp\/v2\/posts"}],"about":[{"href":"http:\/\/www.pedromigao.com.br\/ourodetolo\/wp-json\/wp\/v2\/types\/post"}],"author":[{"embeddable":true,"href":"http:\/\/www.pedromigao.com.br\/ourodetolo\/wp-json\/wp\/v2\/users\/2"}],"replies":[{"embeddable":true,"href":"http:\/\/www.pedromigao.com.br\/ourodetolo\/wp-json\/wp\/v2\/comments?post=12108"}],"version-history":[{"count":0,"href":"http:\/\/www.pedromigao.com.br\/ourodetolo\/wp-json\/wp\/v2\/posts\/12108\/revisions"}],"wp:attachment":[{"href":"http:\/\/www.pedromigao.com.br\/ourodetolo\/wp-json\/wp\/v2\/media?parent=12108"}],"wp:term":[{"taxonomy":"category","embeddable":true,"href":"http:\/\/www.pedromigao.com.br\/ourodetolo\/wp-json\/wp\/v2\/categories?post=12108"},{"taxonomy":"post_tag","embeddable":true,"href":"http:\/\/www.pedromigao.com.br\/ourodetolo\/wp-json\/wp\/v2\/tags?post=12108"}],"curies":[{"name":"wp","href":"https:\/\/api.w.org\/{rel}","templated":true}]}}