{"id":12106,"date":"2010-03-04T06:41:00","date_gmt":"2010-03-04T08:41:00","guid":{"rendered":"http:\/\/www.pedromigao.com.br\/ourodetolo\/2010\/03\/sobre-a-politica-carioca-iii\/"},"modified":"2010-03-04T06:41:00","modified_gmt":"2010-03-04T08:41:00","slug":"sobre-a-politica-carioca-iii","status":"publish","type":"post","link":"http:\/\/www.pedromigao.com.br\/ourodetolo\/2010\/03\/sobre-a-politica-carioca-iii\/","title":{"rendered":"Sobre a pol\u00edtica carioca &#8211; III"},"content":{"rendered":"<div><a href=\"http:\/\/4.bp.blogspot.com\/_KYflagr2MuI\/S46RTt59yaI\/AAAAAAAAB0o\/dXl8hIE01IQ\/s1600-h\/foto-do-marcelo-crivella.jpg\" imageanchor=\"1\"><img loading=\"lazy\" decoding=\"async\" border=\"0\" height=\"138\" src=\"http:\/\/www.pedromigao.com.br\/ourodetolo\/wp-content\/uploads\/2010\/03\/foto-do-marcelo-crivella.jpg\" width=\"200\"><\/a>Neste texto, irei explanar sobre um dos principais motivos que levaram \u00e0 guinada do eleitor carioca para candidatos representantes de propostas conservadoras e de direita: o avan\u00e7o das seitas evang\u00e9licas.<\/div>\n<div><\/div>\n<div>Os \u00faltimos trinta anos tem sido marcados por um progressivo avan\u00e7o destas denomina\u00e7\u00f5es religiosas. Representam um tipo muito particular de protestantismo, distante da prega\u00e7\u00e3o original de fundadores como Lutero e Calvino. Sua doutrina \u00e9 representada especialmente pela &#8220;Teoria da Prosperidade&#8221;, concebida no in\u00edcio do s\u00e9culo passado. Esta prega, grosso modo, que podemos conseguir tudo que desejamos desde que ofere\u00e7amos ao Senhor o nosso esfor\u00e7o, especialmente monet\u00e1rio.<\/div>\n<div><\/div>\n<div>Aqui no Brasil, tais seitas religiossas grassaram especialmente a partir do final da d\u00e9cada de setenta do s\u00e9culo passado; que, historicamente marca uma fase de crise econ\u00f4mica no pa\u00eds e queda do padr\u00e3o de vida das fam\u00edlias. Em uma \u00e9poca onde a pobreza aumentava a doutrina das igrejas neo-pentecostais soava como um conforto e uma promessa de melhora material, especialmente \u00e0s comunidades mais carentes.<\/div>\n<div><\/div>\n<div>Outro fator que nos ajuda a entender a expans\u00e3o dos chamados &#8220;crentes&#8221; \u00e9 um movimento duplo e praticamente simult\u00e2neo: o esgar\u00e7amento da institui\u00e7\u00e3o familiar por um lado e a retirada por ordem do Papa Jo\u00e3o Paulo II da Igreja Cat\u00f3lica de uma maior a\u00e7\u00e3o social. Nas classes C\/D\/E, em especial nas duas \u00faltimas a igreja evang\u00e9lica assumiu um conceito ampliado de fam\u00edlia substituindo o n\u00facleo local. Por outro lado substituiu progressivamente a Igreja Cat\u00f3lica em assist\u00eancia social.<\/div>\n<div><\/div>\n<div>Al\u00e9m da Teoria da Prosperidade e de toda a pol\u00eamica que a cerca &#8211; sobre a qual n\u00e3o explanarei aqui neste momento &#8211; estas denomina\u00e7\u00f5es como um todo adotam uma vis\u00e3o da B\u00edblia bastante particular; n\u00e3o se deve empreender divers\u00f5es que n\u00e3o sejam as da Igreja, n\u00e3o se pode beber, n\u00e3o pode fumar, m\u00fasica e dan\u00e7a somente as religiosas. Reivindicar seus direitos tamb\u00e9m n\u00e3o \u00e9 correto pois &#8220;basta dar o d\u00edzimo e tudo retornar\u00e1&#8221;.<\/div>\n<div><\/div>\n<div>Sem d\u00favida, h\u00e1 um componente econ\u00f4mico a\u00ed: dinheiro n\u00e3o gasto em &#8220;prazeres mundanos&#8221; \u00e9 mais dinheiro doado \u00e0 Igreja. Al\u00e9m do mais, gera toda uma engrenagem de Cds e DVDs &#8220;religiosos&#8221; com mercado consumidor certo. Ou seja, \u00e9 um grande neg\u00f3cio.<\/div>\n<div><\/div>\n<div>Onde chegamos \u00e0 pol\u00edtica ?<\/div>\n<div><\/div>\n<div>Em duas dire\u00e7\u00f5es. Primeiro no interesse das seitas em quest\u00e3o de terem seus representantes nas c\u00e2maras e assembl\u00e9ias a fim de defender seus interesses e influir em pol\u00edticas p\u00fablicas. Segundo que, por devotarem obedi\u00eancia absoluta aos pastores os membros destas Igrejas constituem um &#8220;voto de cabresto&#8221; bastante d\u00f3cil e numeroso. Um man\u00e1 de votos.<\/div>\n<div><\/div>\n<div>O auge da influ\u00eancia destes grupos nas pol\u00edticas p\u00fablicas foi sem d\u00favida alguma o Governo Rosinha Garotinho. A influ\u00eancia estendeu-se a tal ponto que para obter o &#8220;Cheque Cidad\u00e3o&#8221;, principal programa de assist\u00eancia social do Estado era obrigat\u00f3rio que o requerente pertencesse a uma destas seitas. Inclusive a distribui\u00e7\u00e3o dos cheques era feita tendo como intermedi\u00e1rios pastores evang\u00e9licos.<\/div>\n<div><\/div>\n<div>Neste mesmo 2002 em que Rosinha se elegeu, o Bispo e ent\u00e3o n\u00famero dois na hierarquia da Igreja Universal do Reino de Deus Marcelo Crivella (foto) se elegeu senador, e o Presidente da Assembl\u00e9ia de Deus, Manoel Ferreira, ficou muito pr\u00f3ximo de obter a segunda vaga &#8211; batendo candidatos como o ex-governador Brizola e o petista \u00c9dson Santos. Cerca de 30% da Assembl\u00e9ia Legislativa escolhida na \u00e9poca era ligada a um destes movimentos crist\u00e3os.<\/div>\n<div><\/div>\n<div>De l\u00e1 para c\u00e1 houve um refluxo nesta participa\u00e7\u00e3o direta &#8211; muito pelo combate que a classe m\u00e9dia fez a estes representantes &#8211; mas representando aproximadamente 30% do eleitorado carioca possui for\u00e7a suficiente para movimentar o p\u00eandulo para um lado ou outro. Ent\u00e3o chegamos ao objetivo deste post.<\/div>\n<div><\/div>\n<div>Ainda que com menor influ\u00eancia na elabora\u00e7\u00e3o de pol\u00edticas p\u00fablicas, embora\u00a0 continue representativa, a institui\u00e7\u00e3o e seus l\u00edderes tendem a se aliar a pol\u00edticos conservadores em sua pr\u00e1xis pol\u00edtica. O posicionamento extremamente conservador em termos de costumes e regras encontra eco nos posicionamentos pol\u00edticos conservadores e a mesma Teoria da Prosperidade implica em defesa de valores como a propriedade privada, a exist\u00eancia de classes sociais e da desigualdade &#8211; tudo \u00e9 explicada por Jesus Cristo, e s\u00f3 se movimenta na pir\u00e2mide social aquele que mais oferece.<\/div>\n<div><\/div>\n<div>Resumindo, a exist\u00eancia de um &#8220;voto de cabresto&#8221; expressivo e bem definido somado \u00e0 posi\u00e7\u00e3o pol\u00edtica dos l\u00edderes evang\u00e9licos semelhante a dos partidos de direita, com afinidades conservadoras leva a um &#8220;colch\u00e3o&#8221; de votos bastante significante &#8211; e com &#8220;donos&#8221; bem definidos. Ainda que sozinhos n\u00e3o elejam prefeitos da capital ou governadores &#8211; as \u00faltimas elei\u00e7\u00f5es majorit\u00e1rias deixaram isso bem claro &#8211; s\u00e3o uma for\u00e7a que empurra o poder pol\u00edtico para a direita.<\/div>\n<div><\/div>\n<div>Finalizando, nas pr\u00f3ximas elei\u00e7\u00f5es o candidato a governador dever\u00e1 ser o ex-ocupante do cargo Antony Garotinho. Dada a sua rejei\u00e7\u00e3o em outros segmentos do eleitorado tenho d\u00favidas se ter\u00e1 for\u00e7as para se eleger; entretanto ser\u00e1 um ator pol\u00edtico fundamental no quadro. Este capital de votos a &#8220;baixo custo&#8221; ainda atrai o atual governador, mas sua penetra\u00e7\u00e3o \u00e9 apenas marginal entre os principais l\u00edderes destas seitas.<\/div>\n<div><\/div>\n<div>O quadro pol\u00edtico e a guinada \u00e0 direita n\u00e3o se esgota aqui, embora seja um dos maiores fatores causadores. Retornarei ao tema.<\/div>\n<div><\/div>\n<div><i>P.S. &#8211; Escrevi <a href=\"http:\/\/pedromigao.blogspot.com\/2009\/12\/o-egoismo-dos-evangelicos.html\">aqui<\/a> e <a href=\"http:\/\/pedromigao.blogspot.com\/2009\/12\/o-egoismo-dos-evangelicos-ii.html\">aqui<\/a> anteriormente outros dois textos (aviso, pol\u00eamicos) sobre as seitas evang\u00e9licas.<\/i><\/div>\n","protected":false},"excerpt":{"rendered":"<p>Neste texto, irei explanar sobre um dos principais motivos que levaram \u00e0 guinada do eleitor carioca para candidatos representantes de propostas conservadoras e de direita:Tour Details<\/p>\n","protected":false},"author":2,"featured_media":0,"comment_status":"open","ping_status":"open","sticky":false,"template":"","format":"standard","meta":{"footnotes":""},"categories":[289],"tags":[150,24,9],"class_list":["post-12106","post","type-post","status-publish","format-standard","hentry","category-pedro-migao","tag-eleicoes-2010","tag-politica","tag-religiao"],"_links":{"self":[{"href":"http:\/\/www.pedromigao.com.br\/ourodetolo\/wp-json\/wp\/v2\/posts\/12106","targetHints":{"allow":["GET"]}}],"collection":[{"href":"http:\/\/www.pedromigao.com.br\/ourodetolo\/wp-json\/wp\/v2\/posts"}],"about":[{"href":"http:\/\/www.pedromigao.com.br\/ourodetolo\/wp-json\/wp\/v2\/types\/post"}],"author":[{"embeddable":true,"href":"http:\/\/www.pedromigao.com.br\/ourodetolo\/wp-json\/wp\/v2\/users\/2"}],"replies":[{"embeddable":true,"href":"http:\/\/www.pedromigao.com.br\/ourodetolo\/wp-json\/wp\/v2\/comments?post=12106"}],"version-history":[{"count":0,"href":"http:\/\/www.pedromigao.com.br\/ourodetolo\/wp-json\/wp\/v2\/posts\/12106\/revisions"}],"wp:attachment":[{"href":"http:\/\/www.pedromigao.com.br\/ourodetolo\/wp-json\/wp\/v2\/media?parent=12106"}],"wp:term":[{"taxonomy":"category","embeddable":true,"href":"http:\/\/www.pedromigao.com.br\/ourodetolo\/wp-json\/wp\/v2\/categories?post=12106"},{"taxonomy":"post_tag","embeddable":true,"href":"http:\/\/www.pedromigao.com.br\/ourodetolo\/wp-json\/wp\/v2\/tags?post=12106"}],"curies":[{"name":"wp","href":"https:\/\/api.w.org\/{rel}","templated":true}]}}