{"id":12103,"date":"2010-03-05T21:28:00","date_gmt":"2010-03-05T23:28:00","guid":{"rendered":"http:\/\/www.pedromigao.com.br\/ourodetolo\/2010\/03\/final-de-semana-eu-e-a-brisa\/"},"modified":"2010-03-05T21:28:00","modified_gmt":"2010-03-05T23:28:00","slug":"final-de-semana-eu-e-a-brisa","status":"publish","type":"post","link":"http:\/\/www.pedromigao.com.br\/ourodetolo\/2010\/03\/final-de-semana-eu-e-a-brisa\/","title":{"rendered":"Final de Semana &#8211; &quot;Eu e a Brisa&quot;"},"content":{"rendered":"<div>Nosso final de semana traz uma homenagem ao grande Johnny Alf, falecido no dia de ontem aos oitenta anos v\u00edtima de complica\u00e7\u00f5es de um c\u00e2ncer da pr\u00f3stata. Como homenagem ao grande cantor, precursor da Bossa Nova, seu maior sucesso em uma vers\u00e3o ao vivo: &#8220;Eu e a Brisa&#8221;.<\/div>\n<div><\/div>\n<div>Descanse em paz.<\/div>\n<div><\/div>\n<div><i>&#8220;Ah, se a juventude que essa brisa canta<\/i><\/div>\n<div><i>Ficasse aqui comigo mais um pouco<\/i><\/div>\n<div><i>Eu poderia esquecer a dor<\/i><\/div>\n<div><i>De ser t\u00e3o s\u00f3<\/i><\/div>\n<div><i>Pr\u00e1 ser um sonho<\/i><\/div>\n<div><i><br \/><\/i><\/div>\n<div><i>E a\u00ed, ent\u00e3o, quem sabe algu\u00e9m chegasse<\/i><\/div>\n<div><i>Buscando um sonho em forma de desejo<\/i><\/div>\n<div><i>Felicidade ent\u00e3o pr\u00e1 n\u00f3s seria<\/i><\/div>\n<div><i><br \/><\/i><\/div>\n<div><i>E depois que a tarde nos trouxesse a lua<\/i><\/div>\n<div><i>Se o amor chegasse eu n\u00e3o resistiria<\/i><\/div>\n<div><i>E a madrugada acalentaria a nossa paz<\/i><\/div>\n<div><i><br \/><\/i><\/div>\n<div><i>Fica, oh, brisa fica, pois talvez quem sabe<\/i><\/div>\n<div><i>O inesperado fa\u00e7a uma surpresa<\/i><\/div>\n<div><i>E traga algu\u00e9m que queira te escutar<\/i><\/div>\n<div><i>E junto a mim queira ficar&#8230;&#8221;<\/i><\/div>\n","protected":false},"excerpt":{"rendered":"<p>Nosso final de semana traz uma homenagem ao grande Johnny Alf, falecido no dia de ontem aos oitenta anos v\u00edtima de complica\u00e7\u00f5es de um c\u00e2ncerTour Details<\/p>\n","protected":false},"author":2,"featured_media":0,"comment_status":"open","ping_status":"open","sticky":false,"template":"","format":"standard","meta":{"footnotes":""},"categories":[289],"tags":[12,40,99],"class_list":["post-12103","post","type-post","status-publish","format-standard","hentry","category-pedro-migao","tag-cultura","tag-final-de-semana","tag-mpb"],"_links":{"self":[{"href":"http:\/\/www.pedromigao.com.br\/ourodetolo\/wp-json\/wp\/v2\/posts\/12103","targetHints":{"allow":["GET"]}}],"collection":[{"href":"http:\/\/www.pedromigao.com.br\/ourodetolo\/wp-json\/wp\/v2\/posts"}],"about":[{"href":"http:\/\/www.pedromigao.com.br\/ourodetolo\/wp-json\/wp\/v2\/types\/post"}],"author":[{"embeddable":true,"href":"http:\/\/www.pedromigao.com.br\/ourodetolo\/wp-json\/wp\/v2\/users\/2"}],"replies":[{"embeddable":true,"href":"http:\/\/www.pedromigao.com.br\/ourodetolo\/wp-json\/wp\/v2\/comments?post=12103"}],"version-history":[{"count":0,"href":"http:\/\/www.pedromigao.com.br\/ourodetolo\/wp-json\/wp\/v2\/posts\/12103\/revisions"}],"wp:attachment":[{"href":"http:\/\/www.pedromigao.com.br\/ourodetolo\/wp-json\/wp\/v2\/media?parent=12103"}],"wp:term":[{"taxonomy":"category","embeddable":true,"href":"http:\/\/www.pedromigao.com.br\/ourodetolo\/wp-json\/wp\/v2\/categories?post=12103"},{"taxonomy":"post_tag","embeddable":true,"href":"http:\/\/www.pedromigao.com.br\/ourodetolo\/wp-json\/wp\/v2\/tags?post=12103"}],"curies":[{"name":"wp","href":"https:\/\/api.w.org\/{rel}","templated":true}]}}