{"id":12006,"date":"2010-05-12T09:03:00","date_gmt":"2010-05-12T11:03:00","guid":{"rendered":"http:\/\/www.pedromigao.com.br\/ourodetolo\/2010\/05\/o-fim-do-canecao\/"},"modified":"2010-05-12T09:03:00","modified_gmt":"2010-05-12T11:03:00","slug":"o-fim-do-canecao","status":"publish","type":"post","link":"http:\/\/www.pedromigao.com.br\/ourodetolo\/2010\/05\/o-fim-do-canecao\/","title":{"rendered":"O fim do Canec\u00e3o"},"content":{"rendered":"<div><a href=\"http:\/\/3.bp.blogspot.com\/_KYflagr2MuI\/S-n-9qApGvI\/AAAAAAAACIc\/Mr9hB37ldfI\/s1600\/11_MHG_rio_canecao9.jpg\" imageanchor=\"1\"><img loading=\"lazy\" decoding=\"async\" border=\"0\" height=\"256\" src=\"http:\/\/www.pedromigao.com.br\/ourodetolo\/wp-content\/uploads\/2010\/05\/11_MHG_rio_canecao9.jpg\" width=\"400\"><\/a><\/div>\n<p><\/p>\n<div>Uma not\u00edcia que passou meio despercebida com a euforia da convoca\u00e7\u00e3o da Sele\u00e7\u00e3o Brasileira para a pr\u00f3xima Copa do Mundo foi o fechamento daquela que \u00e9 considerada a mais importante e tradicional casa de espet\u00e1culos da cidade, o Canec\u00e3o.<\/div>\n<div><\/div>\n<div>Ap\u00f3s uma longa disputa judicial com a Universidade Federal do Rio de Janeiro, que data desde 1997, esta finalmente conseguiu a reintegra\u00e7\u00e3o de posse do local ap\u00f3s uma longa batalha jur\u00eddica.<\/div>\n<div><\/div>\n<div>A casa foi aberta em 1967 como uma cervejaria trazendo shows de variedades. \u00c0 \u00e9poca a respons\u00e1vel pelo terreno era a extinta Associa\u00e7\u00e3o de Servidores Civis do Brasil, que ao inv\u00e9s de utilizar o valorizado espa\u00e7o para sua sede social o sublocava.<\/div>\n<div><\/div>\n<div>Em 1992 a universidade cedeu por cinco anos o espa\u00e7o \u00e0 casa de shows; entretanto, em 1997 ao t\u00e9rmino deste houve uma batalha judicial pela retomada do terreno. Em 2002 o Tribunal de Contas da Uni\u00e3o decidiu que a UFRJ deveria retomar o terreno e o pr\u00e9dio, e ano passado a Procuradoria Regional Federal do Rio de Janeiro decidiu que n\u00e3o somente os donos do Canec\u00e3o deveriam fechar o local e devolv\u00ea-lo \u00e0 universidade como pagar R$ 4 milh\u00f5es a t\u00edtulo de indeniza\u00e7\u00e3o. Com uma s\u00e9rie de recursos a execu\u00e7\u00e3o foi protelada, at\u00e9 que o local finalmente foi fechado anteontem.<\/div>\n<div><\/div>\n<div>O Canec\u00e3o foi palco de boa parte da hist\u00f3ria moderna da M\u00fasica Popular Brasileira. Por seu palco passaram monstros sagrados como Elis Regina, Chico Buarque, Clara Nunes, Paulinho da Viola, Tom Jobim, Maria Bethania e Gal Costa, entre outros.<\/div>\n<div><\/div>\n<div>Tamb\u00e9m foi local de momentos hist\u00f3ricos, como o \u00faltimo show da carreira de Cazuza &#8211; j\u00e1 bastante doente &#8211; e o lan\u00e7amento da carreira de Elymar Santos, que, &#8220;na cara e na coragem&#8221;, alugou a casa e lan\u00e7ou-se para o sucesso.<\/div>\n<div><\/div>\n<div>Sem d\u00favida alguma, \u00e9 uma perda para a cidade, j\u00e1 carente de grandes casas de espet\u00e1culos. \u00c9 mais um golpe na noite carioca, que vem sofrendo com as consequ\u00eancias da chamada &#8220;Lei Seca&#8221; e com dificuldade de transporte que n\u00e3o o carro particular.<\/div>\n<div><\/div>\n<div>Talvez tenha faltado \u00e0 dire\u00e7\u00e3o da universidade um pouco de flexibilidade para encontrar uma solu\u00e7\u00e3o que n\u00e3o resultasse no lament\u00e1vel ep\u00edlogo da \u00faltima segunda feira. Conhe\u00e7o o hoje reitor Alo\u00edsio Teixeira dos meus tempos de gradua\u00e7\u00e3o em Economia e ele n\u00e3o era exatamente um especialista na arte de negociar.<\/div>\n<div><\/div>\n<div>A UFRJ alega que criar\u00e1 no espa\u00e7o um Centro Cultural, entretanto tenho s\u00e9rias d\u00favidas se realmente ser\u00e1 dada esta destina\u00e7\u00e3o ao terreno. N\u00e3o duvido que fique fechado, apodrecendo.<\/div>\n<div><\/div>\n<div>Fui a poucos shows no Canec\u00e3o, mas tenho a satisfa\u00e7\u00e3o de dizer que vi a minha &#8220;Sant\u00edssima Trindade&#8221; ao vivo na casa de Botafogo: Paulinho da Viola (em duas ocasi\u00f5es, 1997 e em 2001), Chico Buarque (1999) e Maria Bethania (2009, \u00faltima vez em que estive l\u00e1). O som \u00e9 bastante satisfat\u00f3rio e a vis\u00e3o do palco, mesmo nos lugares mais distantes, \u00e9 aceit\u00e1vel.<\/div>\n<div><\/div>\n<div>Entretanto, decis\u00e3o judicial n\u00e3o se discute, cumpre-se. Ficar\u00e1 a mem\u00f3ria, perdem-se os empregos e perde-se uma boa op\u00e7\u00e3o de show. Paci\u00eancia, \u00e9 o que dir\u00e3o os defensores da lei a qualquer custo. N\u00e3o me incluo entre estes, um bom acordo entre as partes \u00e9 sempre melhor alternativa \u00e0 lei pura e fria.<\/div>\n<div><\/div>\n<div><span><i>(Foto: <a href=\"http:\/\/www.oglobo.com.br\/\">O Globo<\/a>)<\/i><\/span><\/div>\n","protected":false},"excerpt":{"rendered":"<p>Uma not\u00edcia que passou meio despercebida com a euforia da convoca\u00e7\u00e3o da Sele\u00e7\u00e3o Brasileira para a pr\u00f3xima Copa do Mundo foi o fechamento daquela queTour Details<\/p>\n","protected":false},"author":2,"featured_media":0,"comment_status":"open","ping_status":"open","sticky":false,"template":"","format":"standard","meta":{"footnotes":""},"categories":[289],"tags":[6,17],"class_list":["post-12006","post","type-post","status-publish","format-standard","hentry","category-pedro-migao","tag-vida-cotidiana","tag-vida-empresarial"],"_links":{"self":[{"href":"http:\/\/www.pedromigao.com.br\/ourodetolo\/wp-json\/wp\/v2\/posts\/12006","targetHints":{"allow":["GET"]}}],"collection":[{"href":"http:\/\/www.pedromigao.com.br\/ourodetolo\/wp-json\/wp\/v2\/posts"}],"about":[{"href":"http:\/\/www.pedromigao.com.br\/ourodetolo\/wp-json\/wp\/v2\/types\/post"}],"author":[{"embeddable":true,"href":"http:\/\/www.pedromigao.com.br\/ourodetolo\/wp-json\/wp\/v2\/users\/2"}],"replies":[{"embeddable":true,"href":"http:\/\/www.pedromigao.com.br\/ourodetolo\/wp-json\/wp\/v2\/comments?post=12006"}],"version-history":[{"count":0,"href":"http:\/\/www.pedromigao.com.br\/ourodetolo\/wp-json\/wp\/v2\/posts\/12006\/revisions"}],"wp:attachment":[{"href":"http:\/\/www.pedromigao.com.br\/ourodetolo\/wp-json\/wp\/v2\/media?parent=12006"}],"wp:term":[{"taxonomy":"category","embeddable":true,"href":"http:\/\/www.pedromigao.com.br\/ourodetolo\/wp-json\/wp\/v2\/categories?post=12006"},{"taxonomy":"post_tag","embeddable":true,"href":"http:\/\/www.pedromigao.com.br\/ourodetolo\/wp-json\/wp\/v2\/tags?post=12006"}],"curies":[{"name":"wp","href":"https:\/\/api.w.org\/{rel}","templated":true}]}}