{"id":12005,"date":"2010-05-13T08:52:00","date_gmt":"2010-05-13T10:52:00","guid":{"rendered":"http:\/\/www.pedromigao.com.br\/ourodetolo\/2010\/05\/julgamentos-maniqueismos-imprecisoes-e-zonas-cinzentas\/"},"modified":"2010-05-13T08:52:00","modified_gmt":"2010-05-13T10:52:00","slug":"julgamentos-maniqueismos-imprecisoes-e-zonas-cinzentas","status":"publish","type":"post","link":"http:\/\/www.pedromigao.com.br\/ourodetolo\/2010\/05\/julgamentos-maniqueismos-imprecisoes-e-zonas-cinzentas\/","title":{"rendered":"Julgamentos, manique\u00edsmos, imprecis\u00f5es e zonas cinzentas"},"content":{"rendered":"<div><a href=\"http:\/\/1.bp.blogspot.com\/_KYflagr2MuI\/S-oX9mveQyI\/AAAAAAAACIk\/DXMGhoPeGK4\/s1600\/forca.jpg\" imageanchor=\"1\"><img loading=\"lazy\" decoding=\"async\" border=\"0\" height=\"400\" src=\"http:\/\/www.pedromigao.com.br\/ourodetolo\/wp-content\/uploads\/2010\/05\/forca.jpg\" width=\"266\"><\/a><\/div>\n<p><\/p>\n<div>Um dos grandes males da vida cotidiana \u00e9 a maldita mania que o ser humano tem de sair estabelecendo julgamentos e penas em tudo o que v\u00ea.<\/div>\n<div><\/div>\n<div>Aferrado a c\u00f3digos de conduta duvidosos e a vis\u00f5es estreitas de vida, o indiv\u00edduo tende a rotular e classificar tudo como &#8220;bem ou mal&#8221;, &#8220;certo ou errado&#8221;, &#8220;correto ou incorreto&#8221;, &#8220;\u00e9tico ou anti-\u00e9tico&#8221;. Determina vereditos e informa &#8220;penas&#8221;.<\/div>\n<div><\/div>\n<div>N\u00e3o se pratica a an\u00e1lise das raz\u00f5es. Pensa-se apenas em encaixar pessoas e condutas em uma das &#8220;formas&#8221; ou &#8220;caixinhas&#8221; usadas pelo determinado como &#8220;senso comum&#8221;. N\u00e3o se analisam as raz\u00f5es objetivas de comportamentos ou atitudes, mas sim condena-se ou absolve-se em um c\u00f3digo politicamente correto bastante falho.<\/div>\n<div><\/div>\n<div>Muitas vezes, o que parece incompreens\u00edvel ou absurdo torna-se bastante razo\u00e1vel quando observamos as condi\u00e7\u00f5es existentes. A postura &#8220;incorreta&#8221; ou &#8220;inexplic\u00e1vel&#8221; pode ter todo sentido quando analisamos as causas que levaram \u00e0quela situa\u00e7\u00e3o. Outras quest\u00f5es\u00a0podem\u00a0at\u00e9 ser incorretas segundo os c\u00f3digos morais ou \u00a0regimentais, mas tornam-se justific\u00e1veis &#8211; embora ainda incorretas &#8211; quando analisamos o quadro geral.<\/div>\n<div><\/div>\n<div>Algo tamb\u00e9m irritante \u00e9 o manique\u00edsmo. As pessoas e situa\u00e7\u00f5es tendem a ser classificadas em extremos, sem perceber que entre os dois pontos limite existem diversos posicionamentos que necessariamente podem ser analisados e aceitos. \u00c9 como se houvesse um permanente clima de &#8220;Fla-Flu&#8221; em todos os aspectos da vida humana.<\/div>\n<div><\/div>\n<div>Tamb\u00e9m existem &#8220;zonas cinzentas&#8221;, com situa\u00e7\u00f5es indefinidas, perfeitamente normais. A\u00a0sociedade\u00a0vive em transi\u00e7\u00e3o, o homem vive em transi\u00e7\u00e3o, e comportamentos e atitudes aparentemente conflitantes podem conviver por per\u00edodos de tempo.<\/div>\n<div><\/div>\n<div>Mais um ponto que perpassa negativamente isto tudo \u00e9 a praga chamada hipocrisia. Fa\u00e7a o que eu digo, n\u00e3o fa\u00e7a o que eu fa\u00e7o, mesmo quando se pratica o que se condena. Em especial os evang\u00e9licos s\u00e3o mestres nesta &#8220;arte&#8221;.<\/div>\n<div><\/div>\n<div>Esquece-se que se\u00a0destroem\u00a0vidas ou deixa-se de tomar atitudes necess\u00e1rias por causa destes julgamentos e press\u00f5es da sociedade, sem ter acesso aos motivos e ao quadro. Quantas pessoas infelizes temos por terem medo deste tipo de situa\u00e7\u00e3o e acabarem se acomodando com medo do que ocorre e ecoa em suas tang\u00eancias ? Quantas vidas destru\u00eddas por vereditos inadequados e apressados ?<\/div>\n<div><\/div>\n<div>Cada dia mais temos compuls\u00e3o pela vida alheia e isso pode ser visto pelo cada vez maior sucesso destas revistas e colunas de jornais e internet dedicadas \u00e0 vida das &#8220;celebridades&#8221;. Julgamos seus comportamentos como se parentes f\u00f4ssemos. E reproduzimos este comportamento com as pessoas em volta, dando r\u00f3tulos a tudo e engessando a espontaneidade.<\/div>\n<div><\/div>\n<div>Mandamos para a forca sem direito \u00e0 defesa e sem compreender as raz\u00f5es humanas. Dane-se, n\u00e3o sou eu quem est\u00e1 l\u00e1. infelizmente o pensamento \u00e9 este.<\/div>\n<div><\/div>\n<div>O mundo seria bem melhor com um ser humano menos hip\u00f3crita, menos politicamente correto, menos &#8220;juiz&#8221; e menos manique\u00edsta. Deixem o julgamento para o Ju\u00edzo Final individual.<\/div>\n<div><\/div>\n<div>Onde h\u00e1 julgamento, troque pela compaix\u00e3o. Onde h\u00e1 hipocrisia, troque pela verdade. Onde h\u00e1 manique\u00edsmo, troque pela compreens\u00e3o. Onde h\u00e1 condena\u00e7\u00e3o, troque pela solidariedade.<\/div>\n<div><\/div>\n<div>Pense nisto.<\/div>\n","protected":false},"excerpt":{"rendered":"<p>Um dos grandes males da vida cotidiana \u00e9 a maldita mania que o ser humano tem de sair estabelecendo julgamentos e penas em tudo oTour Details<\/p>\n","protected":false},"author":2,"featured_media":0,"comment_status":"open","ping_status":"open","sticky":false,"template":"","format":"standard","meta":{"footnotes":""},"categories":[289],"tags":[7,6],"class_list":["post-12005","post","type-post","status-publish","format-standard","hentry","category-pedro-migao","tag-reflexoes","tag-vida-cotidiana"],"_links":{"self":[{"href":"http:\/\/www.pedromigao.com.br\/ourodetolo\/wp-json\/wp\/v2\/posts\/12005","targetHints":{"allow":["GET"]}}],"collection":[{"href":"http:\/\/www.pedromigao.com.br\/ourodetolo\/wp-json\/wp\/v2\/posts"}],"about":[{"href":"http:\/\/www.pedromigao.com.br\/ourodetolo\/wp-json\/wp\/v2\/types\/post"}],"author":[{"embeddable":true,"href":"http:\/\/www.pedromigao.com.br\/ourodetolo\/wp-json\/wp\/v2\/users\/2"}],"replies":[{"embeddable":true,"href":"http:\/\/www.pedromigao.com.br\/ourodetolo\/wp-json\/wp\/v2\/comments?post=12005"}],"version-history":[{"count":0,"href":"http:\/\/www.pedromigao.com.br\/ourodetolo\/wp-json\/wp\/v2\/posts\/12005\/revisions"}],"wp:attachment":[{"href":"http:\/\/www.pedromigao.com.br\/ourodetolo\/wp-json\/wp\/v2\/media?parent=12005"}],"wp:term":[{"taxonomy":"category","embeddable":true,"href":"http:\/\/www.pedromigao.com.br\/ourodetolo\/wp-json\/wp\/v2\/categories?post=12005"},{"taxonomy":"post_tag","embeddable":true,"href":"http:\/\/www.pedromigao.com.br\/ourodetolo\/wp-json\/wp\/v2\/tags?post=12005"}],"curies":[{"name":"wp","href":"https:\/\/api.w.org\/{rel}","templated":true}]}}