{"id":11896,"date":"2010-07-22T13:12:00","date_gmt":"2010-07-22T15:12:00","guid":{"rendered":"http:\/\/www.pedromigao.com.br\/ourodetolo\/2010\/07\/nostalgia-do-que-nao-vivi\/"},"modified":"2010-07-22T13:12:00","modified_gmt":"2010-07-22T15:12:00","slug":"nostalgia-do-que-nao-vivi","status":"publish","type":"post","link":"http:\/\/www.pedromigao.com.br\/ourodetolo\/2010\/07\/nostalgia-do-que-nao-vivi\/","title":{"rendered":"Nostalgia do Que N\u00e3o Vivi"},"content":{"rendered":"<div><a href=\"http:\/\/4.bp.blogspot.com\/_KYflagr2MuI\/TEYa8QR-WEI\/AAAAAAAACkU\/zd9-UasPEnE\/s1600\/20080717120000_3635_medium_jair-rodrigues-apresenta-disparada-em-um-dos-festivais.jpg\" imageanchor=\"1\"><img loading=\"lazy\" decoding=\"async\" border=\"0\" height=\"321\" src=\"http:\/\/www.pedromigao.com.br\/ourodetolo\/wp-content\/uploads\/2010\/07\/20080717120000_3635_medium_jair-rodrigues-apresenta-disparada-em-um-dos-festivais1.jpg\" width=\"400\"><\/a><\/div>\n<p><\/p>\n<div><a href=\"http:\/\/pedromigao.blogspot.com\/2009\/06\/1968-nostalgia-do-que-nao-vivi.html\">Em um dos primeiros textos deste blog<\/a> eu escrevi sobre os acontecimentos do ano de 1968 e a nostalgia que sentia por n\u00e3o ter vivido aqueles tempos. Tamb\u00e9m chamava a aten\u00e7\u00e3o para o fato de que os resultados daquela revolta transformadora se fizeram sentir muito mais na esfera das liberdades individuais que na liberdade pol\u00edtica ou de sociedade, e no quando isto interferiu nas duas gera\u00e7\u00f5es extremamente individualistas &#8211; incluindo a minha &#8211; que se seguiram.<\/div>\n<div><\/div>\n<div>Conversando com uma pessoa no meu trabalho esta semana o tema voltou \u00e0 baila. Eu cada vez mais venho sentindo saudade de tempos que n\u00e3o vivi, ouvindo m\u00fasicas das d\u00e9cadas de sessenta e setenta, estudando estes per\u00edodos hist\u00f3ricos. Tenho preferido revisitar os cl\u00e1ssicos que buscar novidades muitas vezes de gosto duvidoso.<\/div>\n<div><\/div>\n<div>Acho que j\u00e1 escrevi aqui que venho ouvindo muito a cantora norte americana Joan Baez. Suas interpreta\u00e7\u00f5es j\u00e1 apareceram por quatro ocasi\u00f5es na coluna &#8220;Final de Semana&#8221; desde outubro, quando tomei contato com sua m\u00fasica doce e que canta a solidariedade e os mais fracos; brevemente &#8220;Here\u00b4s You&#8221; estar\u00e1 na mesma s\u00e9rie do blog.<\/div>\n<div><\/div>\n<div><a href=\"http:\/\/3.bp.blogspot.com\/_KYflagr2MuI\/TEYevKQ2FNI\/AAAAAAAACkc\/kELPDuSuYcg\/s1600\/John_Coltrane.jpg\" imageanchor=\"1\"><img loading=\"lazy\" decoding=\"async\" border=\"0\" height=\"193\" src=\"http:\/\/www.pedromigao.com.br\/ourodetolo\/wp-content\/uploads\/2012\/08\/John_Coltrane.jpg\" width=\"200\"><\/a><\/div>\n<div>A prop\u00f3sito, a m\u00fasica selecionada para amanh\u00e3 \u00e9 um solo de sax do grande John Coltrane (foto), um dos mestres do jazz e do qual adquiri um cd na \u00faltima semana. Cada vez mais venho buscando a grande m\u00fasica do S\u00e9culo XX, muitas vezes de tempos em que eu era nascido ou era, ainda, muito pequeno.<\/div>\n<div><\/div>\n<div>Talvez contribua para isso o fato de os tempos atuais serem cada vez mais individualistas, cada vez mais superficiais, descart\u00e1veis e profundamente materialistas. Sem contar a praga do &#8220;politicamente correto&#8221;, que foi uma dose cavalar de hipocrisia no dia a dia do ser humano e nas conven\u00e7\u00f5es referentes \u00e0 vida em sociedade. O mundo hoje est\u00e1 mais med\u00edocre e mais chato.<\/div>\n<div><\/div>\n<div>Infelizmente n\u00e3o tenho tend\u00eancia \u00e0 mediocridade nem \u00e0 hipocrisia. Detesto estas duas caracter\u00edsticas. Tamb\u00e9m n\u00e3o gosto do que outro amigo meu denomina com muita propriedade de &#8220;bovinismo&#8221;, que \u00e9 o de adotar comportamente id\u00eantico \u00e0 massa a fim de n\u00e3o ser discriminado por ser diferente. Andar em manada, seria uma tradu\u00e7\u00e3o mais real do termo.<\/div>\n<div><\/div>\n<div>Como n\u00e3o me agradam estas caracter\u00edsticas dominantes na sociedade e na cultura de massa de hoje e ao mesmo tempo eu n\u00e3o sou mais um garoto na flor da juventude, cada vez mais venho me refugiando nas caracter\u00edsticas de tempos anteriores. Redescubro, revisito, reponho meu cabedal de conhecimento e de sensibilidade a fim de neutralizar cada momento rotineiro do dia a dia cada vez mais entediante; doses de classicismo e de aprendizados, c\u00e1lices de sentimento e hist\u00f3rias de um tempo onde havia necessidade de solidariedade, vontade de se construir algo novo, idealismo e poesia.<\/div>\n<div><\/div>\n<div>A vida de hoje \u00e9 urgente. Tudo \u00e9 &#8220;para ontem&#8221;, tudo \u00e9 imprescind\u00edvel, tudo \u00e9 acelerado. &#8220;Impaci\u00eancia&#8221; \u00e9 a palavra de ordem. N\u00e3o nos permitimos degustar nada, esperar nada, prosear, dar chance ao outro de se manifestar.<\/div>\n<div><\/div>\n<div>Acredito que a tecnologia ao mesmo tempo em que tornou muito mais f\u00e1ceis diversos aspectos da vida humana por outro lado levou a este estado de urg\u00eancia, intoler\u00e2ncia e impaci\u00eancia. Al\u00e9m disso vivemos tudo muito aceleradamente e hoje se vivem quarenta e oito horas em vinte e quatro. N\u00e3o admira o aumento crescente de casos de stress, AVCs e enfartes.<\/div>\n<div><\/div>\n<div>Outra resposta a esta mediocriza\u00e7\u00e3o e ao &#8220;bovinismo&#8221; \u00e9 a cada vez maior &#8220;guetiza\u00e7\u00e3o&#8221; dos indiv\u00edduos em tribos, que exercitam a intoler\u00e2ncia. O indiv\u00edduo precisa se sentir em grupo, se sentir aceito. Portanto, n\u00e3o admira o ressurgimento de guerras nacionalistas e religiosas, derivadas, muito grosso modo, deste fen\u00f4meno.<\/div>\n<div><\/div>\n<div><a href=\"http:\/\/3.bp.blogspot.com\/_KYflagr2MuI\/TEYkjJky1-I\/AAAAAAAACkk\/6XMcaJsjzzQ\/s1600\/Festivais+-+H+DO+MUNDO.jpg\" imageanchor=\"1\"><img loading=\"lazy\" decoding=\"async\" border=\"0\" height=\"156\" src=\"http:\/\/www.pedromigao.com.br\/ourodetolo\/wp-content\/uploads\/2012\/08\/Festivais+-+H+DO+MUNDO.jpg\" width=\"200\"><\/a><\/div>\n<div>Tamb\u00e9m vem da\u00ed a progressiva &#8220;celebriza\u00e7\u00e3o&#8221; da vida humana e a transforma\u00e7\u00e3o destas &#8220;pessoas famosas&#8221; quase em semi-deuses. <a href=\"http:\/\/pedromigao.blogspot.com\/2010\/05\/tartarugas-celebridades-e-o-conceito-de.html\">Sobre este fen\u00f4meno tratei em texto anterior<\/a>.<\/div>\n<div><\/div>\n<div>Minha resposta a esta deteriora\u00e7\u00e3o da sociedade, da cultura e dos costumes \u00e9 redescobrir o antigo, rever o que de valor produzimos. Mais vale buscar a qualidade que ir atr\u00e1s de duvidosas novidades. Mais vale buscar a solidariedade dos jovens de 68 que a ego\u00edsta busca pelo prazer hedonista da juventude atual. Mais vale buscar valores como a pol\u00edtica, o humanismo e a qualidade de vida que a gana cega pelo consumo.<\/div>\n<div><\/div>\n<div>Como resultado, sou uma pessoa nost\u00e1lgica, quase melanc\u00f3lica at\u00e9. Sinto saudade de um tempo que eu n\u00e3o vivi, que eu n\u00e3o senti na carne, apenas nas lembran\u00e7as. Redescubro a boa m\u00fasica que n\u00e3o toca nas r\u00e1dios, o poeta semi-esquecido, a poesia escondida em uma boa prosa.<\/div>\n<div><\/div>\n<div>Obviamente, para muitos eu sou um chato. N\u00e3o me importo, at\u00e9 porque &#8220;chato&#8221; \u00e9 algo marcado de forma indel\u00e9vel em meu DNA desde que nasci&#8230;<\/div>\n<div><\/div>\n<div><a href=\"http:\/\/2.bp.blogspot.com\/_KYflagr2MuI\/TEYmStQLzII\/AAAAAAAACks\/22dbb66dclI\/s1600\/passeata-dos-cem-mil-em-1968.gif\" imageanchor=\"1\"><img loading=\"lazy\" decoding=\"async\" border=\"0\" height=\"315\" src=\"http:\/\/www.pedromigao.com.br\/ourodetolo\/wp-content\/uploads\/2010\/07\/passeata-dos-cem-mil-em-19681.png\" width=\"400\"><\/a><\/div>\n<div><\/div>\n<div><i>P.S. &#8211; A foto acima \u00e9 da Passeata dos Cem Mil, em Junho de 1968. Voc\u00ea leitor imaginaria algo parecido nos dias de hoje ? Mais, conceberia uma faixa com os dizeres como estes que aparecem na foto ? E depois reclamam dos pol\u00edticos&#8230;<\/i><\/div>\n","protected":false},"excerpt":{"rendered":"<p>Em um dos primeiros textos deste blog eu escrevi sobre os acontecimentos do ano de 1968 e a nostalgia que sentia por n\u00e3o ter vividoTour Details<\/p>\n","protected":false},"author":2,"featured_media":0,"comment_status":"open","ping_status":"open","sticky":false,"template":"","format":"standard","meta":{"footnotes":""},"categories":[289],"tags":[15,7,27,6],"class_list":["post-11896","post","type-post","status-publish","format-standard","hentry","category-pedro-migao","tag-musica","tag-reflexoes","tag-sociedade","tag-vida-cotidiana"],"_links":{"self":[{"href":"http:\/\/www.pedromigao.com.br\/ourodetolo\/wp-json\/wp\/v2\/posts\/11896","targetHints":{"allow":["GET"]}}],"collection":[{"href":"http:\/\/www.pedromigao.com.br\/ourodetolo\/wp-json\/wp\/v2\/posts"}],"about":[{"href":"http:\/\/www.pedromigao.com.br\/ourodetolo\/wp-json\/wp\/v2\/types\/post"}],"author":[{"embeddable":true,"href":"http:\/\/www.pedromigao.com.br\/ourodetolo\/wp-json\/wp\/v2\/users\/2"}],"replies":[{"embeddable":true,"href":"http:\/\/www.pedromigao.com.br\/ourodetolo\/wp-json\/wp\/v2\/comments?post=11896"}],"version-history":[{"count":0,"href":"http:\/\/www.pedromigao.com.br\/ourodetolo\/wp-json\/wp\/v2\/posts\/11896\/revisions"}],"wp:attachment":[{"href":"http:\/\/www.pedromigao.com.br\/ourodetolo\/wp-json\/wp\/v2\/media?parent=11896"}],"wp:term":[{"taxonomy":"category","embeddable":true,"href":"http:\/\/www.pedromigao.com.br\/ourodetolo\/wp-json\/wp\/v2\/categories?post=11896"},{"taxonomy":"post_tag","embeddable":true,"href":"http:\/\/www.pedromigao.com.br\/ourodetolo\/wp-json\/wp\/v2\/tags?post=11896"}],"curies":[{"name":"wp","href":"https:\/\/api.w.org\/{rel}","templated":true}]}}