{"id":11854,"date":"2010-08-19T15:54:00","date_gmt":"2010-08-19T17:54:00","guid":{"rendered":"http:\/\/www.pedromigao.com.br\/ourodetolo\/2010\/08\/os-poroes-da-ditadura\/"},"modified":"2010-08-19T15:54:00","modified_gmt":"2010-08-19T17:54:00","slug":"os-poroes-da-ditadura","status":"publish","type":"post","link":"http:\/\/www.pedromigao.com.br\/ourodetolo\/2010\/08\/os-poroes-da-ditadura\/","title":{"rendered":"Os Por\u00f5es da Ditadura"},"content":{"rendered":"<div>Esta semana o <a href=\"http:\/\/programas.rederecord.com.br\/programas\/jornaldarecord\/home.asp\">&#8220;Jornal da Record&#8221;<\/a> est\u00e1 com uma s\u00e9rie de mat\u00e9rias interessant\u00edssimas sobre &#8220;os por\u00f5es da ditadura militar&#8221;. Ancorada pelo jornalista Rodrigo Vianna &#8211; dono do excelente blog <a href=\"http:\/\/www.rodrigovianna.com.br\/\">&#8220;Escrevinhador&#8221;<\/a> e do qual j\u00e1 republiquei textos um par de vezes aqui &#8211; a s\u00e9rie especial vem mostrando uma hist\u00f3ria que os &#8220;donos do &#8220;poder&#8221; brasileiros insistem em esquecer.<\/div>\n<div><\/div>\n<div>N\u00e3o vi infelizmente a reportagem de segunda feira, mas ter\u00e7a e ontem foram abordadas as rela\u00e7\u00f5es de empres\u00e1rios com a repress\u00e3o. Eram comerciantes, industriais e outros donos de meios de produ\u00e7\u00e3o que apoiavam logisticamente a repress\u00e3o e a tortura e se jactavam de suas amizades neste meio.<\/div>\n<div><\/div>\n<div>O envolvimento destes empres\u00e1rios era tamanho que muitas vezes ganhavam &#8220;patentes&#8221; militares, passando a serem conhecidos por estas alcunhas antes do nome.<\/div>\n<div><\/div>\n<div>Outra marca do envolvimento de empres\u00e1rios com a tortura \u00e9 o fato de alguns destes terem sido condecorados com a &#8220;Medalha do Pacificador&#8221;, a mais importante comenda do Ex\u00e9rcito. O Decreto 4.207, de 23 de abril de 2002 e que disciplina a concess\u00e3o da medalha indica que ela pode ser entregue a, entre outros:<\/div>\n<div><\/div>\n<div align=\"justify\"><i>&#8220;V &#8211; aos cidad\u00e3os nacionais que hajam prestado relevantes servi\u00e7os ao Ex\u00e9rcito; e<\/i><\/div>\n<div align=\"justify\"><\/div>\n<div align=\"justify\"><i>VI &#8211; \u00e0s organiza\u00e7\u00f5es militares e institui\u00e7\u00f5es civis, nacionais ou estrangeiras, que se tenham tornado credoras de homenagem especial do Ex\u00e9rcito.&#8221;<\/i><\/div>\n<div align=\"justify\"><\/div>\n<div align=\"justify\">Obviamente, naqueles tempos de chumbo o crit\u00e9rio para se decidir o que eram &#8220;<i>relevantes servi\u00e7os ao Ex\u00e9rcito&#8221;<\/i> era bastante diferente.<\/div>\n<div align=\"justify\"><\/div>\n<div align=\"justify\">A s\u00e9rie enfoca a vida de Joaquim Fagundes Rodrigues, empres\u00e1rio dono de uma transportadora &#8211; que possu\u00eda como \u00fanica cliente a estatal Telesp, dirigida pelos militares &#8211; e que cedera o s\u00edtio &#8220;31 de Mar\u00e7o&#8221; para o Ex\u00e9rcito torturar e assassinar opositores do regime. Notem que o nome da propriedade faz alus\u00e3o \u00e0 data escolhida pelos militares para marcar o anivers\u00e1rio do golpe de 1964, que, em verdade, foi no dia primeiro de abril &#8211; Dia da Mentira.<\/div>\n<div align=\"justify\"><\/div>\n<div align=\"justify\">As reportagens est\u00e3o indo ao ar desde segunda feira \u00faltima, por volta de oito e vinte da noite, no Jornal da Record. Acima coloco a mat\u00e9ria de ontem, que mostra a amizade do empres\u00e1rio em quest\u00e3o com not\u00f3rios torturadores.<\/div>\n<div align=\"justify\"><\/div>\n<div align=\"justify\">Infelizmente n\u00e3o poderei ver ao vivo hoje, mas h\u00e1 reprises na Record News mais tarde e no portal <a href=\"http:\/\/www.r7.com\/\">R7<\/a>. \u00c9 uma iniciativa bastante oportuna, tendo em vista a recente decis\u00e3o sobre a tortura e anistia proferida pelo STF &#8211; <a href=\"http:\/\/pedromigao.blogspot.com\/2010\/05\/o-stf-anistia-e-tortura.html\">alvo de post \u00e0 \u00e9poca<\/a>.<\/div>\n<div align=\"justify\"><\/div>\n<div align=\"justify\">Esta \u00e9 uma hist\u00f3ria que temos de lembrar eternamente, por mais s\u00f3rdida que seja. Para que n\u00e3o se repita.<\/div>\n<div><\/div>\n","protected":false},"excerpt":{"rendered":"<p>Esta semana o &#8220;Jornal da Record&#8221; est\u00e1 com uma s\u00e9rie de mat\u00e9rias interessant\u00edssimas sobre &#8220;os por\u00f5es da ditadura militar&#8221;. Ancorada pelo jornalista Rodrigo Vianna &#8211;Tour Details<\/p>\n","protected":false},"author":2,"featured_media":0,"comment_status":"open","ping_status":"open","sticky":false,"template":"","format":"standard","meta":{"footnotes":""},"categories":[289],"tags":[35,25,92,196,87],"class_list":["post-11854","post","type-post","status-publish","format-standard","hentry","category-pedro-migao","tag-historia","tag-judiciario","tag-record","tag-rodrigo-vianna","tag-televisao"],"_links":{"self":[{"href":"http:\/\/www.pedromigao.com.br\/ourodetolo\/wp-json\/wp\/v2\/posts\/11854","targetHints":{"allow":["GET"]}}],"collection":[{"href":"http:\/\/www.pedromigao.com.br\/ourodetolo\/wp-json\/wp\/v2\/posts"}],"about":[{"href":"http:\/\/www.pedromigao.com.br\/ourodetolo\/wp-json\/wp\/v2\/types\/post"}],"author":[{"embeddable":true,"href":"http:\/\/www.pedromigao.com.br\/ourodetolo\/wp-json\/wp\/v2\/users\/2"}],"replies":[{"embeddable":true,"href":"http:\/\/www.pedromigao.com.br\/ourodetolo\/wp-json\/wp\/v2\/comments?post=11854"}],"version-history":[{"count":0,"href":"http:\/\/www.pedromigao.com.br\/ourodetolo\/wp-json\/wp\/v2\/posts\/11854\/revisions"}],"wp:attachment":[{"href":"http:\/\/www.pedromigao.com.br\/ourodetolo\/wp-json\/wp\/v2\/media?parent=11854"}],"wp:term":[{"taxonomy":"category","embeddable":true,"href":"http:\/\/www.pedromigao.com.br\/ourodetolo\/wp-json\/wp\/v2\/categories?post=11854"},{"taxonomy":"post_tag","embeddable":true,"href":"http:\/\/www.pedromigao.com.br\/ourodetolo\/wp-json\/wp\/v2\/tags?post=11854"}],"curies":[{"name":"wp","href":"https:\/\/api.w.org\/{rel}","templated":true}]}}