{"id":11852,"date":"2010-08-20T17:27:00","date_gmt":"2010-08-20T19:27:00","guid":{"rendered":"http:\/\/www.pedromigao.com.br\/ourodetolo\/2010\/08\/final-de-semana-100-anos-de-ataulfo-alves\/"},"modified":"2010-08-20T17:27:00","modified_gmt":"2010-08-20T19:27:00","slug":"final-de-semana-100-anos-de-ataulfo-alves","status":"publish","type":"post","link":"http:\/\/www.pedromigao.com.br\/ourodetolo\/2010\/08\/final-de-semana-100-anos-de-ataulfo-alves\/","title":{"rendered":"Final de Semana &#8211; &quot;100 Anos de Ataulfo Alves&quot;"},"content":{"rendered":"<div>J\u00e1 escrevi anteriormente <a href=\"http:\/\/pedromigao.blogspot.com\/2009\/09\/resenha-literaria-ataulfo-alves-vida-e.html\">a resenha da biografia do grande Ataulfo Alves<\/a>, que se fosse vivo teria completado 100 anos no ano passado.<\/div>\n<div><\/div>\n<div>Pois semana passada comprei um cd duplo somente com m\u00fasicas do grande artista, interpretado por grandes nomes da m\u00fasica brasileira. N\u00e3o foi exatamente barato, mas tra\u00e7a um bom panorama da obra do genial, e muitas vezes esquecido, compositor.<\/div>\n<div><\/div>\n<div>Para o final de semana coloco, em grava\u00e7\u00e3o de Ataulfo Alves J\u00fanior, tr\u00eas sucessos: &#8220;Atire a Primeira Pedra&#8221;, &#8220;Leva Meu Samba&#8221; e &#8220;Ai que Saudades da Am\u00e9lia&#8221;, cujas letras coloco abaixo.<\/div>\n<div><\/div>\n<div>Bom final de semana. Mas o Ouro de Tolo n\u00e3o para.<\/div>\n<div><\/div>\n<div><i><b>ATIRE A PRIMEIRA PEDRA \u00a0(1944)<\/b><\/i><\/div>\n<div><i><span>(Ataulfo Alves \/ M\u00e1rio Lago)<\/span><\/i><\/div>\n<div><\/div>\n<div>Covarde sei que me podem chamar<\/div>\n<div>Porque n\u00e3o calo no peito essa dor<\/div>\n<div>Atire a primeira pedra, ai, ai, ai<\/div>\n<div>Aquele que n\u00e3o sofreu por amor\u00a0<\/div>\n<div>Covarde sei que me podem chamar<\/div>\n<div>Porque n\u00e3o calo no peito essa dor<\/div>\n<div>Atire a primeira pedra, ai, ai, ai<\/div>\n<div>Aquele que n\u00e3o sofreu por amor\u00a0<\/div>\n<div>Eu sei que v\u00e3o censurar o meu proceder<\/div>\n<div>Eu sei, mulher que voc\u00ea mesma vai dizer<\/div>\n<div>Que eu voltei pra me humilhar<\/div>\n<div>\u00c9, mas n\u00e3o faz mal<\/div>\n<div>Voc\u00ea pode at\u00e9 sorrir<\/div>\n<div>Perd\u00e3o foi feito pra gente pedir\u00a0<\/div>\n<div>Covarde sei que me podem chamar<\/div>\n<div>Porque n\u00e3o calo no peito essa dor<\/div>\n<div>Atire a primeira pedra, ai, ai, ai<\/div>\n<div>Aquele que n\u00e3o sofreu por amor<\/div>\n<div>Covarde sei que me podem chamar<\/div>\n<div>Porque n\u00e3o calo no peito essa dor<\/div>\n<div>Atire a primeira pedra, ai, ai, ai<\/div>\n<div>Aquele que n\u00e3o sofreu por amor\u00a0<\/div>\n<div>Perd\u00e3o foi feito pra gente pedir<\/div>\n<div>Covarde sei que me podem chamar<\/div>\n<div>Porque n\u00e3o calo no peito essa dor<\/div>\n<div>Atire a primeira pedra, ai, ai, ai<\/div>\n<div>Aquele que n\u00e3o sofreu por amor\u00a0<\/div>\n<div>Aquele que n\u00e3o sofreu por amor<\/div>\n<div><\/div>\n<div><b><i>LEVA MEU SAMBA<\/i><\/b><\/div>\n<div><i><span>(Ataulfo Alves)<\/span><\/i><\/div>\n<div><\/div>\n<div>Leva meu samba<\/div>\n<div>Meu mensageiro<\/div>\n<div>Este recado<\/div>\n<div>Para o meu amor primeiro<\/div>\n<div><\/div>\n<div>Vai dizer que ela \u00e9<\/div>\n<div>a raz\u00e3o dos meus &#8220;ais&#8221;<\/div>\n<div>N\u00e3o, n\u00e3o posso mais<\/div>\n<div><\/div>\n<div>Eu que pensava<\/div>\n<div>que podia lhe esquecer<\/div>\n<div>Mas qual o que<\/div>\n<div>aumentou o meu sofrer<\/div>\n<div><\/div>\n<div>Falou mais alto<\/div>\n<div>no meu peito uma saudade<\/div>\n<div>Mas para o caso<\/div>\n<div>n\u00e3o h\u00e1 for\u00e7a de vontade<\/div>\n<div><\/div>\n<div>Aquele samba foi pra ver<\/div>\n<div>se comovia o seu cora\u00e7\u00e3o<\/div>\n<div>Onde eu dizia:<\/div>\n<div>Vim buscar o meu perd\u00e3o<\/div>\n<div><\/div>\n<div><b><i>AI QUE SAUDADES DA AM\u00c9LIA<\/i><\/b><\/div>\n<div><i><span>(Ataulfo Alves \/ M\u00e1rio Lago)<\/span><\/i><\/div>\n<div><\/div>\n<div>Nunca vi fazer tanta exig\u00eancia<\/div>\n<div>Nem fazer o que voc\u00ea me faz<\/div>\n<div>Voc\u00ea n\u00e3o sabe o que \u00e9 consci\u00eancia<\/div>\n<div>Nem v\u00ea que eu sou um pobre rapaz<\/div>\n<div>Voc\u00ea s\u00f3 pensa em luxo e riqueza<\/div>\n<div>Tudo que voc\u00ea v\u00ea voc\u00ea quer<\/div>\n<div>Ai, meu Deus, que saudade da Am\u00e9lia<\/div>\n<div>Aquilo sim \u00e9 que era mulher<\/div>\n<div><\/div>\n<div>\u00c0s vezes passava fome ao meu lado<\/div>\n<div>E achava bonito n\u00e3o ter o que comer<\/div>\n<div>E quando me via contrariado<\/div>\n<div>Dizia: Meu filho, que se h\u00e1 de fazer<\/div>\n<div><\/div>\n<div>Am\u00e9lia n\u00e3o tinha a menor vaidade<\/div>\n<div>Am\u00e9lia \u00e9 que era mulher de verdade<\/div>\n<div>Am\u00e9lia n\u00e3o tinha a menor vaidade<\/div>\n<div>Am\u00e9lia \u00e9 que era mulher de verdade<\/div>\n<div><\/div>\n<div>\u00c0s vezes passava fome ao meu lado<\/div>\n<div>E achava bonito n\u00e3o ter o que comer<\/div>\n<div>E quando me via contrariado<\/div>\n<div>Dizia: Meu filho, que se h\u00e1 de fazer<\/div>\n<div><\/div>\n<div>Am\u00e9lia n\u00e3o tinha a menor vaidade<\/div>\n<div>Am\u00e9lia \u00e9 que era mulher de verdade<\/div>\n<div>Am\u00e9lia n\u00e3o tinha a menor vaidade<\/div>\n<div>Am\u00e9lia \u00e9 que era mulher de verdade<\/div>\n","protected":false},"excerpt":{"rendered":"<p>J\u00e1 escrevi anteriormente a resenha da biografia do grande Ataulfo Alves, que se fosse vivo teria completado 100 anos no ano passado. Pois semana passadaTour Details<\/p>\n","protected":false},"author":2,"featured_media":0,"comment_status":"open","ping_status":"open","sticky":false,"template":"","format":"standard","meta":{"footnotes":""},"categories":[289],"tags":[12,40,99,15],"class_list":["post-11852","post","type-post","status-publish","format-standard","hentry","category-pedro-migao","tag-cultura","tag-final-de-semana","tag-mpb","tag-musica"],"_links":{"self":[{"href":"http:\/\/www.pedromigao.com.br\/ourodetolo\/wp-json\/wp\/v2\/posts\/11852","targetHints":{"allow":["GET"]}}],"collection":[{"href":"http:\/\/www.pedromigao.com.br\/ourodetolo\/wp-json\/wp\/v2\/posts"}],"about":[{"href":"http:\/\/www.pedromigao.com.br\/ourodetolo\/wp-json\/wp\/v2\/types\/post"}],"author":[{"embeddable":true,"href":"http:\/\/www.pedromigao.com.br\/ourodetolo\/wp-json\/wp\/v2\/users\/2"}],"replies":[{"embeddable":true,"href":"http:\/\/www.pedromigao.com.br\/ourodetolo\/wp-json\/wp\/v2\/comments?post=11852"}],"version-history":[{"count":0,"href":"http:\/\/www.pedromigao.com.br\/ourodetolo\/wp-json\/wp\/v2\/posts\/11852\/revisions"}],"wp:attachment":[{"href":"http:\/\/www.pedromigao.com.br\/ourodetolo\/wp-json\/wp\/v2\/media?parent=11852"}],"wp:term":[{"taxonomy":"category","embeddable":true,"href":"http:\/\/www.pedromigao.com.br\/ourodetolo\/wp-json\/wp\/v2\/categories?post=11852"},{"taxonomy":"post_tag","embeddable":true,"href":"http:\/\/www.pedromigao.com.br\/ourodetolo\/wp-json\/wp\/v2\/tags?post=11852"}],"curies":[{"name":"wp","href":"https:\/\/api.w.org\/{rel}","templated":true}]}}