{"id":11851,"date":"2010-08-21T10:35:00","date_gmt":"2010-08-21T12:35:00","guid":{"rendered":"http:\/\/www.pedromigao.com.br\/ourodetolo\/2010\/08\/sorteio-da-ordem-de-desfile-grupos-c-d-e-e\/"},"modified":"2010-08-21T10:35:00","modified_gmt":"2010-08-21T12:35:00","slug":"sorteio-da-ordem-de-desfile-grupos-c-d-e-e","status":"publish","type":"post","link":"http:\/\/www.pedromigao.com.br\/ourodetolo\/2010\/08\/sorteio-da-ordem-de-desfile-grupos-c-d-e-e\/","title":{"rendered":"Sorteio da Ordem de Desfile &#8211; Grupos C, D e E"},"content":{"rendered":"<div><\/div>\n<div><a href=\"http:\/\/3.bp.blogspot.com\/_KYflagr2MuI\/TGsA8vUbkRI\/AAAAAAAACuk\/E9tS_Wj_Z80\/s1600\/obatuque.com_independente_de_sao_joao_de_meriti_2010_c_6.jpg\" imageanchor=\"1\"><img loading=\"lazy\" decoding=\"async\" border=\"0\" height=\"400\" src=\"http:\/\/www.pedromigao.com.br\/ourodetolo\/wp-content\/uploads\/2010\/08\/obatuque.com_independente_de_sao_joao_de_meriti_2010_c_6.jpg\" width=\"293\"><\/a><\/div>\n<p><\/p>\n<div>Na \u00faltima semana foi realizado na Cidade do Samba o sorteio da ordem de desfile dos Grupos de Acesso C, D e E das escolas de samba cariocas. Estas equivalem respectivamente \u00e0 quarta, quinta e sexta divis\u00f5es do desfile, tendo como palco a passarela provis\u00f3ria montada na Avenida Intendente Magalh\u00e3es, em Campinho.<\/div>\n<div><\/div>\n<div>S\u00e3o escolas pequenas, mas que representam suas comunidades e que formam valores que, posteriormente, ir\u00e3o abrilhantar os desfiles principais. Outrossim, estes desfiles est\u00e3o mais perto do elemento cultural do carnaval, onde o sambista \u00e9 ainda mais importante que a superprodu\u00e7\u00e3o.<\/div>\n<div><\/div>\n<div>N\u00e3o tenho maiores detalhes sobre a mec\u00e2nica do sorteio, mas vamos \u00e0 ordem de desfile destes grupos, com enredos e carnavalescos.<\/div>\n<div><\/div>\n<div>Estas escolas podem definir enredos mais tarde por serem carnavais de confec\u00e7\u00e3o mais simples, bem como o CD, quando h\u00e1, somente sai \u00e0s v\u00e9speras do carnaval.<\/div>\n<div><\/div>\n<div>Al\u00e9m disso, estas escolas muitas vezes dependem da (parca) subven\u00e7\u00e3o do Estado e de doa\u00e7\u00f5es de escolas maiores, porque n\u00e3o h\u00e1 a menor possibilidade de patroc\u00ednios legais nestas escolas devido \u00e0 pouca visibilidade.<\/div>\n<div><\/div>\n<div>A lamentar a falta de sorte da Acad\u00eamicos do Dend\u00ea, escola onde venci tr\u00eas disputas de samba enredo e sou um dos atuais campe\u00f5es: pelo segundo ano seguido a escola n\u00e3o somente abre o desfile como ir\u00e1 passar na avenida quase no mesmo hor\u00e1rio da Uni\u00e3o da Ilha, o que dificulta muito a log\u00edsitica da agremia\u00e7\u00e3o &#8211; em especial em termos de componentes.<\/div>\n<div><\/div>\n<div><i><b>Grupo C &#8211; 06 de Mar\u00e7o (Domingo)<\/b><\/i><\/div>\n<div><\/div>\n<div><a href=\"http:\/\/4.bp.blogspot.com\/_KYflagr2MuI\/TGsEYVR1M7I\/AAAAAAAACus\/vB-hlhyaE1w\/s1600\/obatuque.com_dificil_e_o_nome_2010_c_9.jpg\" imageanchor=\"1\"><img loading=\"lazy\" decoding=\"async\" border=\"0\" height=\"285\" src=\"http:\/\/www.pedromigao.com.br\/ourodetolo\/wp-content\/uploads\/2010\/08\/obatuque.com_dificil_e_o_nome_2010_c_9.jpg\" width=\"400\"><\/a><\/div>\n<div><\/div>\n<div>1\u00aa UNIDOS DO JACAREZINHO<br \/>Encantados<br \/>Carnavalesco: Eduardo Gon\u00e7alves\u00a0\u00a0\u00a0\u00a0 <\/p>\n<p>2\u00aa ACAD\u00caMICOS DO ENGENHO DA RAINHA<br \/>De Paulo da Portela \u00e0 Nilo Figueiredo&#8230; Essa \u00e9 a hist\u00f3ria da escola de samba mais brasileira, fazendo o voo com a \u00c1guia Altaneira!<br \/>Carnavalesco: Wenderson Silva\u00a0\u00a0\u00a0\u00a0 <\/p>\n<p>3\u00aa VIZINHA FALADEIRA<br \/>Vizinha Faladeira d\u00e1 as cartas<br \/>Carnavalesco: Comiss\u00e3o de Carnaval\u00a0\u00a0\u00a0\u00a0 <\/p>\n<p>4\u00aa BOI DA ILHA DO GOVERNADOR<br \/>Uaran\u00e1 c\u00e9 c\u00e9! For\u00e7a da vida<br \/>Carnavalesco: Guilherme Alexandre\u00a0\u00a0\u00a0\u00a0 <\/p>\n<p>5\u00aa UNIDOS DO CABU\u00c7U<br \/>A Cabu\u00e7u mexe e remexe atrav\u00e9s dos tempos<br \/>Carnavalesco: Luiz Carlos Guimar\u00e3es\u00a0\u00a0\u00a0\u00a0 <\/p>\n<p>6\u00aa ROSA DE OURO<br \/>A chave do mist\u00e9rio<br \/>Carnavalesco: Humberto Abrantes e Rog\u00e9rio Lima\u00a0\u00a0\u00a0\u00a0\u00a0 <\/p>\n<p>7\u00aa UNIDOS DA VILLA RICA<br \/>Brasil sem fronteiras<br \/>Carnavalesco: Comiss\u00e3o de Carnaval\u00a0\u00a0\u00a0\u00a0 <\/p>\n<p>8\u00aa UNIDOS DA PONTE\u00a0\u00a0\u00a0\u00a0 <\/p>\n<p>9\u00aa ARRAST\u00c3O DE CASCADURA\u00a0\u00a0\u00a0\u00a0 <\/p>\n<p>10\u00aa UNIDOS DA VILA SANTA TEREZA<br \/>Amaz\u00f4nia \u2013 Mem\u00f3rias da floresta de cora\u00e7\u00e3o verde <br \/>Carnavalesco: Sandro Gomes\u00a0\u00a0\u00a0\u00a0 <\/p>\n<p>11\u00aa UNIDOS DE VILA KENNEDY<br \/>Itagua\u00ed: a cidade do Porto<br \/>Carnavalesco: Cl\u00e1udio Fontes\u00a0\u00a0\u00a0\u00a0 <\/p>\n<p>12\u00aa EM CIMA DA HORA<br \/>\u00c9 Carnaval&#8230; Abram alas para a folia<br \/>Carnavalesco: Marco Antonio\u00a0\u00a0\u00a0\u00a0 <\/p>\n<p>13\u00aa FLOR DA MINA DO ANDARA\u00cd<br \/>Brasil cora\u00e7\u00e3o de todos. Viva o povo brasileiro!<br \/>Carnavalesco: Comiss\u00e3o de Carnaval\u00a0\u00a0\u00a0\u00a0 <\/p>\n<p>14\u00aa ACAD\u00caMICOS DA ABOLI\u00c7\u00c3O<br \/>M\u00e3e Bahia, terra de encantos, cren\u00e7as e magias&#8230;<br \/>Carnavalesco: Adriana Freitas e Marcos de Oliveira\u00a0\u00a0\u00a0\u00a0 <\/p>\n<p>15\u00aa CORA\u00c7\u00d5ES UNIDOS DO AMARELINHO<br \/>A vida \u00e9 um jogo. E no jogo da vida eu sou o Rei!<br \/>Carnavalesco: Renato Bandeira\u00a0\u00a0\u00a0\u00a0 <\/p>\n<p>16\u00aa FAVO DE ACARI<br \/>Alegria! Alegria! Favo conta a hist\u00f3ria da folia, para tudo terminar na Quarta-feira<br \/>Carnavalesco: Nelson Costa<\/div>\n<div><\/div>\n<div><i><b>Grupo D &#8211; 07 de Mar\u00e7o (Segunda Feira)<\/b><\/i><\/div>\n<div><\/div>\n<div><\/div>\n<div><a href=\"http:\/\/1.bp.blogspot.com\/_KYflagr2MuI\/TGsF3EbTI9I\/AAAAAAAACu0\/ETrnfqnsrAE\/s1600\/obatuque.com_em_cima_da_hora_2010_d+_4.jpg\" imageanchor=\"1\"><img loading=\"lazy\" decoding=\"async\" border=\"0\" height=\"288\" src=\"http:\/\/www.pedromigao.com.br\/ourodetolo\/wp-content\/uploads\/2010\/08\/obatuque.com_em_cima_da_hora_2010_d+_4.jpg\" width=\"400\"><\/a><\/div>\n<div><\/div>\n<div>1\u00aa ACAD\u00caMICOS DO DEND\u00ca<br \/>Carnavalesco: Severo Luzardo<\/p>\n<p>2\u00aa MOCIDADE INDEPENDENTE DE INHA\u00daMA<br \/>Nem s\u00f3 de prata, nem s\u00f3 de ouro. Inha\u00fama revela seu tesouro<br \/>Carnavalesco: Edson Siqueira\u00a0\u00a0\u00a0\u00a0 <\/p>\n<p>3\u00aa IMP\u00c9RIO DA PRA\u00c7A SECA<br \/>A ben\u00e7\u00e3o minha madrinha: Imp\u00e9rio Serrano<br \/>Carnavalesco: Marco Ant\u00f4nio e Raphael Heide\u00a0\u00a0\u00a0\u00a0 <\/p>\n<p>4\u00aa LE\u00c3O DE NOVA IGUA\u00c7U\u00a0\u00a0\u00a0\u00a0 <\/p>\n<p>5\u00aa IMPERIAL DE NOVA IGUA\u00c7U\u00a0\u00a0\u00a0\u00a0 <\/p>\n<p>6\u00aa MOCIDADE UNIDA DO SANTA MARTA<br \/>Um brinde ao bicenten\u00e1rio do bairro de Botafogo<br \/>Carnavalesco: Jorge Kinaler\u00a0\u00a0\u00a0\u00a0 <\/p>\n<p>7\u00aa MOCIDADE UNIDA DE JACAREPAGU\u00c1\u00a0\u00a0\u00a0\u00a0 <\/p>\n<p>8\u00aa GATO DE BONSUCESSO\u00a0\u00a0\u00a0\u00a0 <\/p>\n<p>9\u00aa UNIDOS DO ANIL\u00a0\u00a0\u00a0\u00a0 <\/p>\n<p>10\u00aa DEL\u00cdRIO DA ZONA OESTE<br \/>Viajando na cidade de Nil\u00f3polis, delirando com a Beija-Flor. Um tributo \u00e0 fam\u00edlia David<br \/>Carnavalesco: Jos\u00e9 Ricardo Ver\u00edssimo\u00a0\u00a0\u00a0\u00a0 <\/p>\n<p>11\u00aa UNIDOS DE COSMOS<br \/>Do Reino das \u00c1guas de Monteiro Lobato ao ouro negro do pr\u00e9-sal, Cosmos desvenda a saga do petr\u00f3leo<br \/>Carnavalesco: Comiss\u00e3o de Carnaval\u00a0\u00a0\u00a0\u00a0 <\/p>\n<p>12\u00aa ACAD\u00caMICOS DE VIG\u00c1RIO GERAL\u00a0\u00a0\u00a0\u00a0 <\/p>\n<p>13\u00aa UNIDOS DE MANGUINHOS<\/p><\/div>\n<div><\/div>\n<div><i><b>Grupo E &#8211; 08 de Mar\u00e7o (Ter\u00e7a Feira)<\/b><\/i><\/div>\n<div><\/div>\n<div><a href=\"http:\/\/2.bp.blogspot.com\/_KYflagr2MuI\/TGsGFbNPxuI\/AAAAAAAACu8\/g6W2Yo9S-ys\/s1600\/obatuque.com_leao_de_nova_iguacu_2010_15.jpg\" imageanchor=\"1\"><img loading=\"lazy\" decoding=\"async\" border=\"0\" height=\"286\" src=\"http:\/\/www.pedromigao.com.br\/ourodetolo\/wp-content\/uploads\/2010\/08\/obatuque.com_leao_de_nova_iguacu_2010_15.jpg\" width=\"400\"><\/a><\/div>\n<div><\/div>\n<div>1\u00aa CHATUBA DE MESQUITA<br \/>Do calor do carnaval, a Chatuba traz uma del\u00edcia glacial<br \/>Carnavalesco: Lino Sales, Alexandre Costa e Marcos Durval<\/p>\n<p>2\u00aa Unidos do Uraiti\u00a0 <\/p>\n<p>3\u00aa UNI\u00c3O DE GUARATIBA<br \/>Eu conto um conto e mostro um ponto. Com p\u00f3 de pirlimpimpim a fantasia chegou. Monteiro Lobato, hist\u00f3ria sem fim<br \/>Carnavalesco: Renato Reis\u00a0\u00a0\u00a0\u00a0 <\/p>\n<p>4\u00aa UNIDOS DO CABRAL\u00a0\u00a0\u00a0\u00a0 <\/p>\n<p>5\u00aa INFANTES DA PIEDADE<br \/>Que rei sou eu?<br \/>Carnavalesco: Comiss\u00e3o de Carnaval\u00a0\u00a0\u00a0\u00a0 <\/p>\n<p>6\u00aa BO\u00caMIOS DE INHA\u00daMA<br \/>Vem quente que estou fervendo. A Bo\u00eamios \u00e9 fogo!<br \/>Carnavalesco: Comiss\u00e3o de Carnaval\u00a0\u00a0\u00a0\u00a0 <\/p>\n<p>7\u00aa MATRIZ DE S\u00c3O JO\u00c3O DE MERITI\u00a0\u00a0\u00a0\u00a0 <\/p>\n<p>8\u00aa PARA\u00cdSO DA ALVORADA\u00a0\u00a0\u00a0\u00a0 <\/p>\n<p>9\u00aa ARAME DE RICARDO<br \/>O Arame \u00e9 fogo!<br \/>Carnavalesco: Ney J\u00fanior\u00a0\u00a0\u00a0\u00a0 <\/p>\n<p>10\u00aa UNIDOS DE LUCAS\u00a0\u00a0\u00a0\u00a0 <\/p>\n<p>11\u00aa UNI\u00c3O DE VAZ LOBO<br \/>Yabas, senhoras do tempo, deusas da natureza, m\u00e3es dos nossos destinos<br \/>Carnavalesco: Eduardo Pinho\u00a0\u00a0\u00a0\u00a0 <\/p>\n<p>12\u00aa CAN\u00c1RIOS DAS LARANJEIRAS<br \/>Lugar de mulher \u00e9 na hist\u00f3ria<br \/>Carnavalesco: Agnaldo Corr\u00eaa e Carlos Cavallieri\u00a0 <\/div>\n<div><\/div>\n<div><i>Fotos: <a href=\"http:\/\/www.obatuque.com.\/\">OBatuque.com.<\/a> Pela ordem, Independente da Pra\u00e7a da Bandeira, Dif\u00edcil \u00e9 o Nome, Em Cima da Hora, e Le\u00e3o de Igua\u00e7\u00fa, respectivamente campe\u00e3 e vice do Grupo C, campe\u00e3 do Grupo D e campe\u00e3 do Acesso E em 2010.<\/i><\/div>\n<div><i><br \/><\/i><\/div>\n<div><i>Informa\u00e7\u00f5es sobre enredos e carnavalescos: <a href=\"http:\/\/www.galeriadosamba.com.br\/\">Galeria do Samba<\/a><\/i><\/div>\n","protected":false},"excerpt":{"rendered":"<p>Na \u00faltima semana foi realizado na Cidade do Samba o sorteio da ordem de desfile dos Grupos de Acesso C, D e E das escolasTour Details<\/p>\n","protected":false},"author":2,"featured_media":0,"comment_status":"open","ping_status":"open","sticky":false,"template":"","format":"standard","meta":{"footnotes":""},"categories":[289],"tags":[183,19],"class_list":["post-11851","post","type-post","status-publish","format-standard","hentry","category-pedro-migao","tag-carnaval-2011","tag-escolas-de-samba"],"_links":{"self":[{"href":"http:\/\/www.pedromigao.com.br\/ourodetolo\/wp-json\/wp\/v2\/posts\/11851","targetHints":{"allow":["GET"]}}],"collection":[{"href":"http:\/\/www.pedromigao.com.br\/ourodetolo\/wp-json\/wp\/v2\/posts"}],"about":[{"href":"http:\/\/www.pedromigao.com.br\/ourodetolo\/wp-json\/wp\/v2\/types\/post"}],"author":[{"embeddable":true,"href":"http:\/\/www.pedromigao.com.br\/ourodetolo\/wp-json\/wp\/v2\/users\/2"}],"replies":[{"embeddable":true,"href":"http:\/\/www.pedromigao.com.br\/ourodetolo\/wp-json\/wp\/v2\/comments?post=11851"}],"version-history":[{"count":0,"href":"http:\/\/www.pedromigao.com.br\/ourodetolo\/wp-json\/wp\/v2\/posts\/11851\/revisions"}],"wp:attachment":[{"href":"http:\/\/www.pedromigao.com.br\/ourodetolo\/wp-json\/wp\/v2\/media?parent=11851"}],"wp:term":[{"taxonomy":"category","embeddable":true,"href":"http:\/\/www.pedromigao.com.br\/ourodetolo\/wp-json\/wp\/v2\/categories?post=11851"},{"taxonomy":"post_tag","embeddable":true,"href":"http:\/\/www.pedromigao.com.br\/ourodetolo\/wp-json\/wp\/v2\/tags?post=11851"}],"curies":[{"name":"wp","href":"https:\/\/api.w.org\/{rel}","templated":true}]}}