{"id":11850,"date":"2010-08-22T07:29:00","date_gmt":"2010-08-22T09:29:00","guid":{"rendered":"http:\/\/www.pedromigao.com.br\/ourodetolo\/2010\/08\/maximas-e-aforismos-de-nelson-piquet\/"},"modified":"2010-08-22T07:29:00","modified_gmt":"2010-08-22T09:29:00","slug":"maximas-e-aforismos-de-nelson-piquet","status":"publish","type":"post","link":"http:\/\/www.pedromigao.com.br\/ourodetolo\/2010\/08\/maximas-e-aforismos-de-nelson-piquet\/","title":{"rendered":"M\u00e1ximas e Aforismos de N\u00e9lson Piquet"},"content":{"rendered":"<div><a href=\"http:\/\/1.bp.blogspot.com\/_KYflagr2MuI\/TGvaLoxXl4I\/AAAAAAAACvE\/9dG3mZ9M1kI\/s1600\/piquetmansell.jpg\" imageanchor=\"1\"><img loading=\"lazy\" decoding=\"async\" border=\"0\" height=\"371\" ox=\"true\" src=\"http:\/\/www.pedromigao.com.br\/ourodetolo\/wp-content\/uploads\/2010\/08\/piquetmansell.jpg\" width=\"400\"><\/a><\/div>\n<p><\/p>\n<div>Domingo, dia de repercutir coisas interessantes. <\/p>\n<p>Nelson Piquet, aniversariante da semana, foi um de meus \u00eddolos na inf\u00e2ncia. Al\u00e9m de ser a meu ju\u00edzo o melhor piloto brasileiro da hist\u00f3ria, notabilizou-se por ser um frasista de m\u00e3o cheia.<\/p>\n<p>Reproduzo aqui uma compila\u00e7\u00e3o de frases do genial piloto, feita pelo amigo Rodrigo Mattar em seu <a href=\"http:\/\/colunas.sportv.globo.com\/amilporhora\/2010\/08\/17\/fala-piquet\/\">&#8220;A Mil por Hora&#8221;<\/a>. Divirtam-se com a colet\u00e2nea.<\/p>\n<p>Vamos ao texto: <\/p>\n<p>&#8220;Neste 17 de agosto, Nelson Piquet completa mais um ano de vida. \u00c9 o 58\u00ba anivers\u00e1rio do primeiro piloto brasileiro tricampe\u00e3o mundial de F\u00f3rmula 1, nem sempre com seus m\u00e9ritos reconhecidos. Uma pena: poucos podem dizer que viram in loco um dos maiores talentos do automobilismo, na finesse da pilotagem, na excel\u00eancia do acerto de um carro, na arte da malandragem e sobretudo uma figura \u00edmpar, beirando \u00e0s vezes o mau humor, a grosseria, mas com tiradas simplesmente sensacionais.<\/p>\n<p>Melhor do que lembrar das vit\u00f3rias e das conquistas deste inesquec\u00edvel campe\u00e3o, s\u00f3 mesmo os aforismos imortais que cunhou ao longo da carreira.<\/p>\n<p><i>\u201cO comendador Enzo (Ferrari) \u00e9 um velho gag\u00e1\u201d<\/i><br \/>Em lend\u00e1ria entrevista para a Playboy<\/p>\n<p><i>\u201c(Eliseo) Salazar n\u00e3o \u00e9 piloto, nunca foi. Ele \u00e9 motorista!\u201d<\/i><br \/>Ap\u00f3s brigar com o piloto da ATS no GP da Alemanha de 1982<\/p>\n<p><i>\u201cVai dar pra ganhar hoje, Nelson?\u201d<\/i><br \/><i>\u201cEu n\u00e3o sou mago, sou piloto.\u201d<\/i><br \/>Di\u00e1logo do piloto com um rep\u00f3rter, ao vivo, nos anos 80<\/p>\n<p><i>\u201cComo est\u00e1 o carro?\u201d<\/i><br \/><i>\u201cUma merda.\u201d<\/i><br \/><i>\u201cE o estado de esp\u00edrito?\u201d<\/i><br \/><i>\u201cIgual ao carro. Outra merda.\u201d<\/i><br \/>Di\u00e1logo entre Marcus Zamponi e Nelson Piquet, revista Auto Esporte, GP do Brasil, 1988<\/p>\n<p><i>\u201cQuase gozei no final\u201d<\/i><br \/><i>\u201cVoc\u00ea n\u00e3o tem pena do Mansell?\u201d<\/i><br \/><i>\u201cPorra nenhuma! Vence quem chega primeiro!\u201d<\/i><br \/>Ap\u00f3s a vit\u00f3ria no GP do Canad\u00e1 de 1991, a \u00faltima da carreira<\/p>\n<p><i>\u201cO Mansell \u00e9 um idiota veloz. O Prost \u00e9 um babaca. O (Patrick) Tambay \u00e9 cheio de frescura. O (Ren\u00e9) Arnoux \u00e9 um idiota de QI 12. Como posso ser amigo desses caras todos?<\/i><br \/>Nos anos 80<\/p>\n<p><i>\u201cPara quem voc\u00ea dedica o seu t\u00edtulo?\u201d<\/i><br \/><i>\u201cPara Nelson Piquet.\u201d<\/i><br \/>Em entrevista hist\u00f3rica \u00e0 revista Grid, em 1987, ap\u00f3s o tricampeonato<\/p>\n<p><i>\u201cAquela porrada me afetou psicologicamente.\u201d<\/i><br \/>Sobre o acidente sofrido na curva Tamburello nos treinos do GP de San Marino, 1987<\/p>\n<p><i>\u201cEu agora trabalho pra mim. N\u00e3o deixo mais passar nenhuma informa\u00e7\u00e3o.\u201d<\/i><br \/>Em entrevista a Reginaldo Leme no \u201cFant\u00e1stico\u201d ap\u00f3s a vit\u00f3ria no GP da Alemanha de 1986<\/p>\n<\/div>\n<div><\/div>\n<div><a href=\"http:\/\/2.bp.blogspot.com\/_KYflagr2MuI\/TGvaovYrTNI\/AAAAAAAACvI\/bDh7q3wj6cQ\/s1600\/nelson_piquet_7885_1024.jpg\" imageanchor=\"1\"><img loading=\"lazy\" decoding=\"async\" border=\"0\" height=\"300\" ox=\"true\" src=\"http:\/\/www.pedromigao.com.br\/ourodetolo\/wp-content\/uploads\/2010\/08\/nelson_piquet_7885_1024.jpg\" width=\"400\"><\/a><\/div>\n<div><i><br \/><\/i><\/div>\n<div><i>\u201cAlan Jones \u00e9 um idiota. Na primeira oportunidade, jogo ele pra fora da pista.\u201d<\/i><br \/>Ap\u00f3s o acidente provocado pelo australiano no GP da B\u00e9lgica, em 1981<\/p>\n<p><i>\u201cLigier, Williams e Brabham s\u00e3o os chassis mais seguros. Renault, Ferrari e Alfa Romeo s\u00e3o cadeiras el\u00e9tricas.\u201d<\/i><br \/>Em entrevista a Reginaldo Leme num \u201cGlobo Esporte\u201d, em 1980<\/p>\n<p><i>\u201cEu jogo t\u00eanis, ele joga golfe. Eu gosto de mulher bonita, ele gosta de mulher feia. Eu ganhei tr\u00eas t\u00edtulos, ele perdeu tr\u00eas.\u201d<\/i><br \/>Tirando um sarro da cara de Nigel Mansell<\/p>\n<p><i>\u201cFreei uns 30, 40 metros al\u00e9m do que precisava. Derrapei nas quatro rodas. Mandei um gesto bacana. Mandei ele tomar no c*\u201d<\/i><br \/>Sobre a ultrapassagem do s\u00e9culo sobre Ayrton Senna no GP da Hungria, em 1986<\/p>\n<p><i>\u201cAndar atr\u00e1s pra quem andou na frente \u00e9 um inferno. \u00c9 um risco o tempo todo. Sabe o que \u00e9 largar ao lado do Andrea de Cesaris? Afora os caras que n\u00e3o conseguem enxergar pra frente? Voc\u00ea perde logo a vontade de correr.\u201d<\/i><br \/>Sobre a aparente \u2018falta de motiva\u00e7\u00e3o\u2019 em 1989<\/p>\n<p><i>\u201cQuem \u00e9 Hunt?\u201d<\/i><br \/>Respondendo com ironia \u00e0s cr\u00edticas do campe\u00e3o de 1976, ent\u00e3o comentarista da BBC, que o chamou de acabado no GP da Inglaterra de 1989. Detalhe: Piquet chegou em quarto<\/p>\n<p><i>\u201cNossa amizade vale mais que os tr\u00eas pontos que voc\u00ea ia marcar.\u201d<\/i><br \/>Em resposta a Andrea de Cesaris, insatisfeito com o acidente que os dois sofreram no GP de M\u00f4naco de 1989<\/p>\n<p><i>\u201cAcho que ele (Flavio Briatore) n\u00e3o me conhecia. Fechamos um contrato por US$ 100 mil por ponto marcado no campeonato, mais um b\u00f4nus por vit\u00f3rias. No fundo, ele achava que ia me pagar pouco. Ganhei US$ 8 milh\u00f5es, venci duas corridas e s\u00f3 cheguei atr\u00e1s do Senna e do Prost.\u201d<\/i><br \/>Em entrevista no fim de 1990, quando foi 3\u00ba colocado no campeonato.<br \/><i><br \/>\u201cMuito prazer, meu nome \u00e9 Nelson Piquet.\u201d<\/i><br \/>Na coletiva de imprensa do GP do Jap\u00e3o de 1990, brincando com os jornalistas depois de sua primeira vit\u00f3ria na F-1 desde o GP da It\u00e1lia em 1987&#8243;<\/div>\n<p><\/p>\n<div><a href=\"http:\/\/2.bp.blogspot.com\/_KYflagr2MuI\/TGvbPkpzDbI\/AAAAAAAACvM\/Vxgt6EAo6EI\/s1600\/r_benetton_nelson_piquet.jpg\" imageanchor=\"1\"><img loading=\"lazy\" decoding=\"async\" border=\"0\" height=\"227\" ox=\"true\" src=\"http:\/\/www.pedromigao.com.br\/ourodetolo\/wp-content\/uploads\/2010\/08\/r_benetton_nelson_piquet.jpg\" width=\"400\"><\/a><\/div>\n<p><\/p>\n<div align=\"justify\"><\/div>\n","protected":false},"excerpt":{"rendered":"<p>Domingo, dia de repercutir coisas interessantes. Nelson Piquet, aniversariante da semana, foi um de meus \u00eddolos na inf\u00e2ncia. Al\u00e9m de ser a meu ju\u00edzo oTour Details<\/p>\n","protected":false},"author":2,"featured_media":0,"comment_status":"open","ping_status":"open","sticky":false,"template":"","format":"standard","meta":{"footnotes":""},"categories":[289],"tags":[34,50,76],"class_list":["post-11850","post","type-post","status-publish","format-standard","hentry","category-pedro-migao","tag-automobilismo","tag-formula-1","tag-nelson-piquet"],"_links":{"self":[{"href":"http:\/\/www.pedromigao.com.br\/ourodetolo\/wp-json\/wp\/v2\/posts\/11850","targetHints":{"allow":["GET"]}}],"collection":[{"href":"http:\/\/www.pedromigao.com.br\/ourodetolo\/wp-json\/wp\/v2\/posts"}],"about":[{"href":"http:\/\/www.pedromigao.com.br\/ourodetolo\/wp-json\/wp\/v2\/types\/post"}],"author":[{"embeddable":true,"href":"http:\/\/www.pedromigao.com.br\/ourodetolo\/wp-json\/wp\/v2\/users\/2"}],"replies":[{"embeddable":true,"href":"http:\/\/www.pedromigao.com.br\/ourodetolo\/wp-json\/wp\/v2\/comments?post=11850"}],"version-history":[{"count":0,"href":"http:\/\/www.pedromigao.com.br\/ourodetolo\/wp-json\/wp\/v2\/posts\/11850\/revisions"}],"wp:attachment":[{"href":"http:\/\/www.pedromigao.com.br\/ourodetolo\/wp-json\/wp\/v2\/media?parent=11850"}],"wp:term":[{"taxonomy":"category","embeddable":true,"href":"http:\/\/www.pedromigao.com.br\/ourodetolo\/wp-json\/wp\/v2\/categories?post=11850"},{"taxonomy":"post_tag","embeddable":true,"href":"http:\/\/www.pedromigao.com.br\/ourodetolo\/wp-json\/wp\/v2\/tags?post=11850"}],"curies":[{"name":"wp","href":"https:\/\/api.w.org\/{rel}","templated":true}]}}