{"id":11848,"date":"2010-08-23T09:10:00","date_gmt":"2010-08-23T11:10:00","guid":{"rendered":"http:\/\/www.pedromigao.com.br\/ourodetolo\/2010\/08\/coincidencia-ou-jogada-politica\/"},"modified":"2010-08-23T09:10:00","modified_gmt":"2010-08-23T11:10:00","slug":"coincidencia-ou-jogada-politica","status":"publish","type":"post","link":"http:\/\/www.pedromigao.com.br\/ourodetolo\/2010\/08\/coincidencia-ou-jogada-politica\/","title":{"rendered":"Coincid\u00eancia ou jogada pol\u00edtica ?"},"content":{"rendered":"<div><a href=\"http:\/\/3.bp.blogspot.com\/_KYflagr2MuI\/THBdKK7gaLI\/AAAAAAAACvg\/Klj_S6jWaic\/s1600\/destaque_20108211815133D23AB6789CA9AB.JPG\" imageanchor=\"1\"><img loading=\"lazy\" decoding=\"async\" border=\"0\" height=\"267\" src=\"http:\/\/www.pedromigao.com.br\/ourodetolo\/wp-content\/uploads\/2010\/08\/destaque_20108211815133D23AB6789CA9AB.jpg\" width=\"400\"><\/a><\/div>\n<p><\/p>\n<div>Sem d\u00favida alguma, o fato relevante do \u00faltimo final de semana foi o tiroteio ocorrido em S\u00e3o Conrado entre traficantes da favela do Vidigal e a Pol\u00edcia, com invas\u00e3o de um prestigioso hotel da capital carioca e de um condom\u00ednio habitado pela fina flor dos artistas e bacanas da sociedade do Rio de Janeiro.<\/div>\n<div><\/div>\n<div>Contudo, a maneira como se desenrolaram os acontecimentos me deixou &#8220;com a pulga atr\u00e1s da orelha&#8221;, como diz a g\u00edria. Explico o porqu\u00ea.<\/div>\n<div><\/div>\n<div>Voltemos no tempo, 1992. Um suspeit\u00edssimo &#8220;arrast\u00e3o&#8221; na praia do Arpoador, a poucos dias das elei\u00e7\u00f5es municipais e onde a candidata do PT, Benedita da Silva, era a favorita. Tanto a oposi\u00e7\u00e3o quanto a imprensa faturaram em cima do fato, alegando que a candidata era a favor da criminalidade e que com o PT na Prefeitura o Rio viveria o &#8220;caos&#8221;.<\/div>\n<div><\/div>\n<div>Resultado: vit\u00f3ria de Cesar Maia no segundo turno, dando in\u00edcio a uma longa era de dom\u00ednio da direita na pol\u00edtica do Rio de Janeiro, que dura at\u00e9 hoje. O curioso \u00e9 que no dia do &#8220;arrast\u00e3o&#8221; em quest\u00e3o haviam c\u00e2meras de televis\u00e3o estrategicamente posicionadas exatamente no lugar onde houve a confus\u00e3o toda.<\/div>\n<div><\/div>\n<div>Avan\u00e7ando um pouco no tempo, chegamos a 2002. A dez dias das elei\u00e7\u00f5es ocorre uma intensa boataria de que &#8220;o morro ia descer&#8221;. Com\u00e9rcio na cidade inteira fechado, ruas vazias, medo. Uma vez mais, colocou-se na conta de Benedita da Silva, ent\u00e3o governadora e candidata do PT, bem como na do ent\u00e3o postulante \u00e0 Presid\u00eancia Lula.<\/div>\n<div><\/div>\n<div>Eu me lembro que \u00e0 \u00e9poca trabalhava na campanha de dois candidatos \u00e0s elei\u00e7\u00f5es proporcionais &#8211; a prop\u00f3sito, at\u00e9 hoje os dois me devem dinheiro, e nenhum dos dois foi eleito &#8211; e o staff de ambos n\u00e3o falava em outra coisa: que havia por tr\u00e1s da boataria objetivos pol\u00edticos. Posteriormente soube-se que os boatos tiveram origem no staff do ent\u00e3o prefeito Cesar Maia.<\/div>\n<div><\/div>\n<div>Tendo estes dois tristes epis\u00f3dios na lembran\u00e7a, os acontecimentos do \u00faltimo s\u00e1bado possuem algumas caracter\u00edsticas semelhantes aos epis\u00f3dios anteriores. Haviam c\u00e2meras desde cedo, e o hotel invadido era justamente o local onde a televis\u00e3o americana fazia uma mat\u00e9ria sobre a &#8220;revolu\u00e7\u00e3o da seguran\u00e7a p\u00fablica&#8221; no Rio de Janeiro.<\/div>\n<div><\/div>\n<div>Concomitantemente desde cedo o candidato a governador Fernando Gabeira, representante das for\u00e7as conservadoras, declarava no Twitter impreca\u00e7\u00f5es contra o atual governador e candidato \u00e0 reelei\u00e7\u00e3o.<\/div>\n<div><\/div>\n<div>Tamb\u00e9m \u00e9 muito estranho que o condom\u00ednio invadido pelos bandidos, al\u00e9m do hotel, tenha sido justamente um dos mais caros do Rio de Janeiro, onde moram artistas da televis\u00e3o e que, certamente, ir\u00e1 gerar resson\u00e2ncia na sociedade.<\/div>\n<div><\/div>\n<div>Para mim parece claro que h\u00e1 algum tipo de objetivo pol\u00edtico por tr\u00e1s deste confronto. Entretanto, a a\u00e7\u00e3o r\u00e1pida do Bope (Batalh\u00e3o de Opera\u00e7\u00f5es Especiais) da Pol\u00edcia Militar do Rio de Janeiro, sem grandes danos, neutralizou grande parte da explora\u00e7\u00e3o pol\u00edtica que se deve dar ao tema.<\/div>\n<div><\/div>\n<div>O leitor do Ouro de Tolo sabe que n\u00e3o sou grande entusiasta das Unidades de Pol\u00edcia Pacificadora (UPPs), mola mestra da pol\u00edtica p\u00fablica de seguran\u00e7a do governador atual. Tamb\u00e9m sabe que n\u00e3o sou eleitor do mesmo, nem de seu principal opositor, que representa for\u00e7as que j\u00e1 estiveram no comando do Estado e que foram um desastre, em especial aos cofres p\u00fablicos.<\/div>\n<div><\/div>\n<div>Como j\u00e1 escrevi aqui, um combate eficiente \u00e0 criminalidade requisita que o Estado se fa\u00e7a presente nas comunidades carentes n\u00e3o somente atrav\u00e9s da Pol\u00edcia, mas atrav\u00e9s de outros servi\u00e7os b\u00e1sicos como educa\u00e7\u00e3o, sa\u00fade, esporte e assist\u00eancia social.<\/div>\n<div><\/div>\n<div>Acima de tudo, o combate \u00e0 viol\u00eancia requisita que o jovem da favela vislumbre uma op\u00e7\u00e3o de ganhar a sua vida de forma honesta e que represente uma remunera\u00e7\u00e3o semelhante a que ele perceberia na vida do crime. Noves fora a quest\u00e3o de forma\u00e7\u00e3o ou da legalidade, olhando-se unicamente pelo vi\u00e9s econ\u00f4mico pode-se compreender a op\u00e7\u00e3o de muitos jovens das comunidades pela vida no tr\u00e1fico.<\/div>\n<div><\/div>\n<div>Consequentemente, a gera\u00e7\u00e3o de empregos ocorrida no Governo Lula e a eleva\u00e7\u00e3o da renda real verificada nestes anos de seus mandatos tiveram influ\u00eancia positiva sobre os \u00edndices de criminalidade.<\/div>\n<div><\/div>\n<div><a href=\"http:\/\/3.bp.blogspot.com\/_KYflagr2MuI\/THBdNoq-M2I\/AAAAAAAACvo\/nqxYPzVueQY\/s1600\/destaque_20108211819380A10B8365A9787C.JPG\" imageanchor=\"1\"><img loading=\"lazy\" decoding=\"async\" border=\"0\" height=\"400\" src=\"http:\/\/www.pedromigao.com.br\/ourodetolo\/wp-content\/uploads\/2010\/08\/destaque_20108211819380A10B8365A9787C.jpg\" width=\"291\"><\/a><\/div>\n<div><\/div>\n<div>Outrossim, qualquer pol\u00edtica de combate \u00e0 viol\u00eancia consistente no Rio de Janeiro passa, necessariamente, por uma reformula\u00e7\u00e3o ampla, geral e irrestrita das pol\u00edcias. Como j\u00e1 abordei aqui anteriormente, em especial o policial militar entra na corpora\u00e7\u00e3o j\u00e1 pensando em alguma forma de locupleta\u00e7\u00e3o, o que leva \u00e0 corrup\u00e7\u00e3o e a assassinatos.<\/div>\n<div><\/div>\n<div>Faz-se necess\u00e1ria uma limpeza geral, come\u00e7ando pelos coron\u00e9is do topo da cadeia de poder e chegando at\u00e9 os cabos e soldados. Aqueles que leram o livro &#8220;Sangue Azul&#8221;, <a href=\"http:\/\/pedromigao.blogspot.com\/2009\/11\/resenha-literaria-sangue-azul-morte-e.html\">que resenhei aqui tempos atr\u00e1s<\/a>, sabem que muitas vezes os pr\u00f3prios comandantes de batalh\u00f5es da Pol\u00edcia Militar s\u00e3o s\u00f3cios dos &#8220;donos de morro&#8221;. Portanto, fica meio dif\u00edcil se fazer um combate eficiente ao crime quando se sabe que os mesmos que deveriam combater os marginais est\u00e3o a eles aliados.<\/div>\n<div><\/div>\n<div>Fica aqui a reflex\u00e3o. Contudo, ao leitor alerto: nem sempre o que vemos \u00e9 o que realmente acontece. H\u00e1 muitas quest\u00f5es influentes sob uma capa aparentemente simples. At\u00e9 as elei\u00e7\u00f5es, certamente ir\u00e3o ocorrer fatos destinados a manipular o sentimento da popula\u00e7\u00e3o e, por finalidade, seu voto.<\/div>\n<div><\/div>\n<div>\u00c9 a pol\u00edtica !<\/div>\n","protected":false},"excerpt":{"rendered":"<p>Sem d\u00favida alguma, o fato relevante do \u00faltimo final de semana foi o tiroteio ocorrido em S\u00e3o Conrado entre traficantes da favela do Vidigal eTour Details<\/p>\n","protected":false},"author":2,"featured_media":0,"comment_status":"open","ping_status":"open","sticky":false,"template":"","format":"standard","meta":{"footnotes":""},"categories":[289],"tags":[150,26,24],"class_list":["post-11848","post","type-post","status-publish","format-standard","hentry","category-pedro-migao","tag-eleicoes-2010","tag-policia","tag-politica"],"_links":{"self":[{"href":"http:\/\/www.pedromigao.com.br\/ourodetolo\/wp-json\/wp\/v2\/posts\/11848","targetHints":{"allow":["GET"]}}],"collection":[{"href":"http:\/\/www.pedromigao.com.br\/ourodetolo\/wp-json\/wp\/v2\/posts"}],"about":[{"href":"http:\/\/www.pedromigao.com.br\/ourodetolo\/wp-json\/wp\/v2\/types\/post"}],"author":[{"embeddable":true,"href":"http:\/\/www.pedromigao.com.br\/ourodetolo\/wp-json\/wp\/v2\/users\/2"}],"replies":[{"embeddable":true,"href":"http:\/\/www.pedromigao.com.br\/ourodetolo\/wp-json\/wp\/v2\/comments?post=11848"}],"version-history":[{"count":0,"href":"http:\/\/www.pedromigao.com.br\/ourodetolo\/wp-json\/wp\/v2\/posts\/11848\/revisions"}],"wp:attachment":[{"href":"http:\/\/www.pedromigao.com.br\/ourodetolo\/wp-json\/wp\/v2\/media?parent=11848"}],"wp:term":[{"taxonomy":"category","embeddable":true,"href":"http:\/\/www.pedromigao.com.br\/ourodetolo\/wp-json\/wp\/v2\/categories?post=11848"},{"taxonomy":"post_tag","embeddable":true,"href":"http:\/\/www.pedromigao.com.br\/ourodetolo\/wp-json\/wp\/v2\/tags?post=11848"}],"curies":[{"name":"wp","href":"https:\/\/api.w.org\/{rel}","templated":true}]}}