{"id":11845,"date":"2010-08-26T08:35:00","date_gmt":"2010-08-26T10:35:00","guid":{"rendered":"http:\/\/www.pedromigao.com.br\/ourodetolo\/2010\/08\/a-importancia-do-voto-proporcional\/"},"modified":"2010-08-26T08:35:00","modified_gmt":"2010-08-26T10:35:00","slug":"a-importancia-do-voto-proporcional","status":"publish","type":"post","link":"http:\/\/www.pedromigao.com.br\/ourodetolo\/2010\/08\/a-importancia-do-voto-proporcional\/","title":{"rendered":"A import\u00e2ncia do voto proporcional"},"content":{"rendered":"<div>Tenho o h\u00e1bito de acompanhar os primeiros programas eleitorais gratuitos. Mesmo que j\u00e1 esteja com meu voto definido &#8211; como \u00e9 o caso este ano &#8211; permite ter uma id\u00e9ia de quem s\u00e3o os candidatos e perceber tend\u00eancias, em especial na composi\u00e7\u00e3o do Congresso Nacional e na Assembl\u00e9ia Legislativa.<\/p>\n<p>Nos \u00faltimos dias ou\u00e7o muito aquele papo de que &#8220;irei anular para deputado, porque nenhum presta&#8221;. Nada poderia ser mais falacioso que tal afirma\u00e7\u00e3o, que \u00e9 decorrente <a href=\"http:\/\/pedromigao.blogspot.com\/2010\/07\/trezentos-picaretas-uma-reflexao-sobre.html\">do n\u00e3o acompanhamento da atua\u00e7\u00e3o dos parlamentares durante os seus mandatos<\/a>. Existem sim deputados s\u00e9rios, \u00edntegros e que se notabilizaram por suas atua\u00e7\u00f5es no Poder Legislativo, sejam como propositores e relatores de leis, sejam como fiscalizadores.<\/p>\n<p>Obviamente, desconfie de campanhas milion\u00e1rias. Um deputado federal ganha aproximadamente R$ 13 mil, mais uma verba de gabinete de R$ 15 mil para despesas diversas. Ainda que na pr\u00e1tica um deputado incorpore esta verba de representa\u00e7\u00e3o a seu sal\u00e1rio e ainda tenha alguns benef\u00edcios &#8211; como uma cota de passagens a\u00e9reas &#8211; isto significa em quatro anos aproximadamente R$ 1,4 milh\u00e3o em sal\u00e1rios. \u00c0 medida em que vemos candidatos gastando quatro, cinco, seis milh\u00f5es em campanhas, \u00e9 sinal de que algo est\u00e1 errado.<\/p>\n<p>Normalmente, campanhas milion\u00e1rias indicam tr\u00eas coisas: ou o candidato representa algum tipo de lobby, ou pretende se locupletar, ou visa obter a im(p)unidade parlamentar a fim de trancar processos que eventualmente esteja sofrendo. Na d\u00favida, n\u00e3o vote.<\/p>\n<p>Lembro que este sal\u00e1rio dever\u00e1 sofrer reajuste no in\u00edcio da pr\u00f3xima legislatura. Tal ato ocorre apenas de quatro em quatro anos &#8211; pelo menos deveria ser assim &#8211; e o razo\u00e1vel seria a reposi\u00e7\u00e3o da infla\u00e7\u00e3o mais um pequeno fator. Tamb\u00e9m informo que o sal\u00e1rio de um deputado estadual equivale, por lei, a 75% dos vencimentos de um deputado federal.<\/p>\n<p>Nestas elei\u00e7\u00f5es temos alguns casos flagrantes do que exponho acima. Talvez o mais gritante seja o de um candidato a deputado federal e outro a senador, ex-aliados, que enfrentam processos na justi\u00e7a e enfrentam suspeitas de locupleta\u00e7\u00e3o pessoal. O candiato ao cargo majorit\u00e1rio, inclusive, desde que passou a ser detentor de um mandato eletivo saiu do nada para se tornar um dos maiores empres\u00e1rios do ramo de pecu\u00e1ria para reprodu\u00e7\u00e3o brasileiro. Um sucesso financeiro espetacular, digno de um g\u00eanio das finan\u00e7as&#8230;<\/p>\n<p>Normalmente existem dois tipos de votos nas elei\u00e7\u00f5es proporcionais: o de &#8220;opini\u00e3o&#8221;, ou ideol\u00f3gico, e o &#8220;paroquial&#8221;, uma esp\u00e9cie de &#8220;distrital informal&#8221;.<\/p>\n<p>O primeiro tipo refere-se a candidatos que tem sua atua\u00e7\u00e3o marcada por princ\u00edpios ideol\u00f3gicos ou de defesa de uma causa. Sua vota\u00e7\u00e3o \u00e9 espalhada pelo estado e n\u00e3o est\u00e1 suportada por grandes grupos empresariais ou fortunas pessoais. Tendem a se manter sempre no mesmo partido e a ter votos alinhados com o conte\u00fado program\u00e1tico da sigla.<\/p>\n<p>J\u00e1 o segundo caso \u00e9 aquele deputado que representa uma regi\u00e3o espec\u00edfica. Sua atua\u00e7\u00e3o tende a buscar projetos, obras e benfeitorias para aquela regi\u00e3o, n\u00e3o incomumente associado a lobistas dos mais diversos tipos. Tamb\u00e9m troca de partido ao sabor de quem comanda o Di\u00e1rio Oficial, deixando a ideologia em segundo plano.<\/p>\n<p>Indicarei aqui alguns nomes, tanto a deputado federal quanto a estadual, que s\u00e3o boas op\u00e7\u00f5es. Inclusive candidatos de partidos conservadores dos quais discorde das id\u00e9ias mas que tenham escopo, atua\u00e7\u00e3o e presen\u00e7a. O leitor n\u00e3o poder\u00e1 dizer que votar\u00e1 nulo porque &#8220;todo deputado n\u00e3o presta&#8221;.<\/p>\n<p><b>Deputado Federal:<\/b><\/p>\n<p><i><b>Meu voto: Brizola Neto (PDT)<\/b><\/i>. Neto do grande pol\u00edtico, teve atua\u00e7\u00e3o importante na C\u00e2mara dos Deputados defendendo os direitos dos trabalhadores e na sustenta\u00e7\u00e3o parlamentar ao Governo Lula. Tem um excelente blog, o Tijola\u00e7o.<br \/><i><br \/><\/i><br \/><i>Chico Alencar (PSOL)<\/i> &#8211; \u00e9tico, de atua\u00e7\u00e3o em defesa dos interesses dos trabalhadores e da esquerda, j\u00e1 obteve meu voto em outras ocasi\u00f5es.<\/p>\n<p><i>Alessandro Mol\u00f3n (PT)<\/i> &#8211; desta vez candidato a deputado federal, ligado \u00e0 ala cat\u00f3lica do PT. Atua\u00e7\u00e3o marcante na defesa dos direitos humanos.<\/p>\n<p><i>Antonio Carlos Biscaia (PT)<\/i> &#8211; advogado, um paladino na luta pelos direitos humanos e pela \u00e9tica na pol\u00edtica.<\/p>\n<p><i>Buca (PSTU)<\/i> &#8211; Andr\u00e9 Bucaresky, colega tanto de faculdade quanto de Petrobras, uma op\u00e7\u00e3o para aqueles que comungam das id\u00e9ias da extrema esquerda.<\/p>\n<p><i>Miro Teixeira (PDT)<\/i> &#8211; andou adotando posi\u00e7\u00f5es mais conservadoras nos \u00faltimos anos, mas \u00e9 um pol\u00edtico honesto e de atua\u00e7\u00e3o marcante na \u00e1rea das telecomunica\u00e7\u00f5es. Ex-Ministro de Lula.<\/p>\n<p><i>Vladimir Palmeira (PT)<\/i> &#8211; nome hist\u00f3rico do partido, ex-l\u00edder estudantil nos protestos de 1968, atua\u00e7\u00e3o sempre ideol\u00f3gica e s\u00e9ria.<\/p>\n<p><i>Jair Bolsonaro (PP)<\/i> &#8211; discordo radicalmente das posi\u00e7\u00f5es pol\u00edticas dele, mas \u00e9 mister reconhecer que nunca mudou de opini\u00e3o e n\u00e3o se tem registro de den\u00fancias de corrup\u00e7\u00e3o ou de aumento de patrim\u00f4nio exagerado. Representa o meio militar.<\/p>\n<p><i>Ot\u00e1vio Leite (PSDB)<\/i> &#8211; defende os interesses das classes altas e excludentes cariocas;<\/div>\n<div><\/div>\n<div>\n<p><b>Deputado Estadual:<\/b><\/p>\n<p><b><i>Meu Voto: Marcelo Freixo (PSOL)<\/i><\/b>. Em uma Casa repleta de parlamentares de conduta duvidosa, sua atua\u00e7\u00e3o na defesa dos direitos humanos e no combate \u00e0s mil\u00edcias \u00e9 digna de nota. Est\u00e1 amea\u00e7ado de morte por sua conduta intransigente na condu\u00e7\u00e3o da CPI das Mil\u00edcias.<\/p>\n<p><i>Carlos Minc (PT)<\/i>: ex-Ministro do Meio Ambiente do Presidente Lula, h\u00e1 muitos anos vem se notabilizando pela defesa das quest\u00f5es ambientais.<\/p>\n<p><i>Cidinha Campos (PDT)<\/i>: outra parlamentar antiga e que vem se insurgindo contra os deputados de conduta duvidosa.<\/p>\n<p><i>Paulo Pinheiro (PPS<\/i>): vem se notabilizando nas quest\u00f5es relacionadas \u00e0 sa\u00fade.<\/p>\n<p>Espero sinceramente que o n\u00edvel da Assembl\u00e9ia Legislativa do Estado do Rio melhore para o pr\u00f3ximo mandato, pois os deputados atuais, em geral, estiveram bem abaixo do padr\u00e3o exigido para os representantes do povo. E, a prop\u00f3sito, a lista de candidatos do PMDB para a legislatura estadual \u00e9, no m\u00ednimo, pol\u00eamica&#8230;<\/p><\/div>\n","protected":false},"excerpt":{"rendered":"<p>Tenho o h\u00e1bito de acompanhar os primeiros programas eleitorais gratuitos. Mesmo que j\u00e1 esteja com meu voto definido &#8211; como \u00e9 o caso este anoTour Details<\/p>\n","protected":false},"author":2,"featured_media":0,"comment_status":"open","ping_status":"open","sticky":false,"template":"","format":"standard","meta":{"footnotes":""},"categories":[289],"tags":[150,24],"class_list":["post-11845","post","type-post","status-publish","format-standard","hentry","category-pedro-migao","tag-eleicoes-2010","tag-politica"],"_links":{"self":[{"href":"http:\/\/www.pedromigao.com.br\/ourodetolo\/wp-json\/wp\/v2\/posts\/11845","targetHints":{"allow":["GET"]}}],"collection":[{"href":"http:\/\/www.pedromigao.com.br\/ourodetolo\/wp-json\/wp\/v2\/posts"}],"about":[{"href":"http:\/\/www.pedromigao.com.br\/ourodetolo\/wp-json\/wp\/v2\/types\/post"}],"author":[{"embeddable":true,"href":"http:\/\/www.pedromigao.com.br\/ourodetolo\/wp-json\/wp\/v2\/users\/2"}],"replies":[{"embeddable":true,"href":"http:\/\/www.pedromigao.com.br\/ourodetolo\/wp-json\/wp\/v2\/comments?post=11845"}],"version-history":[{"count":0,"href":"http:\/\/www.pedromigao.com.br\/ourodetolo\/wp-json\/wp\/v2\/posts\/11845\/revisions"}],"wp:attachment":[{"href":"http:\/\/www.pedromigao.com.br\/ourodetolo\/wp-json\/wp\/v2\/media?parent=11845"}],"wp:term":[{"taxonomy":"category","embeddable":true,"href":"http:\/\/www.pedromigao.com.br\/ourodetolo\/wp-json\/wp\/v2\/categories?post=11845"},{"taxonomy":"post_tag","embeddable":true,"href":"http:\/\/www.pedromigao.com.br\/ourodetolo\/wp-json\/wp\/v2\/tags?post=11845"}],"curies":[{"name":"wp","href":"https:\/\/api.w.org\/{rel}","templated":true}]}}