{"id":11773,"date":"2010-10-12T10:20:00","date_gmt":"2010-10-12T12:20:00","guid":{"rendered":"http:\/\/www.pedromigao.com.br\/ourodetolo\/2010\/10\/samba-de-terca-herois-da-liberdade\/"},"modified":"2010-10-12T10:20:00","modified_gmt":"2010-10-12T12:20:00","slug":"samba-de-terca-herois-da-liberdade","status":"publish","type":"post","link":"http:\/\/www.pedromigao.com.br\/ourodetolo\/2010\/10\/samba-de-terca-herois-da-liberdade\/","title":{"rendered":"Samba de Ter\u00e7a &#8211; &quot;Her\u00f3is da Liberdade&quot;"},"content":{"rendered":"<div>Mais uma ter\u00e7a feira, feriado da Padroeira do Brasil, e a nossa coluna &#8220;Samba de Ter\u00e7a&#8221;, unindo o sagrado e o profano, tem mais uma edi\u00e7\u00e3o.<\/p>\n<p>Hoje falaremos de um cl\u00e1ssico, considerado por muitos o maior samba enredo de todos os tempos &#8211; embora, em minha modesta opini\u00e3o, este t\u00edtulo se aplique melhor a <a href=\"http:\/\/pedromigao.blogspot.com\/2009\/08\/samba-de-terca.html\">&#8220;Os Sert\u00f5es&#8221;<\/a> &#8211; e com certeza um dos maiores sambas da safra brilhante do imp\u00e9rio Serrano: &#8220;Her\u00f3is da Liberdade&#8221;, 1969.<\/p>\n<p>O clima pol\u00edtico, \u00e0 \u00e9poca, era irrespir\u00e1vel. O AI-5, ato ditatorial do governo militar que restringia barbaramente as liberdades individuais, fechava o Congresso Nacional, institucionalizava a Censura e prendia e torturava todos \u00e0queles que se opunham ao governo havia acabado de ser editado. O Regime Militar se fechava e calava, no grito ou na pancada, as vozes dissidentes.<\/p>\n<p>Na pr\u00e1tica o AI-5 foi um &#8220;golpe dentro do golpe&#8221;, como resposta \u00e0s press\u00f5es de setores mais radicais das For\u00e7as Armadas por um endurecimento do regime. Como pretextos &#8211; mas n\u00e3o causas &#8211; foram utilizados o crescente pedido por liberdade, vocalizado pelo Movimento Estudantil, a relativa liberdade cultural e de imprensa e um discurso do jornalista e deputado M\u00e1rcio Moreira Alves na Tribuna da C\u00e2mara por ocasi\u00e3o do 7 de Setembro, conclamando \u00e0s mo\u00e7as n\u00e3o namorarem cadetes do Ex\u00e9rcito.<\/p>\n<p>Os militares pediram a cassa\u00e7\u00e3o do deputado por &#8220;crime de opini\u00e3o&#8221;, que \u00e9 um claro acinte ao conceito pol\u00edtico de liberdade de opini\u00e3o &#8211; um parlamentar n\u00e3o pode ser punido pelo que diz em exerc\u00edcio de seu mandato. Obviamente, a C\u00e2mara dos Deputados, em rara demonstra\u00e7\u00e3o de independ\u00eancia negou o pedido, e no dia seguinte veio o AI-5 &#8211; que, na pr\u00e1tica, significou a tomada do poder pelos grupos mais radicais e mergulhou o pa\u00eds em uma era de trevas, autoritarismo, torturas, mortes e repress\u00e3o.<\/p>\n<p>Pois bem. \u00c9 neste cen\u00e1rio que o Imp\u00e9rio Serrano apresenta como seu enredo um t\u00edtulo sugestivo: &#8220;Her\u00f3is da Liberdade&#8221;. A proposta era a de mostrar ilustres brasileiros que lutaram pela liberdade no transcurso de nossa hist\u00f3ria &#8211; desde o Movimento Nativista da Batalha de Guararapes contra os holandeses at\u00e9 os pracinhas da For\u00e7a Expedicion\u00e1ria Brasileira (FEB) na II Grande Guerra. Apresento abaixo um raro documento, transcrito pelo site refer\u00eancia <a href=\"http:\/\/www.galeriadosamba.com.br\/\">&#8220;Galeria do Samba&#8221;<\/a>, que continha a s\u00famula do desfile distribu\u00edda na avenida &#8211; uma esp\u00e9cie de sinopse.<\/div>\n<div><\/div>\n<div><\/div>\n<p><i><b>S\u00famula do Desfile distribu\u00edda na avenida<\/b><\/i><\/p>\n<div>O presidente Sebasti\u00e3o de Oliveira tinha id\u00e9ia de montar &#8221; Vinte e um anos de gl\u00f3ria do Imp\u00e9rio Serrano &#8220;. O Vice Presidente Acir Pimentel achou, entretanto, que n\u00e3o era tema forte. O Imp\u00e9rio precisava ganhar o carnaval. Outros tr\u00eas temas foram apresentados, mas eram fracos. Acir Pimentel , que faz carnaval h\u00e1 33 anos, estando h\u00e1 onze na diretoria, chamou a aten\u00e7\u00e3o para o fato de que o Imp\u00e9rio sempre fez carnaval com a figura de um her\u00f3i. Juntando os her\u00f3is todos e usando a palavra &#8221; liberdade &#8220;, formulou a montagem do carnaval, que num certo sentido atendia o desejo do presidente de assinalar os &#8221; Vinte e um anos de gl\u00f3ria do Imp\u00e9rio Serrano &#8220;. Do livro de hist\u00f3ria de Rocha Pombo o momento em que o &#8221; clamor de liberdade se iniciou &#8220;. A\u00ed se inicia o enredo :<\/p>\n<p>O &#8221; Abre-Alas &#8221; \u00e9 uma ab\u00f3bada de 9 metros de comprimento com um azul do infinito ao seu interior, com uma p\u00e1ssaro voando a caminho do infinito, em sinal de liberdade. Atr\u00e1s da ab\u00f3bada vem escrito: Her\u00f3is da Liberdade. A ab\u00f3bada vem girando.<\/p>\n<p>A Comiss\u00e3o de Frente vem vestido em super-pitex, mas a modo convencional.<\/p>\n<p>O enredo se desenvolve em dez atos:<\/p>\n<p>1\u00ba.ato &#8211; Movimento Nativista do Brasil<\/p>\n<p>&#8220;Com a invas\u00e3o holandesa e a Batalha de Guararapes se inicia o movimento nativista do Brasil. Em raz\u00e3o dessa batalha se viu que o \u00edndio n\u00e3o servia para escravo, sendo ent\u00e3o procurado o negro. O negro era muito mais resistente e lutador, o \u00edndio n\u00e3o se sujeitava, fugia.&#8221; S\u00e3o destaques as figuras de Andr\u00e9 Vidal de Negreiros, Felipe Camar\u00e3o, Henrique Dias, \u00cdndia Paragua\u00e7u e Maur\u00edcio de Nassau. As alas v\u00eam com saldados e civis da \u00e9poca.<\/p>\n<p>2\u00ba.ato &#8211; Palmares<\/p>\n<p>&#8220;Mas o negro cansado de tanta explora\u00e7\u00e3o, vai procurar onde possa ter um pouco de liberdade: Palmares, que depois \u00e9 arrasada&#8221;. As alas mostram escravos, reis e rainhas nativos: seis reis e seis rainhas. Destaques: seis reis nativos, entre eles Ganga Zumba, encarnado por Jo\u00e3osinho da Com\u00e9dia; e Zumbi, por Geraldo.<\/p>\n<p>3\u00ba.ato &#8211; Filipe dos Santos<\/p>\n<p>&#8220;Filipe foi her\u00f3i m\u00e1rtir.Era revoltado contra a coroa que cobrava absurdos de impostos&#8221; . Filipe dos Santos \u00e9 o grande destaque; para melhor representar os tra\u00e7os finos do her\u00f3i. Seguem alas civis, escravos do ouro e militares da \u00e9poca.<\/p>\n<p>4\u00ba.ato &#8211; Inconfid\u00eancia Mineira e Baiana<\/p>\n<p>Nesta parte aparece a primeira alegoria: uma mesa onde est\u00e3o sentados Cl\u00e1udio Manuel da Costa e Alvarenga Peixoto; Tiradentes em p\u00e9 ( com seis metros de altura ) no momento em que ia ser conduzido \u00e0 forca. Ao fundo um mapa do Brasil com um condor simbolizando a luta pela liberdade. Segue Tiradentes como destaque.<\/p>\n<p>5\u00ba.ato &#8211; Revolu\u00e7\u00e3o Liberal<\/p>\n<p>&#8220;Uma homenagem ao movimento que assim denominou: Dom Jo\u00e3o VI aceita governar constitucionalmente &#8220;. O destaque \u00e9 D. Jo\u00e3o VI, vivido por Jorge. As alas t\u00eam ministros, damas e saldados da \u00e9poca.<\/p>\n<p>6\u00ba.ato &#8211; Independ\u00eancia<\/p>\n<p>Logo \u00e0 frente vem D.Pedro I, em destaque, encenado por Paulinho. Seguem alas da corte, com damas e cavalheiros. Aparece a segunda alegoria: D.Pedro I a cavalo em tamanho normal, tudo feito de pasta. E o estandarte da Ma\u00e7onaria.<\/p>\n<p>7\u00ba.ato &#8211; Confedera\u00e7\u00e3o do Equador<\/p>\n<p>O destaque seria Frei Caneca, acompanhado do Padre Miguelino e outros, mas a Escola decidiu n\u00e3o colocar os destaques porque teriam de usar h\u00e1bitos religiosos, o que poderia n\u00e3o ter aceita\u00e7\u00e3o do p\u00fablico e ferir a sensibilidade do clero. Mas em homenagens aos her\u00f3is as alas carregam a bandeira com que o movimento foi sustentado. Outras alas mostram saldados e civis.<\/p>\n<p>8\u00ba.ato &#8211; Aboli\u00e7\u00e3o<\/p>\n<p>3a.alegoria: Castro Alves ( seis metros de altura ), tendo ao lado um escravo de joelhos com os grilh\u00f5es quebrados, em atitude de agradecimento. M\u00e3e segura em tocha, simbolizando a liberdade. Tudo isso girando. E uma frase hist\u00f3rica: &#8221; Assim como a pra\u00e7a \u00e9 do povo, o c\u00e9u \u00e9 do condor &#8221; . Alas com escravos, senhores, sinh\u00e1s-donas, cortejos, prociss\u00f5es, todos os figurantes em Debret. A ala dos intoc\u00e1veis com pombos vivos nas m\u00e3os e escravos carregando cada qual uma letra da palavra Liberdade. Destaque: Castro Alves.<\/p>\n<p>9\u00ba.ato &#8211; Proclama\u00e7\u00e3o da Rep\u00fablica<\/p>\n<p>Vem a mulher vestida de &#8220;Rep\u00fablica&#8221; Ala com ministros e soldados. Destaques de Deodoro e Benjamin Constant. O mestre-sala Canelinha vai dan\u00e7ar o bal\u00e9 da liberdade. Canelinha abre a bandeira em sinal de liberdade. Foge da &#8221; rep\u00fablica &#8221; ( e porta-estandarte ) se liberta dan\u00e7ando de bra\u00e7os abertos .<\/p>\n<p>10\u00ba.ato &#8211; Homenagem ao Samba aos her\u00f3is<\/p>\n<p>Uma carreta empurrada por dois homens mostra: uma bota nazista pisando no mundo; um pracinha da guerra de 42 ferido, lembrando os soldados em defesa das Na\u00e7\u00f5es. Duas crian\u00e7as de col\u00e9gio, um pretinho e uma branca. E um sol no poente simbolizando: O Sol Nasceu para todos. Alas com malandros e baianas prestam sambando sua homenagem aos 21 anos de gl\u00f3rias do Imp\u00e9rio Serrano&#8221;.<\/p><\/div>\n<div><\/div>\n<div><\/div>\n<p><\/p>\n<div>Como v\u00eaem, era um tema extremamente audacioso para aqueles tempos de tortura, autoritarismo e total supress\u00e3o da liberdade.<\/div>\n<div><\/div>\n<div>Como seria de se esperar, a escola teve problemas com o Estado. De acordo com o depoimento de S\u00e9rgio Cabral em seu livro sobre as escolas de samba cariocas &#8211; infelizmente, esgotado &#8211; Silas de Oliveira, um dos autores do samba, foi convocado para dar explica\u00e7\u00f5es ao DOPS (Departamento de Ordem Pol\u00edtica e Social), temido \u00f3rg\u00e3o de repress\u00e3o \u00e0 \u00e9poca. Ele saiu-se do embara\u00e7o alegando que o samba falava apenas de her\u00f3is e da liberdade do passado, mas, ainda assim, teve de trocar uma palavra no samba &#8211; &#8220;revolu\u00e7\u00e3o&#8221; virou &#8220;evolu\u00e7\u00e3o&#8221;.<\/div>\n<div><\/div>\n<div>Entretanto, bastava ver a letra do samba para se perceber o potencial &#8220;subversivo&#8221; &#8211; na vis\u00e3o das autoridades &#8211; que ele continha. Naturalmente, o Imp\u00e9rio Serrano naquele ano se tornou a escola preferida de todos aqueles que faziam oposi\u00e7\u00e3o ao regime e ainda n\u00e3o estavam presos. Criou-se ua expectativa imensa sobre o desfile.<\/div>\n<div><\/div>\n<div>A verde e branca da Serrinha foi a s\u00e9tima escola a desfilar, j\u00e1 no in\u00edcio da manh\u00e3 de 17 de fevereiro de 1969. Coincidentemente, no momento em que a escola iniciava seu desfile avi\u00f5es da For\u00e7a A\u00e9rea come\u00e7aram a sobrevoar a Candel\u00e1ria, dando rasantes e fazendo muito barulho a fim de atrapalhar o cortejo da escola. O clima era muito hostil. No v\u00eddeo acima podem-se ver alguns parcos registros do desfile da escola, em material que encontrei no Youtube.<\/div>\n<div><\/div>\n<div>Na apura\u00e7\u00e3o a escola obteve o quarto lugar entre dez escolas, com 113 pontos &#8211; dezesseis atr\u00e1s da campe\u00e3 Salgueiro, com belo samba de exalta\u00e7\u00e3o \u00e0 Bahia. Entretanto, ficou o recado e o lamento do povo brasileiro, sufocado e oprimido, vocalizado por talvez o maior compositor de sambas enredo de todos os tempos, Silas de Oliveira &#8211; em parceria com Mano D\u00e9cio da Viola e Manoel Ferreira:<\/div>\n<div><\/div>\n<div><i>&#8220;\u00d4 \u00f4 \u00f4<\/i><\/div>\n<div><i>Liberdade Senhor!&#8221;<\/i><\/div>\n<div><\/div>\n<div>O samba se tornaria um daqueles que ultrapassam as fronteiras do samba de enredo e se tornam cl\u00e1ssicos da m\u00fasica brasileira. Foi gravado entre outros por Roberto Ribeiro, Martinho da Vila, Jo\u00e3o Bosco, Chico Buarque de Holanda e Maria Rita, a grava\u00e7\u00e3o mais recente. Apresento aqui, ao longo do texto, a grava\u00e7\u00e3o original de 1969, a de Roberto Ribeiro e a de Maria Rita, pela ordem.<\/div>\n<div><\/div>\n<div>Por ironia do destino, esta seria a \u00faltima vez em que Silas de Oliveira, em vida, veria um samba de sua autoria passar pelas avenidas de desfile do carnaval. Ele seria derrotado nos concursos imperianos dos anos seguintes, vindo a falecer de um enfarte fulminante em uma roda de samba, em 20 de maio de 1972. &#8220;Her\u00f3is da Liberdade&#8221; encerrava uma era na hist\u00f3ria do samba enredo. O Imp\u00e9rio Serrano voltaria  a apresentar um samba do grande compositor em 2004, quando reeditou &#8220;Aquarela Brasileira&#8221;.<\/div>\n<div><\/div>\n<div>Ironia do destino, parte II: hoje, 12 de outubro, Silas de Oliveira completaria 94 caso fosse vivo.<\/div>\n<p><\/p>\n<div>Vamos \u00e0 letra do samba, que foi puxado na avenida por Joel Teixeira e por J\u00falia:<\/div>\n<p><\/p>\n<div><i>&#8220;<b>\u00d4 \u00f4 \u00f4 <\/b><\/i><\/div>\n<div><b><i>Liberdade Senhor<\/i><\/b><\/div>\n<div><i><br \/><\/i><\/div>\n<div><i>Passava noite, vinha dia<\/i><\/div>\n<div><i>O sangue do negro corria<\/i><\/div>\n<div><i>Dia a dia<\/i><\/div>\n<div><i>De lamento em lamento<\/i><\/div>\n<div><i>De agonia em agonia<\/i><\/div>\n<div><i>Ele pedia <\/i><\/div>\n<div><i>O fim da tirania<\/i><\/div>\n<div><i>L\u00e1 em Vila Rica<\/i><\/div>\n<div><i>Junto ao Largo da Bica<\/i><\/div>\n<div><i>Local da opress\u00e3o<\/i><\/div>\n<div><i>A fiel ma\u00e7onaria<\/i><\/div>\n<div><i>Com sabedoria<\/i><\/div>\n<div><i>Deu sua decis\u00e3o<\/i><\/div>\n<div><i>Com flores e alegria veio a aboli\u00e7\u00e3o<\/i><\/div>\n<div><i>A independ\u00eancia laureando seu bras\u00e3o<\/i><\/div>\n<div><i>Ao longe, soldados e tambores<\/i><\/div>\n<div><i>Alunos e professores<\/i><\/div>\n<div><i>Acompanhados de clarim<\/i><\/div>\n<div><i>Cantavam assim :<\/i><\/div>\n<div><i>J\u00e1 raiou a liberdade<\/i><\/div>\n<div><i>A liberdade j\u00e1 raiou<\/i><\/div>\n<div><i>Essa brisa que a juventude afaga<\/i><\/div>\n<div><i>Esta chama que o \u00f3dio n\u00e3o apaga <\/i><\/div>\n<div><i>Pelo universo \u00e9 a (r)evolu\u00e7\u00e3o <\/i><\/div>\n<div><i>Em sua leg\u00edtima raz\u00e3o<\/i><\/div>\n<div><i><br \/><\/i><\/div>\n<div><i>Samba, oh samba <\/i><\/div>\n<div><i>Tem a sua primazia<\/i><\/div>\n<div><i>Em gozar de felicidade<\/i><\/div>\n<div><i>Samba, meu samba <\/i><\/div>\n<div><i>Presta esta homenagem<\/i><\/div>\n<div><i>Aos her\u00f3is da liberdade&#8221;<\/i><\/div>\n<div><\/div>\n<div><span>P.S. &#8211; Texto dedicado ao jornalista Ivan Bello, que lutou pela liberdade no Brasil do AI-5 e que faleceu na \u00faltima quarta feira, aos 75 anos. Que descanse em paz este &#8220;Her\u00f3i da Liberdade&#8221;. <\/span><\/div>\n<div><i><br \/><\/i><\/div>\n<div><i><br \/><\/i><\/div>\n","protected":false},"excerpt":{"rendered":"<p>Mais uma ter\u00e7a feira, feriado da Padroeira do Brasil, e a nossa coluna &#8220;Samba de Ter\u00e7a&#8221;, unindo o sagrado e o profano, tem mais umaTour Details<\/p>\n","protected":false},"author":2,"featured_media":0,"comment_status":"open","ping_status":"open","sticky":false,"template":"","format":"standard","meta":{"footnotes":""},"categories":[289],"tags":[12,19,35,143,146],"class_list":["post-11773","post","type-post","status-publish","format-standard","hentry","category-pedro-migao","tag-cultura","tag-escolas-de-samba","tag-historia","tag-imperio-serrano","tag-samba-de-terca"],"_links":{"self":[{"href":"http:\/\/www.pedromigao.com.br\/ourodetolo\/wp-json\/wp\/v2\/posts\/11773","targetHints":{"allow":["GET"]}}],"collection":[{"href":"http:\/\/www.pedromigao.com.br\/ourodetolo\/wp-json\/wp\/v2\/posts"}],"about":[{"href":"http:\/\/www.pedromigao.com.br\/ourodetolo\/wp-json\/wp\/v2\/types\/post"}],"author":[{"embeddable":true,"href":"http:\/\/www.pedromigao.com.br\/ourodetolo\/wp-json\/wp\/v2\/users\/2"}],"replies":[{"embeddable":true,"href":"http:\/\/www.pedromigao.com.br\/ourodetolo\/wp-json\/wp\/v2\/comments?post=11773"}],"version-history":[{"count":0,"href":"http:\/\/www.pedromigao.com.br\/ourodetolo\/wp-json\/wp\/v2\/posts\/11773\/revisions"}],"wp:attachment":[{"href":"http:\/\/www.pedromigao.com.br\/ourodetolo\/wp-json\/wp\/v2\/media?parent=11773"}],"wp:term":[{"taxonomy":"category","embeddable":true,"href":"http:\/\/www.pedromigao.com.br\/ourodetolo\/wp-json\/wp\/v2\/categories?post=11773"},{"taxonomy":"post_tag","embeddable":true,"href":"http:\/\/www.pedromigao.com.br\/ourodetolo\/wp-json\/wp\/v2\/tags?post=11773"}],"curies":[{"name":"wp","href":"https:\/\/api.w.org\/{rel}","templated":true}]}}