{"id":11721,"date":"2010-11-16T07:40:00","date_gmt":"2010-11-16T09:40:00","guid":{"rendered":"http:\/\/www.pedromigao.com.br\/ourodetolo\/2010\/11\/samba-de-terca-nos-podemos-oito-ideias-para-mudar-o-mundo\/"},"modified":"2010-11-16T07:40:00","modified_gmt":"2010-11-16T09:40:00","slug":"samba-de-terca-nos-podemos-oito-ideias-para-mudar-o-mundo","status":"publish","type":"post","link":"http:\/\/www.pedromigao.com.br\/ourodetolo\/2010\/11\/samba-de-terca-nos-podemos-oito-ideias-para-mudar-o-mundo\/","title":{"rendered":"Samba de Ter\u00e7a: &quot;N\u00f3s Podemos: Oito Id\u00e9ias Para Mudar o Mundo&quot;"},"content":{"rendered":"<div>Nossa coluna &#8220;Samba de Ter\u00e7a&#8221;, de volta ap\u00f3s o &#8220;forfait&#8221; da semana passada &#8211; os compromissos profissionais em Paul\u00ednia acabaram me impedindo de escrever a coluna &#8211; traz hoje um samba que n\u00e3o se enquadra em nenhuma das categorias eleg\u00edveis para o texto. N\u00e3o \u00e9 um samba hist\u00f3rico que est\u00e1 caindo no esquecimento, n\u00e3o \u00e9 um grande samba de uma escola pequena nem um samba de qualidade, embora menos lembrado de escolas grandes.<\/p>\n<p>O leitor deve estar se perguntando: o que faz\u00a0 2005, um dos piores &#8211; para muitos, o pior &#8211; sambas da hist\u00f3ria da gloriosa \u00c1guia na coluna ? Digamos que seja contar uma boa hist\u00f3ria e mostrar um lado dos desfiles que muito pouca gente conhece. A prop\u00f3sito, n\u00e3o acho o samba tema de hoje o pior da hist\u00f3ria portelense: nada supera o intrag\u00e1vel samba de 2000 sobre Get\u00falio Vargas que, al\u00e9m de ruim, tem alguns erros hist\u00f3ricos s\u00e9rios.<\/p>\n<p>A hist\u00f3ria deste carnaval portelense remonta ainda ao pr\u00e9-carnaval de 2004. Em abril de 2003 um grupo de portelenses descontentes com a diretoria da escola simplesmente invadiu a quadra da escola e fez um &#8220;churrasco de protesto&#8221;, estendendo faixas e soltando foguetes. O objetivo era protestar contra a admninistra\u00e7\u00e3o de Carlos Teixeira Martins, que direta ou indiretamente era o homem forte da agremia\u00e7\u00e3o desde 1971 &#8211; com um breve interregno entre 1995 e 97. O grupo de cerca de 100 pessoas era liderado por Nilo Mendes Figueiredo, ex-diretor da escola no tempo em que o grande Natal da Portela era o presidente.<\/p>\n<p>Posteriormente divulgou-se a hist\u00f3ria de um &#8220;acordo&#8221; onde a presid\u00eancia seria entregue a Nilo Figueiredo ap\u00f3s o carnaval de 2004. Inclusive houve um jantar &#8211; para o qual n\u00f3s no PortelaWeb, site oficial \u00e0 \u00e9poca, fomos convidados &#8211; a fim de &#8220;celebrar&#8221; a futura passagem do cargo por parte dos correligion\u00e1rios.<\/p>\n<p>As elei\u00e7\u00f5es estavam marcadas para logo ap\u00f3s o carnaval de 2004, onde a Portela, apesar de um belo desfile, obteve apenas a s\u00e9tima coloca\u00e7\u00e3o. A oposi\u00e7\u00e3o protestou quando do an\u00fancio das regras do pleito, apontando irregularidades jur\u00eddicas e evocando o acordo que teria sido feito entre Nilo e &#8220;Carlinhos Maracan\u00e3&#8221; para a passagem de poder da escola. Ainda assim as elei\u00e7\u00f5es foram realizadas, e Marcos Aur\u00e9lio Fernandes, o Marquinhos, ex-Diretor de carnaval da escola foi eleito presidente. Com 29 anos, seria o mais jovem presidente de uma escola do Grupo Especial &#8211; hoje ele \u00e9 presidente da Est\u00e1cio de S\u00e1.<\/p>\n<p>Neste interim a escola recebeu uma proposta de patroc\u00ednio da ONU para o enredo, baseado nas &#8220;Oito Metas do Mil\u00eanio&#8221; (abaixo). 2005 marcaria o centen\u00e1rio de nascimento de Natal da Portela, uma das figuras de maior destaque da hist\u00f3ria da agremia\u00e7\u00e3o; entretanto, tal como j\u00e1 havia sido feito com o centen\u00e1rio de Paulo da Portela, fundador e consolidador da agremia\u00e7\u00e3o, em 2001, tal marco foi esquecido pela diretoria em quest\u00e3o. Marquinhos se tornou o primeiro dirigente de uma escola de samba a pisar na sede da ONU em Nova York, o contrato de patroc\u00ednio foi fechado e o enredo, definido.<\/p><\/div>\n<div><\/div>\n<div><a href=\"http:\/\/3.bp.blogspot.com\/_KYflagr2MuI\/TNxns2UGshI\/AAAAAAAADBk\/bFU2-lZqENU\/s1600\/objetivos-do-milenio.jpg\" imageanchor=\"1\"><img loading=\"lazy\" decoding=\"async\" border=\"0\" height=\"310\" src=\"http:\/\/www.pedromigao.com.br\/ourodetolo\/wp-content\/uploads\/2010\/11\/objetivos-do-milenio.jpg\" width=\"400\"><\/a><\/div>\n<div><\/div>\n<div>Neste meio tempo os opositores de Carlinhos Maracan\u00e3 conseguiram na Justi\u00e7a uma liminar impugnando a elei\u00e7\u00e3o, e chegou-se a um acordo: haveria uma nova elei\u00e7\u00e3o e um recadastramento de s\u00f3cios. Acertou-se tamb\u00e9m que, fosse qual fosse a chapa vencedora, o enredo seria mantido &#8211; o contrato estava assinado. Nilo Figueiredo n\u00e3o \u00e9 exatamente um dirigente preocupado com a hist\u00f3ria da azul e branca, mas \u00e9 injusto colocar na conta dele o esquecimento do centen\u00e1rio de Natal da Portela, como estamos vendo. O veteran\u00edssimo vice presidente Paulo Miranda administrou a escola neste espa\u00e7o de tempo, mas tudo parou aguardando a defini\u00e7\u00e3o da nova diretoria.<\/p>\n<p>Chega o dia da elei\u00e7\u00e3o. Em um pleito tenso, com acusa\u00e7\u00f5es de carteiras de s\u00f3cios falsas por parte da oposi\u00e7\u00e3o, Nilo Figueiredo derrotou Marquinhos por 131 votos a 118 e se tornou o novo presidente da escola.<\/p>\n<p>Nota: a primeira provid\u00eancia do dirigente foi retirar do PortelaWeb o status de site oficial da escola e banir seus integrantes de quaisquer fun\u00e7\u00f5es na mesma. Na abertura do quadro de s\u00f3cios realizada logo ap\u00f3s as elei\u00e7\u00f5es todos os integrantes do grupo tiveram seus pedidos de associa\u00e7\u00e3o negados &#8211; inclusive eu. Somente em 2007, na segunda tentativa, obtivemos sucesso em nosso pleito.<\/p>\n<p>Praticamente toda a equipe do carnaval foi trocada. Sa\u00edram puxador, mestre sala e porta bandeira, mestre de bateria, carnavalescos e outros menos votados. Foram contratados o puxador Bruno Ribas, o mestre de bateria Mar\u00e7alzinho (filho do lend\u00e1rio Mestre Mar\u00e7al), o mestre sala Paulo Roberto, a porta bandeira Andr\u00e9a e os carnavalescos Orlando Jr., Nelson Ricardo e Amarildo de Mello. A sinopse anterior foi descartada e escrita uma nova, que podemos ver abaixo:<\/p>\n<p><i><b>&#8220;Justificativa<\/b><\/i><\/p>\n<p>Em setembro de 2000, na sede da ONU &#8211; Organiza\u00e7\u00e3o das Na\u00e7\u00f5es Unidas, na cidade de Nova Iorque, houve uma importante reuni\u00e3o de Chefes de Estado e de Governo do Mundo e foi elaborado um documento que ficou conhecido como Declara\u00e7\u00e3o do Mil\u00eanio das Na\u00e7\u00f5es Unidas. <\/p>\n<p>A Declara\u00e7\u00e3o do Mil\u00eanio baseia-se nos seguintes princ\u00edpios:<\/p>\n<p>1 &#8211; Valores: Liberdade. Igualdade, Solidariedade, Toler\u00e2ncia, Respeito \u00e0 Natureza e Divis\u00e3o de Responsabilidades.<br \/>2 &#8211; Paz, Seguran\u00e7a e Desarmamento<br \/>3 &#8211; Desenvolvimento e Erradica\u00e7\u00e3o da Pobreza<br \/>4 &#8211; Prote\u00e7\u00e3o ao Meio Ambiente<br \/>5 &#8211; Direitos Humanos, Democracia e Boa Governan\u00e7a<br \/>6 &#8211; Prote\u00e7\u00e3o aos Mais Fracos<br \/>7 &#8211; Atendimento \u00e0s Necessidades Especiais do Continente Africano<br \/>8 &#8211; Fortalecimento da Organiza\u00e7\u00e3o das Na\u00e7\u00f5es Unidas<\/p>\n<p>Para das conseq\u00fc\u00eancia pr\u00e1tica \u00e0 Declara\u00e7\u00e3o do Mil\u00eanio, foram estabelecidos, ainda em 200, oito objetivos que dever\u00e3o ser atingidos at\u00e9 o ano 2015 e que s\u00e3o os seguintes:<\/p>\n<p>1 &#8211; Lutar pela Erradica\u00e7\u00e3o da Pobreza e da Fome no Mundo<br \/>2 &#8211; Expandir a Oferta de Ensino B\u00e1sico para as Crian\u00e7as<br \/>3 &#8211; Buscar a Igualdade entre os Sexos e Mais Autonomia para a Mulher<br \/>4 &#8211; Reduzir a Mortalidade Infantil<br \/>5 &#8211; Aprimorar a Sa\u00fade Materna<br \/>6 &#8211; Combater as Enfermidades End\u00eamicas (AIDS, Mal\u00e1ria, Ebola, etc)<br \/>7 &#8211; Assegurar a Sustentabilidade do Meio Ambiente<br \/>8 &#8211; Estabelecer Parceria Mundial para o Desenvolvimento<\/p>\n<p>Nesta mesma ocasi\u00e3o, com a finalidade de dar maior alcance \u00e0 Declara\u00e7\u00e3o do Mil\u00eanio e suas Metas, a ONU decidiu promover uma campanha de divulga\u00e7\u00e3o junto \u00e0 popula\u00e7\u00e3o mundial, para que todos os seres humanos se sintam comprometidos com aqueles objetivos.<\/p>\n<p>Percebemos que a repercuss\u00e3o mundial alcan\u00e7ada pelo Carnaval Carioca o qualifica plenamente para auxiliar na divulga\u00e7\u00e3o dos princ\u00edpios da Declara\u00e7\u00e3o do Mil\u00eanio, a ONu e a Portela decidiram se unir para desenvolver este tema no desfile de 2005.<\/p>\n<p>Mostrada em forma de arte, difundida pela canto e pela dan\u00e7a, a mensagem da Portela, com seu enredo &#8220;N\u00f3s Podemos: Oito id\u00e9ias para mudar o mundo&#8221; atingir\u00e1 o cora\u00e7\u00e3o das pessoas, facilitando a percep\u00e7\u00e3o de suas urg\u00eancias e dos caminhos para super\u00e1-las.<br \/><i><b><br \/>N\u00f3s Podemos: Oito id\u00e9ias para mudar o mundo<\/b><\/i><\/p>\n<p><i><b>Sinopse<\/b><\/i><\/p>\n<p>Em 1935, a Portela iniciava sua trajet\u00f3ria vitoriosa ao ganhar o primeiro campeonato de sua extensa lista de conquistas com enredo &#8220;O samba dominando o mundo&#8221;<\/p>\n<p>Setenta anos depois a ONU convida a Portela para ser a porta-voz das metas do mil\u00eanio. O Samba ser\u00e1 o canto de esperan\u00e7a de um mundo melhor e mais justo, difundindo pelos cinco continentes sua mensagem de confian\u00e7a em melhores dias.<\/p>\n<p>Nosso canto vencer\u00e1 dist\u00e2ncias, se transformando na prece daqueles que compartilham suas cren\u00e7as em melhores tempos.<\/p>\n<p>No desfile da Portela todas as bandeiras do mundo girar\u00e3o unidas, pregando um amanh\u00e3 mais solid\u00e1rio, convidando a todos para unirem seus esfor\u00e7os por um mundo melhor.<\/p>\n<p>Nosso desafio ser\u00e1 mostrar de forma simples e direta o que pode ser feito para se obter um futuro melhor para a Humanidade.<\/p>\n<p>Selecionamos a seguir alguns motivos que podem ser apresentados no desfile:<\/p>\n<p>Igualdade, Liberdade e Fraternidade<br \/>Paz<br \/>Desarmamento<br \/>Respeito \u00e0 Natureza e Prote\u00e7\u00e3o do Meio Ambiente<br \/>Democracia<br \/>Urg\u00eancia do Continente Africano<br \/>Erradica\u00e7\u00e3o da Fome<br \/>Ensino B\u00e1sico e Lazer para as Crian\u00e7as<br \/>Combate ao Trabalho Infantil<br \/>Respeito aos Direitos da Mulher<br \/>Prote\u00e7\u00e3o da Sa\u00fade da Mulher Gestante<br \/>Preven\u00e7\u00e3o e combate \u00e0s Enfermidades Transmiss\u00edveis<br \/>Uni\u00e3o das Na\u00e7\u00f5es em Parceria Mundial para o desenvolvimento<\/p>\n<p>Sugest\u00e3o para reduzir a fome, a mis\u00e9ria, a polui\u00e7\u00e3o, as doen\u00e7as transmiss\u00edveis, o uso indiscriminado de agrot\u00f3xicos, a opress\u00e3o contra as mulheres e contra as minorias raciais e sexuais podem sr mostradas e cantadas.<\/p>\n<p>Assim como podem ser cantadas e mostradas id\u00e9ias para preservar os mananciais de \u00e1guas, cuidar do tratamento do lixo, evitar a destrui\u00e7\u00e3o das florestas, garantir, o acesso universal \u00e0 educa\u00e7\u00e3o b\u00e1sica, proteger as mulheres gestantes, reduzir o flagelo das enfermidades end\u00eamicas e melhorar a condi\u00e7\u00f5es de vida nas comunidades carentes<\/p>\n<p>Tudo isso apresentado de maneira original e criativa para provocar forte e crescente emo\u00e7\u00e3o nas arquibancadas .<\/p>\n<p>Assim, em 2005, o samba da Portela ser\u00e1 a voz que une toda Humanidade, levando sua mensagem para um amanh\u00e3 mais fraternal.&#8221;<br \/><span><i><br \/>(Fonte: <a href=\"http:\/\/www.galeriadosamba.com.br\/\">Galeria do Samba<\/a>)<\/i><\/span><\/p>\n<p>A escolha de samba foi bastante complicada, ali\u00e1s como uma constante na Era Nilo. Comentava-se desde antes da elei\u00e7\u00e3o que o samba estava prometido para o grande compositor Noca da Portela, que apoiou Nilo Figueiredo no processo eleitoral. Durante a disputa, destacou-se o samba do compositor Junior Scafura como o melhor da safra, conquistando a prefer\u00eancia da quadra. <\/p>\n<p>Ressalte-se de que na parceria do posteriormente multicampe\u00e3o Scafura estava um dos maiores compositores do samba carioca, que obviamente n\u00e3o assinava o samba por estar concorrendo tamb\u00e9m em sua escola de origem. N\u00e3o por acaso, este \u00e9 o melhor samba do hoje premiad\u00edssimo nos concursos portelenses &#8211; nos anos seguintes a parceria n\u00e3o se repetiria mais.<\/p>\n<p>Confirmando-se todos os boatos &#8211; o que se tornaria uma constante dali por diante &#8211; Noca da Portela venceu o concurso, em uma final muito tumultuada, com direito a vaias no an\u00fancio do resultado e confus\u00e3o. <a href=\"http:\/\/www.4shared.com\/file\/QN8RTVC1\/Portela_2005_-_Concorrentes.html\">Aqui voc\u00ea pode baixar um arquivo com alguns sambas concorrentes e o \u00e1udio da final daquele ano, gravado ao vivo na quadra<\/a>. Era uma samba fraco, bem abaixo do hist\u00f3rico do grande Noca e com um verso intrag\u00e1vel: <i>&#8220;combater o HIV&#8221;<\/i>, talvez o pior verso de um samba portelense em toda a sua hist\u00f3ria.<\/p>\n<p>A prepara\u00e7\u00e3o do carnaval seguiu enfrentando uma s\u00e9rie de problemas. Claramente a diretoria sabia o que queria destruir, mas n\u00e3o tinha um plano de administra\u00e7\u00e3o da esocla. Os problemas iam se sucedendo: falta de dinheiro devido \u00e0 inexist\u00eancia dos repasses das empresas indicadas para patrocinar o enredo, atraso no barrac\u00e3o, desorganiza\u00e7\u00e3o e uma s\u00e9rie de contratempos.<\/p>\n<p>Para os leitores terem uma id\u00e9ia, eu estive na quadra na quarta feira antes do carnaval e presenciei uma cena que jamais havia visto: integrantes de alas de comunidade ensaiando com a letra do samba na m\u00e3o ! Isso, na semana do desfile, quando o trabalho de harmonia j\u00e1 deveria estar pronto em termos de dan\u00e7a e especialmente canto. Sa\u00ed da quadra bastante preocupado com o que tinha visto &#8211; ali\u00e1s, iniciando um longo jejum: somente voltaria a pisar no Portel\u00e3o para um ensaio em 2009.<\/p>\n<p>O tecido para as roupas das baianas somente foi comprado na sexta feira antes do carnaval, e roupas da bateria e da ala das baianinhas tiveram de ser refeitas por terem sido executadas com o molde errado. Alas eram acrescentadas ao roteiro de desfile quase todos os dias. Claramente a inexperi\u00eancia dos carnavalescos e da diretoria estava pesando. A impress\u00e3o era a de que eles n\u00e3o tinham id\u00e9ia de como se fazia um carnaval no Grupo Especial.<\/p>\n<p>Na v\u00e9spera do desfile, &#8220;misteriosamente&#8221; o abre alas da escola pegou fogo no barrac\u00e3o, ficando inutiliz\u00e1vel. A vers\u00e3o mais aceita era de que o carro n\u00e3o encaixava no que traria a \u00e1guia, s\u00edmbolo maior da Portela, e teria pego fogo de prop\u00f3sito. Obviamente que certas coisas n\u00e3o se pode afirmar peremptoriamente sem provas, mas \u00e9 a vers\u00e3o corrente e ao que tudo indica verdadeira &#8211; jamais houve desmentido.<\/p><\/div>\n<div><\/div>\n<div><a href=\"http:\/\/2.bp.blogspot.com\/_KYflagr2MuI\/TNxn8oUEX2I\/AAAAAAAADBo\/rXoGxC0QqoU\/s1600\/Portela+2005+-+Mig%25C3%25A3o.jpg\" imageanchor=\"1\"><img loading=\"lazy\" decoding=\"async\" border=\"0\" height=\"307\" src=\"http:\/\/www.pedromigao.com.br\/ourodetolo\/wp-content\/uploads\/2010\/11\/Portela+2005+-+Mig%25C3%25A3o.jpg\" width=\"400\"><\/a><\/div>\n<div><\/div>\n<div>N\u00f3s portelenses est\u00e1vamos temerosos pelo desfile, e sab\u00edamos que seria um fiasco. S\u00f3 nos restava cantar &#8211; me lembro at\u00e9 hoje da assinatura que muitos torcedores usavam nos f\u00f3runs antes do desfile, &#8220;mais do que nunca \u00e9 preciso cantar&#8221;. Como havia sa\u00eddo da bateria &#8211; estava rec\u00e9m casado &#8211; e sabia que a escola viria gigante, optei por desfilar na segunda ala (acima) a fim de n\u00e3o ter de correr. Comigo veio um outro amigo nosso do Grupo da PortelaWeb, o Geraldino (primeiro \u00e0 direita e autor da foto), que veio do Recife especialmente para fazer sua estr\u00e9ia pela escola. <\/p>\n<p>Ali\u00e1s, ele teve a coragem de levar a imensa fantasia &#8211; que n\u00e3o coube na ca\u00e7amba de uma Fiorino quando fui buscar as duas roupas &#8211; no avi\u00e3o de volta para Pernambuco. Imagino o quanto n\u00e3o pagou de excesso de bagagem&#8230; A expectativa para o desfile era muito sombria. A Portela seria a quarta escola a desfilar na segunda feira, dia 07 de fevereiro &#8211; posi\u00e7\u00e3o nobre ap\u00f3s cinco anos seguidos em que ou ela encerrou ou foi a pen\u00faltima.<\/p>\n<p>A concentra\u00e7\u00e3o foi um dos momentos mais estressantes de toda a minha vida. Ningu\u00e9m para armar a escola, as alas espremidas entre si, fora de ordem, muita confus\u00e3o e ainda a tentativa de se encaixar as asas da \u00e1guia, nosso s\u00edmbolo maior. Por duas vezes elas quase ca\u00edram sobre componentes, uma delas sobre a bateria, o que causaria uma trag\u00e9dia de propor\u00e7\u00f5es inimagin\u00e1veis.<\/p>\n<p>N\u00e3o havia comando. Para o leitor ter uma id\u00e9ia, se pegarmos o VT do desfile enquanto a cantora Marisa Monte dava entrevista aparece ao fundo um componente dando esporro nos oper\u00e1rios que tentavam encaixar as asas. Era eu. Chope, o experiente diretor de Harmonia, foi relegado a segundo plano e a responsabilidade coube ao hoje deputado federal J\u00falio Lopes. Este sujeito distribuiu camisas de Harmonia para um monte de modelos, e passou o desfile inteiro mandando beijos para a arquibancada. Eu me recordo que quase parti pra cima dele no meio da avenida ao ver tal postura, de tanta raiva que eu estava. Digo sem medo de errar que eu s\u00f3 n\u00e3o voltei da concentra\u00e7\u00e3o dali mesmo para minha casa por ser a minha escola do cora\u00e7\u00e3o.<\/p>\n<p>No fim das contas, a \u00e1guia adentrou mutilada a passarela, sem as asas. Foi uma balde de \u00e1gua fria nos componentes.<\/p>\n<p>Ainda assim o desfile para quem estava nas primeiras alas como eu foi at\u00e9 razo\u00e1vel, em que pese a confus\u00e3o ter sido t\u00e3o grande que eu tive de vir fazendo a harmonia de minha ala. Bruno Ribas teve uma excelente atua\u00e7\u00e3o desde o esquenta com &#8220;Portela na Avenida&#8221; &#8211; <a href=\"http:\/\/www.4shared.com\/audio\/e2EmM0Kd\/2005_portela.html\">que o leitor pode baixar aqui<\/a> &#8211; e a bateria de Mestre Mar\u00e7alzinho veio muito bem. O puxador, a bateria e a garra do componente se salvaram no desastre &#8211; e, justi\u00e7a seja feita, o fraqu\u00edssimo samba ganhou algumas surpreendentes Notas Dez na apura\u00e7\u00e3o que ajudaram muito. Em compensa\u00e7\u00e3o, alegorias e especialmente fantasias estavam fraqu\u00edssimas, evidenciando a desorganiza\u00e7\u00e3o da prepara\u00e7\u00e3o do desfile e as limita\u00e7\u00f5es dos carnavalescos.<\/p>\n<p>Cheguei na Dispers\u00e3o achando que o desfile tinha sido ruim mas que pelo menos n\u00e3o descer\u00edamos. Achei estranho quando contei apenas seis carros at\u00e9 o final do desfile e as alas finais correndo desesperadamente para a escola, que estava gigante (estimam-se mais de sete mil componentes naquele ano, quando o normal s\u00e3o no m\u00e1ximo quatro mil), n\u00e3o estourar o tempo. Mas&#8230;<\/p>\n<p>O \u00faltimo carro, que trazia a Velha Guarda, n\u00e3o conseguiu avan\u00e7ar o suficiente para chegar ao in\u00edcio da avenida desde a arma\u00e7\u00e3o da escola &#8211; depois, pasmem, soube-se que haviam esquecido de colocar combust\u00edvel no carro, ou seja, ele n\u00e3o entraria de qualquer jeito. Com o passar do tempo o Presidente Nilo deu ordem de fechar o port\u00e3o de entrada na avenida e um setor inteiro da escola foi impedido de participar do desfile &#8211; incluindo a Velha Guarda, raiz da escola.<\/p>\n<p>Houve uma grande confus\u00e3o, com choradeira, gritos e a postura deplor\u00e1vel do ator Dado Dolabela, que agrediu um dos integrantes da Velha Guarda. Ap\u00f3s um longo impasse e um imenso atraso foi autorizado que o restante da escola, j\u00e1 com o som desligado e o desfile encerrado, passasse sob muitos aplausos pela avenida &#8211; e com a ir\u00f4nica frase da foto abaixo, lema de campanha de Nilo Figueiredo. Surpreendentemente, a escola n\u00e3o foi punida pelo atraso.<\/p><\/div>\n<div><\/div>\n<div><a href=\"http:\/\/2.bp.blogspot.com\/_KYflagr2MuI\/TNxoHJhnywI\/AAAAAAAADBs\/30nSM3yD3_o\/s1600\/Portela+final+do+desfile+Carnaval+2005.jpg\" imageanchor=\"1\"><img loading=\"lazy\" decoding=\"async\" border=\"0\" height=\"300\" src=\"http:\/\/www.pedromigao.com.br\/ourodetolo\/wp-content\/uploads\/2010\/11\/Portela+final+do+desfile+Carnaval+2005.jpg\" width=\"400\"><\/a><\/div>\n<div><\/div>\n<div>O curioso \u00e9 que eu, que estava no in\u00edcio da escola, s\u00f3 soube da confus\u00e3o quando cheguei em casa de volta. Eu me lembro como se fosse hoje: olho pela televis\u00e3o, acho estranho ver a Imperatriz &#8211; que era a escola seguinte &#8211; ainda sem ter iniciado o seu desfile e ou\u00e7o a minha esposa falar: &#8220;<i>Pedro, pega uma cerveja e senta que eu vou te contar o que aconteceu&#8230;&#8221;<\/i> A\u00ed que soube da confus\u00e3o toda ao final.<\/p>\n<p>Havia quase certeza de que a escola seria relegada ao Grupo de Acesso A, mas na abertura dos envelopes a escola acabou com a d\u00e9cima terceira e pen\u00faltima coloca\u00e7\u00e3o, com 383,9 pontos, \u00e0 frente apenas da \u00fanica rebaixada Tradi\u00e7\u00e3o. Minha avalia\u00e7\u00e3o \u00e9 de que seria justo se julgarmos apenas o que passou pela avenida, mas a Portela devia e precisava ser punida pelo atraso e pela confus\u00e3o &#8211; o que a levaria a um merecido rebaixamento. At\u00e9 por todos os erros cometidos antes e durante o desfile, que n\u00e3o foram poucos.<\/p>\n<p>Como desgra\u00e7a pouca \u00e9 bobagem, dias ap\u00f3s o desfile Nelson Ricardo, um dos carnavalescos, foi assassinado brutalmente em crime at\u00e9 hoje sem solu\u00e7\u00e3o. Ent\u00e3o&#8230;<\/p>\n<p>Por outro lado, pelo menos sa\u00ed com um saldo positivo: no DVD que foi lan\u00e7ado ap\u00f3s o carnaval eu apare\u00e7o em close por uns quatro ou cinco segundos &#8211; nenhum outro componente da escola apareceu por tanto tempo. Brinco dizendo, n\u00e3o sem orgulho, que fui escolhido para representar a garra do portelense que, ao fim e ao cabo, levou a escola nas costas e no cora\u00e7\u00e3o aquele ano.<\/p>\n<p>Vamos ao samba, que marcou a \u00faltima vit\u00f3ria de Noca da Portela na escola &#8211; seus sambas somente voltariam a uma final agora em 2011, sendo &#8220;derrotado&#8221; nesta ocasi\u00e3o.<\/p>\n<p>Samba enredo:<br \/><span><i>Autores: Noca da Portela, Darcy Maravilha, J. Rocha e Noquinha<\/i><\/span><\/p>\n<p><i>&#8220;Portela, hoje abra\u00e7a o mundo<br \/>Num amor profundo, pela fraternidade<br \/>O samba \u00e9 o porta voz<br \/>E \u201cn\u00f3s podemos\u201d desatar os n\u00f3s<br \/>Da desigualdade<br \/>E vem&#8230; num sorriso de crian\u00e7a<br \/>A esperan\u00e7a em cada cora\u00e7\u00e3o<br \/>E nesse dia de folia, faz a sua profecia<br \/>Liberando a emo\u00e7\u00e3o<\/p>\n<p><b>Um mundo sem fome sem dor e sem guerra<br \/>Quem viver ver\u00e1<br \/>O manto da paz cobrindo a terra<br \/>O que h\u00e1 de ser ser\u00e1<\/b><\/p>\n<p>Ensinando ver a vida, como ela \u00e9<br \/>Respeitando os direitos da mulher<br \/>Dando a juventude um novo amanh\u00e3<br \/>Sa\u00fade, corpo forte mente s\u00e3<br \/>Combater o hiv<br \/>E toda epidemia que aparecer<br \/>Preservar a natureza<br \/>Ver o bem vencer o mal<br \/>A \u201conu\u201d e o samba parceria ideal<br \/>Pro desenvolvimento mundial<\/p>\n<p><b>A mensagem da Portela<br \/>\u00c9 pra toda humanidade<br \/>Vamos semear amor<br \/>Pra colher felicidade<\/b><\/p>\n<p>Portela&#8230;&#8221;<\/i><\/p>\n<p>Finalizando, lembro este ano para que esta trag\u00e9dia jamais se repita.<\/p><\/div>\n<div><\/div>\n<div><\/div>\n","protected":false},"excerpt":{"rendered":"<p>Nossa coluna &#8220;Samba de Ter\u00e7a&#8221;, de volta ap\u00f3s o &#8220;forfait&#8221; da semana passada &#8211; os compromissos profissionais em Paul\u00ednia acabaram me impedindo de escrever aTour Details<\/p>\n","protected":false},"author":2,"featured_media":0,"comment_status":"open","ping_status":"open","sticky":false,"template":"","format":"standard","meta":{"footnotes":""},"categories":[289],"tags":[12,19,49,146],"class_list":["post-11721","post","type-post","status-publish","format-standard","hentry","category-pedro-migao","tag-cultura","tag-escolas-de-samba","tag-portela","tag-samba-de-terca"],"_links":{"self":[{"href":"http:\/\/www.pedromigao.com.br\/ourodetolo\/wp-json\/wp\/v2\/posts\/11721","targetHints":{"allow":["GET"]}}],"collection":[{"href":"http:\/\/www.pedromigao.com.br\/ourodetolo\/wp-json\/wp\/v2\/posts"}],"about":[{"href":"http:\/\/www.pedromigao.com.br\/ourodetolo\/wp-json\/wp\/v2\/types\/post"}],"author":[{"embeddable":true,"href":"http:\/\/www.pedromigao.com.br\/ourodetolo\/wp-json\/wp\/v2\/users\/2"}],"replies":[{"embeddable":true,"href":"http:\/\/www.pedromigao.com.br\/ourodetolo\/wp-json\/wp\/v2\/comments?post=11721"}],"version-history":[{"count":0,"href":"http:\/\/www.pedromigao.com.br\/ourodetolo\/wp-json\/wp\/v2\/posts\/11721\/revisions"}],"wp:attachment":[{"href":"http:\/\/www.pedromigao.com.br\/ourodetolo\/wp-json\/wp\/v2\/media?parent=11721"}],"wp:term":[{"taxonomy":"category","embeddable":true,"href":"http:\/\/www.pedromigao.com.br\/ourodetolo\/wp-json\/wp\/v2\/categories?post=11721"},{"taxonomy":"post_tag","embeddable":true,"href":"http:\/\/www.pedromigao.com.br\/ourodetolo\/wp-json\/wp\/v2\/tags?post=11721"}],"curies":[{"name":"wp","href":"https:\/\/api.w.org\/{rel}","templated":true}]}}