{"id":11625,"date":"2011-01-28T17:45:00","date_gmt":"2011-01-28T19:45:00","guid":{"rendered":"http:\/\/www.pedromigao.com.br\/ourodetolo\/2011\/01\/final-de-semana-aquarela-do-brasil-pelos-tres-tenores\/"},"modified":"2011-01-28T17:45:00","modified_gmt":"2011-01-28T19:45:00","slug":"final-de-semana-aquarela-do-brasil-pelos-tres-tenores","status":"publish","type":"post","link":"http:\/\/www.pedromigao.com.br\/ourodetolo\/2011\/01\/final-de-semana-aquarela-do-brasil-pelos-tres-tenores\/","title":{"rendered":"Final de Semana &#8211; &quot;Aquarela do Brasil, pelos Tr\u00eas Tenores&quot;"},"content":{"rendered":"<div>Nesta sexta, trago um cl\u00e1ssico da m\u00fasica popular brasileira em uma vers\u00e3o muito interessante: &#8220;Aquarela do Brasil&#8221;, de Ary Barroso.<\/div>\n<div><\/div>\n<div>A vers\u00e3o que trago \u00e9 a do show &#8220;The Three Tenores In Concert&#8221;, realizado na v\u00e9spera da final da Copa do Mundo de 1994 em Los Angeles. Pl\u00e1cido Domingo, Luciano Pavarotti e Jos\u00e9 Carreras interpretam uma vers\u00e3o bastante peculiar da m\u00fasica.<\/div>\n<div><\/div>\n<div>Bom final de semana.<\/div>\n<div><\/div>\n<div><i>&#8220;<b>Aquarela do Brasil<\/b><\/i><\/div>\n<div><i><span>(Ary Barroso)<\/span><\/i><\/div>\n<div><i><br \/><\/i><\/div>\n<div><i>Brasil!<\/i><\/div>\n<div><i>Meu Brasil Brasileiro<\/i><\/div>\n<div><i>Mulato inzoneiro<\/i><\/div>\n<div><i>Vou cantar-te nos meus versos<\/i><\/div>\n<div><i>Brasil, samba que d\u00e1<\/i><\/div>\n<div><i>Bamboleio, que faz gingar<\/i><\/div>\n<div><i>O Brasil do meu amor<\/i><\/div>\n<div><i>Terra de Nosso Senhor&#8230;<\/i><\/div>\n<div><i><br \/><\/i><\/div>\n<div><i>Abre a cortina do passado<\/i><\/div>\n<div><i>Tira a m\u00e3e preta do cerrado<\/i><\/div>\n<div><i>Bota o rei congo no congado<\/i><\/div>\n<div><i>Canta de novo o trovador<\/i><\/div>\n<div><i>A merenc\u00f3ria \u00e0 luz da lua<\/i><\/div>\n<div><i>Toda can\u00e7\u00e3o do seu amor<\/i><\/div>\n<div><i>Quero ver essa dona caminhando<\/i><\/div>\n<div><i>Pelos sal\u00f5es arrastando<\/i><\/div>\n<div><i>O seu vestido rendado&#8230;<\/i><\/div>\n<div><i><br \/><\/i><\/div>\n<div><i>Esse coqueiro que d\u00e1 coco<\/i><\/div>\n<div><i>Oi! Onde amarro minha rede<\/i><\/div>\n<div><i>Nas noites claras de luar<\/i><\/div>\n<div><i>Por essas fontes murmurantes<\/i><\/div>\n<div><i>Onde eu mato a minha sede<\/i><\/div>\n<div><i>Onde a lua vem brincar<\/i><\/div>\n<div><i>Esse Brasil lindo e trigueiro<\/i><\/div>\n<div><i>\u00c9 o meu Brasil Brasileiro<\/i><\/div>\n<div><i>Terra de samba e pandeiro&#8230;<\/i><\/div>\n<div><i><br \/><\/i><\/div>\n<div><i>Brasil!<\/i><\/div>\n<div><i>Terra boa e gostosa<\/i><\/div>\n<div><i>Da morena sestrosa<\/i><\/div>\n<div><i>De olhar indiferente<\/i><\/div>\n<div><i>Brasil, samba que d\u00e1<\/i><\/div>\n<div><i>Para o mundo se admirar<\/i><\/div>\n<div><i>O Brasil, do meu amor<\/i><\/div>\n<div><i>Terra de Nosso Senhor&#8230;<\/i><\/div>\n<div><i><br \/><\/i><\/div>\n<div><i>Abre a cortina do passado<\/i><\/div>\n<div><i>Tira a m\u00e3e preta do cerrado<\/i><\/div>\n<div><i>Bota o rei congo no congado<\/i><\/div>\n<div><i>Canta de novo o trovador<\/i><\/div>\n<div><i>A merenc\u00f3ria \u00e0 luz da lua<\/i><\/div>\n<div><i>Toda can\u00e7\u00e3o do seu amor<\/i><\/div>\n<div><i>Huuum!<\/i><\/div>\n<div><i>Essa dona caminhando<\/i><\/div>\n<div><i>Pelos sal\u00f5es arrastando<\/i><\/div>\n<div><i>O seu vestido rendado&#8230;<\/i><\/div>\n<div><i><br \/><\/i><\/div>\n<div><i>Esse coqueiro que d\u00e1 coco<\/i><\/div>\n<div><i>Onde amarro minha rede<\/i><\/div>\n<div><i>Nas noites claras de luar<\/i><\/div>\n<div><i>Por essas fontes murmurantes<\/i><\/div>\n<div><i>Onde eu mato a minha sede<\/i><\/div>\n<div><i>Onde a lua vem brincar<\/i><\/div>\n<div><i>Huuum!<\/i><\/div>\n<div><i>Esse Brasil lindo e trigueiro<\/i><\/div>\n<div><i>\u00c9 o meu Brasil Brasileiro<\/i><\/div>\n<div><i>Terra de samba e pandeiro&#8230;<\/i><\/div>\n<div><i><br \/><\/i><\/div>\n<div><i>Brasil!<\/i><\/div>\n<div><i>Meu Brasil Brasileiro<\/i><\/div>\n<div><i>Mulato inzoneiro<\/i><\/div>\n<div><i>Vou cantar-te nos meus versos<\/i><\/div>\n<div><i>Brasil, samba que d\u00e1<\/i><\/div>\n<div><i>Bamboleio, que faz gingar<\/i><\/div>\n<div><i>O Brasil do meu amor<\/i><\/div>\n<div><i>Terra de Nosso Senhor&#8230;<\/i><\/div>\n<div><i><br \/><\/i><\/div>\n<div><i>Abre a cortina do passado<\/i><\/div>\n<div><i>Tira a m\u00e3e preta do cerrado<\/i><\/div>\n<div><i>Bota o rei congo no congado<\/i><\/div>\n<div><i>Canta de novo o trovador<\/i><\/div>\n<div><i>A merenc\u00f3ria \u00e0 luz da lua<\/i><\/div>\n<div><i>Toda can\u00e7\u00e3o do seu amor<\/i><\/div>\n<div><i>Quero ver essa dona caminhando<\/i><\/div>\n<div><i>Pelos sal\u00f5es arrastando<\/i><\/div>\n<div><i>O seu vestido rendado&#8230;<\/i><\/div>\n<div><i><br \/><\/i><\/div>\n<div><i>Esse coqueiro que d\u00e1 coco<\/i><\/div>\n<div><i>Onde amarro minha rede<\/i><\/div>\n<div><i>Nas noites claras de luar<\/i><\/div>\n<div><i>Por essas fontes murmurantes<\/i><\/div>\n<div><i>Onde eu mato a minha sede<\/i><\/div>\n<div><i>Onde a lua vem brincar<\/i><\/div>\n<div><i>Esse Brasil lindo e trigueiro<\/i><\/div>\n<div><i>\u00c9 o meu Brasil Brasileiro<\/i><\/div>\n<div><i>Terra de samba e pandeiro&#8230;<\/i><\/div>\n<div><i><br \/><\/i><\/div>\n<div><i>Oi! Essas fontes murmurantes<\/i><\/div>\n<div><i>Onde eu mato a minha sede<\/i><\/div>\n<div><i>Onde a lua vem brincar<\/i><\/div>\n<div><i>Esse Brasil lindo e trigueiro<\/i><\/div>\n<div><i>\u00c9 o meu Brasil Brasileiro<\/i><\/div>\n<div><i>Terra de samba e pandeiro<\/i><\/div>\n<div><i>Brasil!&#8221;<\/i><\/div>\n<div><i><br \/><\/i><\/div>\n<div><\/div>\n","protected":false},"excerpt":{"rendered":"<p>Nesta sexta, trago um cl\u00e1ssico da m\u00fasica popular brasileira em uma vers\u00e3o muito interessante: &#8220;Aquarela do Brasil&#8221;, de Ary Barroso. A vers\u00e3o que trago \u00e9Tour Details<\/p>\n","protected":false},"author":2,"featured_media":0,"comment_status":"open","ping_status":"open","sticky":false,"template":"","format":"standard","meta":{"footnotes":""},"categories":[289],"tags":[12,40,99,15],"class_list":["post-11625","post","type-post","status-publish","format-standard","hentry","category-pedro-migao","tag-cultura","tag-final-de-semana","tag-mpb","tag-musica"],"_links":{"self":[{"href":"http:\/\/www.pedromigao.com.br\/ourodetolo\/wp-json\/wp\/v2\/posts\/11625","targetHints":{"allow":["GET"]}}],"collection":[{"href":"http:\/\/www.pedromigao.com.br\/ourodetolo\/wp-json\/wp\/v2\/posts"}],"about":[{"href":"http:\/\/www.pedromigao.com.br\/ourodetolo\/wp-json\/wp\/v2\/types\/post"}],"author":[{"embeddable":true,"href":"http:\/\/www.pedromigao.com.br\/ourodetolo\/wp-json\/wp\/v2\/users\/2"}],"replies":[{"embeddable":true,"href":"http:\/\/www.pedromigao.com.br\/ourodetolo\/wp-json\/wp\/v2\/comments?post=11625"}],"version-history":[{"count":0,"href":"http:\/\/www.pedromigao.com.br\/ourodetolo\/wp-json\/wp\/v2\/posts\/11625\/revisions"}],"wp:attachment":[{"href":"http:\/\/www.pedromigao.com.br\/ourodetolo\/wp-json\/wp\/v2\/media?parent=11625"}],"wp:term":[{"taxonomy":"category","embeddable":true,"href":"http:\/\/www.pedromigao.com.br\/ourodetolo\/wp-json\/wp\/v2\/categories?post=11625"},{"taxonomy":"post_tag","embeddable":true,"href":"http:\/\/www.pedromigao.com.br\/ourodetolo\/wp-json\/wp\/v2\/tags?post=11625"}],"curies":[{"name":"wp","href":"https:\/\/api.w.org\/{rel}","templated":true}]}}