{"id":11485,"date":"2011-05-14T10:14:00","date_gmt":"2011-05-14T12:14:00","guid":{"rendered":"http:\/\/www.pedromigao.com.br\/ourodetolo\/2011\/05\/a-medica-e-a-jornalista-celebrando-os-dois-anos-do-ouro-de-tolo\/"},"modified":"2011-05-14T10:14:00","modified_gmt":"2011-05-14T12:14:00","slug":"a-medica-e-a-jornalista-celebrando-os-dois-anos-do-ouro-de-tolo","status":"publish","type":"post","link":"http:\/\/www.pedromigao.com.br\/ourodetolo\/2011\/05\/a-medica-e-a-jornalista-celebrando-os-dois-anos-do-ouro-de-tolo\/","title":{"rendered":"A M\u00e9dica e a Jornalista &#8211; &quot;Celebrando os dois anos do Ouro de Tolo&quot;"},"content":{"rendered":"<div><a href=\"http:\/\/2.bp.blogspot.com\/-5XgquF5t3og\/Tc11YnTrqII\/AAAAAAAADiQ\/9Zgci1OirQs\/s1600\/remington.JPG\" imageanchor=\"1\"><img loading=\"lazy\" decoding=\"async\" border=\"0\" height=\"300\" src=\"http:\/\/www.pedromigao.com.br\/ourodetolo\/wp-content\/uploads\/2011\/05\/remington.jpg\" width=\"400\"><\/a><\/div>\n<p><\/p>\n<div>Neste s\u00e1bado, v\u00e9spera da data redonda do segundo anivers\u00e1rio do Ouro de Tolo, temos edi\u00e7\u00e3o especial da coluna &#8220;A M\u00e9dica e a Jornalista&#8221;, <b>assinada pela Anna Barros<\/b>. O assunto de hoje \u00e9 a hist\u00f3ria da colunista neste blog.<\/p>\n<p>Aproveito para dizer que as &#8220;Notas do Editor&#8221; s\u00e3o uma forma de expor a minha opini\u00e3o ou acrescentar informa\u00e7\u00f5es que possam ser \u00fateis ao leitor. N\u00e3o \u00e9 exatamente uma interven\u00e7\u00e3o no texto. Vamos a ele, a prop\u00f3sito.<\/p>\n<p><i><b>Celebrando os dois anos do Ouro de Tolo<\/b><\/i><br \/>\u00a0\u00a0\u00a0\u00a0\u00a0\u00a0\u00a0\u00a0\u00a0\u00a0\u00a0 <br \/>Antes de ser convidada pelo Pedro Mig\u00e3o para escrever no Ouro de Tolo e estrear no dia 18 de dezembro de 2010, eu j\u00e1 lia esse excelente blog. \u00c9 um blog diferenciado devido \u00e0 versatilidade dos temas e pelo fato de os colunistas terem as mais variadas profiss\u00f5es e experi\u00eancias de vida. Isto d\u00e1 uma vis\u00e3o ampla e diversidade de opini\u00f5es, de prismas, de conceitos, proporcionando o debate.<br \/>\u00a0\u00a0\u00a0\u00a0\u00a0\u00a0\u00a0\u00a0\u00a0\u00a0 <br \/>Tem duas coisas que eu mais gosto de ler no Ouro de Tolo: os posts dedicados ao samba e as resenhas liter\u00e1rias. E qual foi minha honra quando Pedro me disse ter se inspirado no &#8220;5 Perguntas&#8221; do Blog da Anninha ao criar a se\u00e7\u00e3o &#8216;Jogo Misto&#8217;, que acontece todas as sextas-feiras <i>[N.doE.: como o leitor j\u00e1 deve ter percebido, nem todas&#8230;]<\/i>\u00a0 e que sempre tem uma entrevista interessante. <br \/>\u00a0\u00a0\u00a0\u00a0\u00a0\u00a0\u00a0\u00a0\u00a0\u00a0\u00a0 <br \/>Meu relacionamento com Pedro \u00e9 de amizade, mas respeito o fato de ele ser o editor do Ouro de Tolo e confesso que custei um pouco a me adaptar com suas interven\u00e7\u00f5es no texto nas famosas \u201cnotas do editor\u201d. Afinal sou dona de dois blogs e quando escrevemos nesse ve\u00edculo de comunica\u00e7\u00e3o, n\u00f3s somos nossos pr\u00f3prios editores, escrevendo o que nos d\u00e1 vontade e mexendo no texto a hora que mais nos aprouver.<br \/>\u00a0\u00a0\u00a0\u00a0\u00a0\u00a0\u00a0\u00a0\u00a0\u00a0\u00a0 <br \/>E sempre acontece algo ins\u00f3lito, n\u00e3o sei se com meus colegas tamb\u00e9m: sempre acho que n\u00e3o conseguirei escrever a tempo, que a inspira\u00e7\u00e3o n\u00e3o vai chegar, que o assunto que vou abordar ir\u00e1 caducar e que ele n\u00e3o passar\u00e1 pelo crivo cir\u00fargico do Pedro. <\/p>\n<p>N\u00e3o \u00e9 inseguran\u00e7a, mas sim sentimentos, sensa\u00e7\u00f5es. \u00c9 como se fosse aquele friozinho na barriga que d\u00e1 em todo ator antes de pisar no palco, ou antes de algum escritor ao dar o pontap\u00e9 inicial em sua obra.\u00a0 Mas a paix\u00e3o por escrever \u00e9 t\u00e3o grande que sempre tenho algo a falar e sempre consigo espremer o assunto, dos mais s\u00e9rios aos menos importantes para alguns, podendo at\u00e9 beirar \u00e0 futilidade na concep\u00e7\u00e3o de outros. E v\u00e1rias vezes, Pedro fez a sugest\u00e3o do editor sobre algum tema que ele achasse conveniente e importante de se abordar nesse espa\u00e7o t\u00e3o democr\u00e1tico que \u00e9 o Ouro de Tolo.<br \/>\u00a0\u00a0\u00a0\u00a0\u00a0\u00a0\u00a0\u00a0\u00a0\u00a0 <br \/>O que posso desejar nesses dois anos de Ouro de Tolo? Vida longa. J\u00e1 que cirurgia pl\u00e1stica ele vai sofrer, um lifting facial com a mudan\u00e7a do layout, que \u00e9 surpresa para os leitores e para n\u00f3s colunistas tamb\u00e9m. E queria aproveitar esse humilde espa\u00e7o da minha coluna para agradecer ao Pedro por me dar essa oportunidade que faz com que eu expresse minhas id\u00e9ias e ganhe visibilidade na internet. <\/p>\n<p>Nunca pensei que num encontro casual no Blog Jogo Aberto do jornalista L\u00e9dio Carmona, em que eu conheci o Pedro, fosse nascer uma amizade e depois uma parceria de trabalho. E os privilegiados? S\u00e3o voc\u00eas, leitores, que t\u00eam acesso a um blog de muita qualidade como o Ouro de Tolo. Parab\u00e9ns, Pedro! Parab\u00e9ns, colunistas! Parab\u00e9ns a todos!<\/p>\n<p>At\u00e9 a pr\u00f3xima!<br \/>Anna Barros&#8221;<\/div>\n<div><\/div>\n<div><\/div>\n","protected":false},"excerpt":{"rendered":"<p>Neste s\u00e1bado, v\u00e9spera da data redonda do segundo anivers\u00e1rio do Ouro de Tolo, temos edi\u00e7\u00e3o especial da coluna &#8220;A M\u00e9dica e a Jornalista&#8221;, assinada pelaTour Details<\/p>\n","protected":false},"author":2,"featured_media":0,"comment_status":"open","ping_status":"open","sticky":false,"template":"","format":"standard","meta":{"footnotes":""},"categories":[5],"tags":[121,33],"class_list":["post-11485","post","type-post","status-publish","format-standard","hentry","category-a-medica-e-a-jornalista","tag-blog","tag-jornalismo"],"_links":{"self":[{"href":"http:\/\/www.pedromigao.com.br\/ourodetolo\/wp-json\/wp\/v2\/posts\/11485","targetHints":{"allow":["GET"]}}],"collection":[{"href":"http:\/\/www.pedromigao.com.br\/ourodetolo\/wp-json\/wp\/v2\/posts"}],"about":[{"href":"http:\/\/www.pedromigao.com.br\/ourodetolo\/wp-json\/wp\/v2\/types\/post"}],"author":[{"embeddable":true,"href":"http:\/\/www.pedromigao.com.br\/ourodetolo\/wp-json\/wp\/v2\/users\/2"}],"replies":[{"embeddable":true,"href":"http:\/\/www.pedromigao.com.br\/ourodetolo\/wp-json\/wp\/v2\/comments?post=11485"}],"version-history":[{"count":0,"href":"http:\/\/www.pedromigao.com.br\/ourodetolo\/wp-json\/wp\/v2\/posts\/11485\/revisions"}],"wp:attachment":[{"href":"http:\/\/www.pedromigao.com.br\/ourodetolo\/wp-json\/wp\/v2\/media?parent=11485"}],"wp:term":[{"taxonomy":"category","embeddable":true,"href":"http:\/\/www.pedromigao.com.br\/ourodetolo\/wp-json\/wp\/v2\/categories?post=11485"},{"taxonomy":"post_tag","embeddable":true,"href":"http:\/\/www.pedromigao.com.br\/ourodetolo\/wp-json\/wp\/v2\/tags?post=11485"}],"curies":[{"name":"wp","href":"https:\/\/api.w.org\/{rel}","templated":true}]}}