{"id":11481,"date":"2011-05-15T14:44:00","date_gmt":"2011-05-15T16:44:00","guid":{"rendered":"http:\/\/www.pedromigao.com.br\/ourodetolo\/2011\/05\/bissexta-aos-dois-anos-dourados\/"},"modified":"2011-05-15T14:44:00","modified_gmt":"2011-05-15T16:44:00","slug":"bissexta-aos-dois-anos-dourados","status":"publish","type":"post","link":"http:\/\/www.pedromigao.com.br\/ourodetolo\/2011\/05\/bissexta-aos-dois-anos-dourados\/","title":{"rendered":"Bissexta &#8211; &quot;Aos Dois Anos Dourados&quot;"},"content":{"rendered":"<div><a href=\"http:\/\/2.bp.blogspot.com\/-rXtjc7LSMmA\/Tc18OBC-6dI\/AAAAAAAADiU\/kU4GlXYENW0\/s1600\/anderson_silva_mma.jpg\" imageanchor=\"1\"><img loading=\"lazy\" decoding=\"async\" border=\"0\" height=\"300\" src=\"http:\/\/www.pedromigao.com.br\/ourodetolo\/wp-content\/uploads\/2011\/05\/anderson_silva_mma.jpg\" width=\"400\"><\/a><\/div>\n<p><\/p>\n<div>Continuando nossa programa\u00e7\u00e3o especial, a coluna &#8220;Bissexta&#8217; traz um pouco da experi\u00eancia de seu a<i><b>utor, Walter Monteiro<\/b><\/i>, advogado e rubro negro, na elabora\u00e7\u00e3o de sua coluna. <\/p>\n<p><a href=\"http:\/\/pedromigao.blogspot.com\/2011\/05\/promocao-do-segundo-aniversario.html\">E a promo\u00e7\u00e3o de anivers\u00e1rio continua, o post est\u00e1 aqui.<\/a><i><b> <\/b><\/i>Participe e concorra a dois kits de cervejas importadas, al\u00e9m de ganhar, sem sorteio, desconto de 10% na loja &#8220;Puro Malte&#8221;<i><b><br \/><\/b><\/i><\/div>\n<div><\/div>\n<div><i><b>&#8220;Aos Dois Anos Dourados<\/b><\/i><\/p>\n<p>Como se diz aqui em Porto Alegre, o Ouro de Tolo \u201cest\u00e1\u201d de anivers\u00e1rio.\u00a0 <\/p>\n<p>De meu ref\u00fagio nessas terras distantes e mal afamadas pelos humoristas em geral, aproveito para manifestar meu espanto diante da paci\u00eancia e obstina\u00e7\u00e3o do Editor Chefe. A minha \u00fanica experi\u00eancia semelhante \u00e9 cuidar do Twitter da FLA-RS, algo que, como todos sabem, est\u00e1 limitado a 140 caracteres. Vergonhosamente, a \u00faltima vez que postei alguma coisa l\u00e1 j\u00e1 faz mais de m\u00eas. <\/p>\n<p>Talvez porque o meu poder de concis\u00e3o ainda n\u00e3o seja t\u00e3o perfeito a este ponto, ou quem sabe porque essa moda de escrever \u201cRT de @xptoz: TN mita no Fla de Luxa e R10.#pracimadeles\u201d me cause n\u00e1useas pela incr\u00edvel capacidade de escrever sem nada dizer.\u00a0 Mas\u00a0se at\u00e9 para escrever essas bobagens criptografadas eu n\u00e3o consigo ter disciplina, que dir\u00e1 para manter viva, atualizada e atrativa essa revista eletr\u00f4nica. Morro de inveja do Editor&#8230;<\/p>\n<p>Eu sempre quis ser jornalista. Desde crian\u00e7a. O primeiro vestibular que fiz (naquela \u00e9poca, o vestibular era unificado) foi para jornalismo, eu passei mas n\u00e3o valeu, porque eu ainda estava no segundo grau &#8211; fiz s\u00f3 para ver se era dif\u00edcil. Anos mais tarde acabei mesmo estudando jornalismo, mas foi s\u00f3 para preencher o t\u00e9dio da minha ent\u00e3o recente separa\u00e7\u00e3o. Levei a s\u00e9rio, fiz uns est\u00e1gios em r\u00e1dio, mas, claro, n\u00e3o larguei a vida de advogado &#8211; que paga minhas contas e meus luxos.<\/p>\n<p>Andei ensaiando uns textos no blog de um amigo dos tempos de r\u00e1dio, mas era monotem\u00e1tico, eu s\u00f3 podia falar de futebol ou outros esportes. Isso para mim era um problema porque eu n\u00e3o gosto de futebol, s\u00f3 gosto do Flamengo. N\u00e3o sei o nome de nem seis jogadores do Vasco (me lembro do Felipe, do Fernando Prass, do Ded\u00e9 e do Alecssandro, o resto n\u00e3o conhe\u00e7o), que dir\u00e1 do Coritiba, que dizem por a\u00ed que \u00e9 a sensa\u00e7\u00e3o do ano.\u00a0<\/p><\/div>\n<div><\/div>\n<div>Acabou n\u00e3o dando muito certo. S\u00f3 me lembro de ter feito uma cr\u00f4nica elogiando o Rubinho Barrichelo. Eu adorei, mas os leitores odiaram, choveram coment\u00e1rios desairosos <i>[N.doE.: mereceu os coment\u00e1rios (risos)]<\/i>. Deixei para l\u00e1, parei com a brincadeira.<\/p>\n<p>Eu sou um cara de briga. Quer dizer, briga pelo teclado, porque na vida real eu n\u00e3o encaro nem um frangote de 14 anos. Um dia me aborreci quando o Flamengo lan\u00e7ou um programa de viagens endere\u00e7ado aos torcedores. Uma piada, mal feito, caro, tudo errado. Esse assunto j\u00e1 estava meio engasgado comigo, porque a Drica, minha grande amiga, j\u00e1 tinha tomado uma bola nas costas do clube tentando fazer algo parecido <i>[N.doE.: <a href=\"http:\/\/pedromigao.blogspot.com\/2009\/05\/verdadeira-historia-do-onde-estiver.html\">isto foi tema de um dos primeiros posts deste Ouro de Tolo. Pode ser visto aqui<\/a>]<\/i>. Liguei para um jornalista conhecido (eu sou advogado do Sindicato dos Jornalistas, conhe\u00e7o um mont\u00e3o deles) e contei a hist\u00f3ria. Deu uma tremenda repercuss\u00e3o. O curioso \u00e9 que o Aydano, que escreveu o caso, \u00e9 amigo do Mig\u00e3o e j\u00e1 andou pelas p\u00e1ginas aqui do blog.<\/p>\n<p>Como o assunto rendeu debates acalorados nos c\u00edrculos rubro-negros espalhados pela web, a Drica <i>[N.doE.: Adriana Martins, amiga em comum e que j\u00e1 assinou textos sobre viagens aqui]<\/i> me convidou para participar de uma lista de discuss\u00e3o por e-mail. \u00c9 uma lista para fortes. Para muito fortes, enfatizo. S\u00e3o centenas de mensagens por dia. S\u00f3 que tem est\u00f4mago treinado, emo\u00e7\u00f5es sob controle e paci\u00eancia de J\u00f3 sobrevive. A maioria dos convidados desiste na primeira semana. <\/p>\n<p>Eu n\u00e3o. Eu me senti em casa. Onde mais eu poderia encontrar tanta gente doida, capaz de brigar freneticamente em mensagens intermin\u00e1veis? A lista de discuss\u00e3o se tornou algo t\u00e3o essencial em minha vida quanto \u00e1gua mineral com g\u00e1s ou desodorante. N\u00e3o sei por quanto tempo mais eu vou aturar o v\u00edcio. Volta e meia algum valente \u00e9 afogado pelas mensagens e desaparece. O pr\u00f3prio Mig\u00e3o j\u00e1 meteu o p\u00e9 <i>[N.doE.: ando meio sem paci\u00eancia para o &#8220;onanismo acabado&#8221; em que se transformaram os espa\u00e7os dedicados ao clube]<\/i>. Mas eu continuo por l\u00e1&#8230;<\/p>\n<p>E foi l\u00e1 que o Mig\u00e3o percebeu que eu tinha gosto pela coisa, tanto assim que me convidou para escrever aqui no Ouro de Tolo. Eu relutei um pouco&#8230; n\u00e3o queria me comprometer com uma coluna. Ele deu um arrego, disse que eu podia mandar a coluna quando quisesse, por isso ela se chamaria \u201cBissexta\u201d, porque s\u00f3 apareceria de vez em quando. Topei. <\/p>\n<p>O Mig\u00e3o n\u00e3o cumpriu o prometido. Nem eu. A coluna n\u00e3o \u00e9 bissexta, ela \u00e9 habitual. <\/p>\n<p>No come\u00e7o, eu estava meio ressabiado, porque, \u00e0s vezes, para extravasar minha vaidade incontida e para fazer um pouco de propaganda de mim mesmo, publico uns artigos s\u00e9rios em jornais convencionais. L\u00e1 tem aquele inferno de 2.000 caracteres, o que me faz levar 30 minutos escrevendo e 2 horas cortando excessos. Mas aqui o Mig\u00e3o me deixa falar \u00e0 vontade, ent\u00e3o \u00e9 sempre um prazer.<\/p>\n<p>Deixei o melhor para o final. <\/p>\n<p>Escrever semanalmente no Ouro de Tolo me causou um belo efeito colateral. Advogados normalmente escrevem de um jeito empolado, supostamente erudito, empregando muitas palavras nada coloquiais. Sempre procurei fugir desses chav\u00f5es, mas volta e meia escorregava (v\u00e1 l\u00e1, escorrego ainda). Mas a obriga\u00e7\u00e3o de tratar de temas jur\u00eddicos para leitores leigos tem ajudado a melhorar as minhas peti\u00e7\u00f5es. Eu me surpreendo ao ver que meu texto se tornou mais fluido e objetivo.<\/p>\n<p>J\u00e1 s\u00e3o dois anos de ouro. N\u00e3o sejamos tolos a ponto de jogar fora esse momento \u00edmpar de muita divers\u00e3o. <\/p>\n<p>Que los cumplas feliz!&#8221;<\/p><\/div>\n<div><\/div>\n<div><\/div>\n","protected":false},"excerpt":{"rendered":"<p>Continuando nossa programa\u00e7\u00e3o especial, a coluna &#8220;Bissexta&#8217; traz um pouco da experi\u00eancia de seu autor, Walter Monteiro, advogado e rubro negro, na elabora\u00e7\u00e3o de suaTour Details<\/p>\n","protected":false},"author":2,"featured_media":0,"comment_status":"open","ping_status":"open","sticky":false,"template":"","format":"standard","meta":{"footnotes":""},"categories":[38],"tags":[121,42,25],"class_list":["post-11481","post","type-post","status-publish","format-standard","hentry","category-bissexta","tag-blog","tag-flamengo","tag-judiciario"],"_links":{"self":[{"href":"http:\/\/www.pedromigao.com.br\/ourodetolo\/wp-json\/wp\/v2\/posts\/11481","targetHints":{"allow":["GET"]}}],"collection":[{"href":"http:\/\/www.pedromigao.com.br\/ourodetolo\/wp-json\/wp\/v2\/posts"}],"about":[{"href":"http:\/\/www.pedromigao.com.br\/ourodetolo\/wp-json\/wp\/v2\/types\/post"}],"author":[{"embeddable":true,"href":"http:\/\/www.pedromigao.com.br\/ourodetolo\/wp-json\/wp\/v2\/users\/2"}],"replies":[{"embeddable":true,"href":"http:\/\/www.pedromigao.com.br\/ourodetolo\/wp-json\/wp\/v2\/comments?post=11481"}],"version-history":[{"count":0,"href":"http:\/\/www.pedromigao.com.br\/ourodetolo\/wp-json\/wp\/v2\/posts\/11481\/revisions"}],"wp:attachment":[{"href":"http:\/\/www.pedromigao.com.br\/ourodetolo\/wp-json\/wp\/v2\/media?parent=11481"}],"wp:term":[{"taxonomy":"category","embeddable":true,"href":"http:\/\/www.pedromigao.com.br\/ourodetolo\/wp-json\/wp\/v2\/categories?post=11481"},{"taxonomy":"post_tag","embeddable":true,"href":"http:\/\/www.pedromigao.com.br\/ourodetolo\/wp-json\/wp\/v2\/tags?post=11481"}],"curies":[{"name":"wp","href":"https:\/\/api.w.org\/{rel}","templated":true}]}}