{"id":11479,"date":"2011-05-16T09:45:00","date_gmt":"2011-05-16T11:45:00","guid":{"rendered":"http:\/\/www.pedromigao.com.br\/ourodetolo\/2011\/05\/o-ouro-de-tolo-por-seus-entrevistados\/"},"modified":"2011-05-16T09:45:00","modified_gmt":"2011-05-16T11:45:00","slug":"o-ouro-de-tolo-por-seus-entrevistados","status":"publish","type":"post","link":"http:\/\/www.pedromigao.com.br\/ourodetolo\/2011\/05\/o-ouro-de-tolo-por-seus-entrevistados\/","title":{"rendered":"O Ouro de Tolo por seus entrevistados"},"content":{"rendered":"<div><a href=\"http:\/\/2.bp.blogspot.com\/-T3Gk4viH7HM\/TcmydYcsOEI\/AAAAAAAADh4\/--zbmArO8fg\/s1600\/01_MHG_rio_reveillon.jpg\" imageanchor=\"1\"><img loading=\"lazy\" decoding=\"async\" border=\"0\" height=\"255\" src=\"http:\/\/www.pedromigao.com.br\/ourodetolo\/wp-content\/uploads\/2011\/05\/01_MHG_rio_reveillon.jpg\" width=\"400\"><\/a><\/div>\n<p><\/p>\n<div>Uma das se\u00e7\u00f5es recentes do Ouro de Tolo, criada neste segundo ano de vida, \u00e9 a &#8220;Jogo Misto&#8221;. Tratam-se de entrevistas com formadores de opini\u00e3o, influentes em seus campos de atua\u00e7\u00e3o, que mesclam perguntas espec\u00edficas com quest\u00f5es mais culturais.<\/div>\n<div><\/div>\n<div>A coluna ser\u00e1 reromada nas pr\u00f3ximas semanas, ap\u00f3s breve interregno. Mas tenho orgulho de ter time t\u00e3o qualificado passando por estas p\u00e1ginas. <a href=\"http:\/\/pedromigao.blogspot.com\/search\/label\/Jogo%20Misto\">As entrevistas podem ser lidas aqui<\/a>. Vale muito a pena.<\/div>\n<div><\/div>\n<div>A \u00faltima pergunta era sempre sobre este blog ou seu autor. No segundo anivers\u00e1rio, compilo aqui as respostas dadas pelos entrevistados at\u00e9 aqui. \u00c9 um bom panorama da percep\u00e7\u00e3o que este espa\u00e7o recebe.<\/div>\n<div><\/div>\n<div>Vamos \u00e0s afirmativas:<\/div>\n<div><\/div>\n<div>&#8220;\u00c9 bom poder contar com pessoas generosas como voc\u00ea. Abra\u00e7o.&#8221; <i>(Marco Aur\u00e9lio Mello, jornalista)<\/i><\/p>\n<p>&#8220;Como velho jornalista, do tempo em que a grande imprensa imaginava ter o monop\u00f3polio dos formadores de opini\u00e3o, acho \u00f3timo que hoje o Brasil tenha milhares de blogueiros como Pedro Mig\u00e3o para falar o que pensam sem pedir licen\u00e7a a ningu\u00e9m. \u00c9 saud\u00e1vel para a jovem democracia brasileira que tenhamos cada vez mais emissores e receptores de informa\u00e7\u00f5es e opini\u00f5es.<\/p>\n<p>Boa sorte ao Pedro e longa vida ao blog!&#8221; <i>(Ricardo Kotscho, jornalista e ex-assessor de imprensa do Presidente Lula)<\/i><\/p>\n<p>&#8220;Pedro Mig\u00e3o, mais conhecido como &#8216;Conspirinha&#8217;, \u00e9 inquieto, ousado e tem alma de jornalista. O blog, muito bom, tra\u00e7a bem esse perfil.&#8221; <i>(L\u00e9dio Carmona, jornalista esportivo)<\/i><\/p>\n<p>&#8220;Realizar um blog sobre carnaval \u00e9 um ato her\u00f3ico de dedica\u00e7\u00e3o! Parab\u00e9ns&#8221; <i>(Felipe Ferreira, pesquisador de carnaval)<\/i><\/p>\n<p>&#8220;A m\u00eddia prefere as roupas pretas e a pirotecnia do que o pensamento e a l\u00f3gica. Voc\u00ea, como cidad\u00e3o, est\u00e1 agindo diferente.&#8221; <i>(Luiz Alexandre, Major da Pol\u00edcia Militar do Rio de Janeiro)<\/i><\/p>\n<p>&#8220;Elogia o trabalho que venho desenvolvendo aqui e no Galeria do Samba e pede que o Minist\u00e9rio P\u00fablico veja o que ocorre nas escolas de samba.&#8221; <i>(Luis Fernando Reis, carnavalesco, que deu sua entrevista em \u00e1udio)<\/i><\/p>\n<p>&#8220;Um chato (risos)&#8230; Brincadeira.<\/p>\n<p>S\u00f3 \u00e9 chato falando de futebol, voc\u00ea \u00e9 uma pessoa que considero muito, inteligente, que corre atr\u00e1s das coisas importantes para sua vida e muito amigo dos seus amigos. Al\u00e9m de saber levar a vida com muito bom humor j\u00e1 que sempre brincam com voc\u00ea e voc\u00ea n\u00e3o fica irritado, s\u00f3 me aborrece quando comenta futebol (risos).<\/p>\n<p>Finalizando eu que agrade\u00e7o o espa\u00e7o e a oportunidade da entrevista para um blog que j\u00e1 contribu\u00ed humildemente algumas vezes e fico feliz em ver que est\u00e1 crescendo tanto.&#8221; <i>(Aloisio Villar, compositor e hoje colunista do blog)<\/i><\/p>\n<p>&#8220;Parab\u00e9ns pelo blog. Aqui tem umas coisas muito chiques (politica internacional, comportamento e etc) e sempre com um texto muito bom. Pena que pintou essa entrevista esculhambada com esse tal de Vitor, que como diria o Cel. Nascimento, \u00e9 um fanfarr\u00e3o!&#8221; <i>(V\u00edtor Monteiro, presidente de ala e petroleiro)<\/i><\/p>\n<p>&#8220;Somos amigos via internet, fi\u00e9is da mesma religi\u00e3o &#8211; o carnaval, e sofredores pela mesma causa, o Flamengo. Gente assim est\u00e1 condenada a ser melhor qualidade.&#8221; <i>(Aydano Andr\u00e9 Motta, jornalista)<\/i><\/p>\n<p>&#8220;Eu \u00e9 que agrade\u00e7o pela oportunidade. Acho que o &#8220;Ouro de Tolo&#8221; se parece muito com o &#8220;A Mil Por Hora&#8221; porque n\u00e3o se resume a varia\u00e7\u00f5es de um mesmo tema. Fala de tudo, sobre tudo, com conte\u00fado, informa\u00e7\u00e3o e principalmente opini\u00e3o. Em tempos onde as pessoas normalmente ignoram o ponto de vista alheio, ter uma vis\u00e3o ampla e sobretudo firme dos fatos e acontecimentos \u00e9 fundamental.&#8221; (<i>Rodrigo Mattar, jornalista especializado em automobilismo)<\/i><\/p>\n<p>&#8220;Um prazer reencontrar o amigo. Trocas de experi\u00eancias e estabelecimento de v\u00ednculos de amizade com leitores s\u00e3o alguns dos momentos legais desta nossa profiss\u00e3o.&#8221; <i>(Jorge Luiz Rodrigues, jornalista esportivo)<\/i><\/p>\n<p>&#8220;Conhe\u00e7o pouco o Pedro, mas o que conhe\u00e7o \u00e9 distinto &#8211; torce pelo Flamengo, gosta do PT e \u00e9 amigo do L\u00e9dio Carmona, meu primeiro chefe. O Ouro de Tolo? S\u00f3 sei que merece a leitura.&#8221; (<i>Gustavo Poli, editor chefe do Globoesporte.com)<\/i><\/p>\n<p>&#8220;O autor de Ouro de Tolo n\u00e3o poderia ser algu\u00e9m mais diferente de mim: flamenguista, homem de f\u00e9, petista &#8230; e exatamente por isso estabeleci com ele um la\u00e7o de afeto e amizade que talvez n\u00e3o fosse t\u00e3o forte com algu\u00e9m que espelhasse todos os meus conceitos. N\u00e3o h\u00e1 amadurecimento ou crescimento sem troca, e n\u00e3o h\u00e1 troca com quem pensa igual \u00e0 gente. O fundamental \u00e9 que o di\u00e1logo n\u00e3o carregue preconceitos. Sem intoler\u00e2ncias, qualquer ideia contr\u00e1ria vai apenas nos enriquecer. Por isso, o Ouro de Tolo \u00e9 hoje leitura obrigat\u00f3ria para mim.&#8221; <i>(Milly Lacombe, jornalista multim\u00eddia)<\/i><\/p>\n<\/div>\n","protected":false},"excerpt":{"rendered":"<p>Uma das se\u00e7\u00f5es recentes do Ouro de Tolo, criada neste segundo ano de vida, \u00e9 a &#8220;Jogo Misto&#8221;. Tratam-se de entrevistas com formadores de opini\u00e3o,Tour Details<\/p>\n","protected":false},"author":2,"featured_media":0,"comment_status":"open","ping_status":"open","sticky":false,"template":"","format":"standard","meta":{"footnotes":""},"categories":[289],"tags":[121],"class_list":["post-11479","post","type-post","status-publish","format-standard","hentry","category-pedro-migao","tag-blog"],"_links":{"self":[{"href":"http:\/\/www.pedromigao.com.br\/ourodetolo\/wp-json\/wp\/v2\/posts\/11479","targetHints":{"allow":["GET"]}}],"collection":[{"href":"http:\/\/www.pedromigao.com.br\/ourodetolo\/wp-json\/wp\/v2\/posts"}],"about":[{"href":"http:\/\/www.pedromigao.com.br\/ourodetolo\/wp-json\/wp\/v2\/types\/post"}],"author":[{"embeddable":true,"href":"http:\/\/www.pedromigao.com.br\/ourodetolo\/wp-json\/wp\/v2\/users\/2"}],"replies":[{"embeddable":true,"href":"http:\/\/www.pedromigao.com.br\/ourodetolo\/wp-json\/wp\/v2\/comments?post=11479"}],"version-history":[{"count":0,"href":"http:\/\/www.pedromigao.com.br\/ourodetolo\/wp-json\/wp\/v2\/posts\/11479\/revisions"}],"wp:attachment":[{"href":"http:\/\/www.pedromigao.com.br\/ourodetolo\/wp-json\/wp\/v2\/media?parent=11479"}],"wp:term":[{"taxonomy":"category","embeddable":true,"href":"http:\/\/www.pedromigao.com.br\/ourodetolo\/wp-json\/wp\/v2\/categories?post=11479"},{"taxonomy":"post_tag","embeddable":true,"href":"http:\/\/www.pedromigao.com.br\/ourodetolo\/wp-json\/wp\/v2\/tags?post=11479"}],"curies":[{"name":"wp","href":"https:\/\/api.w.org\/{rel}","templated":true}]}}