{"id":11070,"date":"2012-04-29T09:51:00","date_gmt":"2012-04-29T11:51:00","guid":{"rendered":"http:\/\/www.pedromigao.com.br\/ourodetolo\/2012\/04\/orun-aye-o-livro-do-boni\/"},"modified":"2012-04-29T09:51:00","modified_gmt":"2012-04-29T11:51:00","slug":"orun-aye-o-livro-do-boni","status":"publish","type":"post","link":"http:\/\/www.pedromigao.com.br\/ourodetolo\/2012\/04\/orun-aye-o-livro-do-boni\/","title":{"rendered":"Orun Ay\u00e9 &#8211; &quot;O Livro do Boni&quot;"},"content":{"rendered":"<div><a href=\"http:\/\/3.bp.blogspot.com\/-tGhhtW7hXU8\/T5hw_ikPZTI\/AAAAAAAAEp8\/XINCu-cmLds\/s1600\/livro_boni_6dez.jpg\" imageanchor=\"1\"><img loading=\"lazy\" decoding=\"async\" border=\"0\" height=\"480\" oda=\"true\" src=\"http:\/\/www.pedromigao.com.br\/ourodetolo\/wp-content\/uploads\/2012\/04\/livro_boni_6dez.jpg\" width=\"640\"><\/a><\/div>\n<p><span><span><\/span><\/span><\/p>\n<div>Neste domingo <strong>a coluna &#8220;Orun Ay\u00e9&#8221;, do compositor Aloisio Villar<\/strong>, traz resenha de livro que tamb\u00e9m li recentemente e que por absoluta falta de tempo acabei n\u00e3o escrevendo sobre: a biografia de Jos\u00e9 Bonif\u00e1cio de Oliveira Sobrinho, o Boni. A meu ver \u00e9 um document\u00e1rio indispens\u00e1vel para se entender n\u00e3o somente a hist\u00f3ria da televis\u00e3o brasileira, mas tamb\u00e9m a da publicidade e do r\u00e1dio.<\/p>\n<p>Apesar de cair bastante em seu ter\u00e7o final &#8211; e a hist\u00f3ria de sua sa\u00edda da Globo \u00e9 contada de maneira bastante superficial &#8211; \u00e9 leitura obrigat\u00f3ria para aqueles que se interessam pela televis\u00e3o brasileira e em especial pela Rede Globo de Televis\u00e3o. Tamb\u00e9m possui o m\u00e9rito hist\u00f3rico de pela primeira vez haver a admiss\u00e3o por parte de algu\u00e9m interno de que a emissora ajudou Fernando Collor n\u00e3o somente no c\u00e9lebre debate do segundo turno como na campanha em si do candidato.<\/p>\n<p>Vamos ao post. <a href=\"http:\/\/www.travessa.com.br\/O_LIVRO_DO_BONI\/artigo\/ebbee21e-f24c-4d9c-8d2e-0029fe529215\" target=\"_blank\">O livro pode ser comprado neste link<\/a>.<\/p>\n<p><strong><em>O Livro do Boni<\/em><\/strong><\/div>\n<div><\/div>\n<div>Estou escrevendo essa coluna com certa anteced\u00eancia por estar viajando. Ent\u00e3o, se aconteceu alguma \u201cbomba\u201d na \u00faltima semana n\u00e3o tive como colocar na coluna, nem mesmo se o mundo acabou deu tempo de relatar. Mas prometo que se for um dos sobreviventes do Armaggedon eu escrevo sobre ele semana que vem. <em>[N.do.E.: o Armaggedon n\u00e3o houve, mas espero que\u00a0o colunista\u00a0tenha sobrevivido aos rod\u00edzios de massa e frango do bairro curitibano de Santa Felicidade&#8230;]<\/em><\/div>\n<div><\/div>\n<div>Essa \u00e9 uma coluna encomendada pelo Mig\u00e3o, mas que eu tamb\u00e9m j\u00e1 pensava em escrever. \u00c9 sobre um personagem muito interessante n\u00e3o somente da televis\u00e3o como do Brasil.<\/p>\n<p>Escrevo hoje sobre Jos\u00e9 Bonif\u00e1cio de Oliveira Sobrinho, o Boni. Entretanto escrevo tamb\u00e9m sobre como podemos passar a gostar de alguns personagens depois que conhecemos a fundo suas hist\u00f3rias e principalmente que o livro de nossas vidas somos n\u00f3s que escrevemos &#8211; e a qualidade dele depende \u00fanica e exclusivamente da gente.<\/p>\n<p>Que eu me lembre rapidamente ocorreu duas vezes comigo de conhecer mais a hist\u00f3ria de algu\u00e9m e virar f\u00e3.<\/p>\n<p>A primeira quando vi o document\u00e1rio feito pelo \u201ccasseta\u201d Claudio Manuel chamado \u201cNingu\u00e9m sabe o duro que dei\u201d sobre a vida do cantor Wilson Simonal. N\u00e3o era f\u00e3 do Simonal, n\u00e3o conhecia a fundo sua vida, s\u00f3 sabia aquilo que todo mundo falava, que era dedo duro e foi afastado da vida art\u00edstica por isso. At\u00e9 hoje n\u00e3o sei se o Simonal foi ou n\u00e3o dedo duro, tendo a acreditar nele pelos relatos, mas virei f\u00e3 do artista que era impressionante. Sua emposta\u00e7\u00e3o de voz, seu dom\u00ednio de p\u00fablico, a beleza que dava \u00e0s can\u00e7\u00f5es com sua voz. Um monstro, um mito e hoje sou muito f\u00e3 dele.<\/p>\n<p>Assim como sabia pouco do Boni, s\u00f3 que ele foi um cara \u201cgrand\u00e3o\u201d na Globo, mas n\u00e3o sabia nem como ele chegara l\u00e1.<\/p>\n<p>Seu livro foi lan\u00e7ado ano passado com grande estardalha\u00e7o e como eu sempre gostei de biografias fiquei curioso em ler. Namorei por um tempo com o livro quando passeava em shoppings e passava em livrarias, mas achava caro para meu bolso e deixava passar. O curioso \u00e9 que o livro foi a primeira coisa que comprei depois que recebi o dinheiro pelos direitos do samba da Uni\u00e3o da Ilha do carnaval 2012, foi sem querer. N\u00e3o foi intencional que fosse a primeira coisa e s\u00f3 me toquei agora. Vai ver era essa enorme vontade de ler.<\/p>\n<p>N\u00e3o me arrependi.<\/p>\n<p>O livro tem um pouco mais de 450 p\u00e1ginas e conta toda sua vida desde o seu nascimento em Osasco, cidade de S\u00e3o Paulo at\u00e9 os dias de hoje como diretor e s\u00f3cio da TV Vanguarda, afiliada da Rede Globo que atende parte do interior paulista.<\/p>\n<p>Boni \u00e9 o resultado de uma soma que \u00e9 fundamental para o sucesso de qualquer ser humano em qualquer \u00e1rea: talento com a for\u00e7a de vontade. O talento o brasileiro j\u00e1 tinha visto, mas a for\u00e7a de vontade foi contada nesse livro, quando desde os quinze anos de idade ele corria atr\u00e1s das pessoas que trabalhavam em r\u00e1dios, tvs ou \u00e1rea de publicidade para aprender, observar e poder assim abrir seu caminho.<\/p>\n<p>Com quinze anos no Rio conseguiu virar estagi\u00e1rio de Dias Gomes na R\u00e1dio Clube do Brasil e pouco tempo depois estava em S\u00e3o Paulo trabalhando com Manoel de N\u00f3brega na filial da R\u00e1dio Nacional na capital. Rodou por diversar r\u00e1dios, televis\u00f5es, foi diretor da gravadora RGE &#8211; sendo um dos que lan\u00e7aram a cantora Maysa &#8211; e trabalhou na publicidade sendo o letrista do famoso jingle da Varig e da express\u00e3o \u201cVarig, varig, varig..\u201d.<\/p>\n<p>Pegou experi\u00eancia de tal forma que com trinta anos de idade j\u00e1 era disputado por emissoras de televis\u00e3o e parou na TV Globo, canal 4 do Rio de Janeiro. At\u00e9 ent\u00e3o uma emissora nova, bancada pela Time Life por um tempo e passando um momento de dificuldades financeiras. \u00c9 preciso nem dizer no que a Globo se transformou depois de sua chegada e como ele entregou a emissora em 1998. A Globo com ele deixou de ser uma tv local e virou uma rede. N\u00e3o s\u00f3 uma rede como a quarta maior rede de televis\u00e3o do mundo.<\/p>\n<p>Podemos ter todas as reclama\u00e7\u00f5es em rela\u00e7\u00e3o a Globo, ideologicamente, a forma como nasceu ou que cresceu, mas de sua qualidade n\u00e3o podemos falar e foi o Boni que implantou essa qualidade. Ele contratou os profissionais que alavancaram a emissora, teve as principais ideias e as menores, mas importantes tamb\u00e9m. Explicando o que disse acima, de sua cabe\u00e7a e da cabe\u00e7a de seu grupo sa\u00edram ideias como transformar a Globo em rede, de uma pessoa no Rio ou em S\u00e3o Paulo ver a mesma coisa, ao mesmo tempo em que algu\u00e9m no Sul ou no Norte.<\/p>\n<p>Desse grupo que ele comandava tamb\u00e9m sa\u00edram o Jornal Nacional, o Fant\u00e1stico e de sua cabe\u00e7a saiu coisa que n\u00e3o parece importante, mas hoje \u00e9 fundamental para quem v\u00ea um filme que \u00e9 no come\u00e7o de cada bloco botar o nome do filme, em que parte est\u00e1 e colocar o \u201cplim plim\u201d para separar o filme do intervalo comercial. <\/p>\n<p>As s\u00e9ries brasileiras como \u201cCarga Pesada\u201d, \u201cMalu Mulher\u201d, a faixa para m\u00fasica e entretenimento como \u201cGlobo de Ouro\u201d, \u201cCassino do Chacrinha\u201d e amor ao carnaval: no livro ele mostra o amor que tem pelas escolas de samba e explica hist\u00f3rias como a Globo n\u00e3o ter transmitido o desfile de 1984.<\/p>\n<p>Acho que a diferen\u00e7a do g\u00eanio para a pessoa comum \u00e9 que o g\u00eanio pensa um segundo antes. O g\u00eanio \u00e9 aquele que tem a atitude que n\u00f3s falamos \u201cclaro, por que n\u00e3o pensamos nisso antes?\u201d. O G\u00eanio \u00e9 o que faz a diferen\u00e7a. Boni fez. Na televis\u00e3o realmente foi um dos g\u00eanios, um dos desbravadores que fizeram a televis\u00e3o brasileira ter a qualidade que tem hoje.<\/p>\n<p>Tornei-me f\u00e3 dele porque gosto de gente assim, gosto de vencedores. Dizem que no Brasil sucesso \u00e9 ofensa, que brasileiro n\u00e3o gosta de quem vence, eu n\u00e3o sou assim: eu gosto at\u00e9 porque esse tipo de gente que vence por seu esfor\u00e7o e talento sempre tem algo para nos ensinar. Por isso gosto do Boni, do Simonal, do Chico Buarque, do Lula, de Muhamad Ali&#8230; Gosto de gente que vai \u00e0 luta e derrota o destino, que mostra que pode ser maior do que aquilo que a vida apresenta.<\/p>\n<p>N\u00e3o dizem que somos n\u00f3s que fazemos nosso caminho? Porque n\u00e3o ent\u00e3o um asfaltado, com \u00e1rvores e flores em volta e que nos leve a um bom lugar?<\/p>\n<p>N\u00e3o \u00e9 s\u00f3 em novela que precisa ser assim. Semana que vem tem mais&#8230; plim, plim. Orun Ay\u00e9!\ufeff\ufeff<\/p><\/div>\n","protected":false},"excerpt":{"rendered":"<p>Neste domingo a coluna &#8220;Orun Ay\u00e9&#8221;, do compositor Aloisio Villar, traz resenha de livro que tamb\u00e9m li recentemente e que por absoluta falta de tempoTour Details<\/p>\n","protected":false},"author":2,"featured_media":0,"comment_status":"open","ping_status":"open","sticky":false,"template":"","format":"standard","meta":{"footnotes":""},"categories":[8],"tags":[12,88,73,125,124,87],"class_list":["post-11070","post","type-post","status-publish","format-standard","hentry","category-orun-aye","tag-cultura","tag-globo","tag-livros","tag-publicidade","tag-radio","tag-televisao"],"_links":{"self":[{"href":"http:\/\/www.pedromigao.com.br\/ourodetolo\/wp-json\/wp\/v2\/posts\/11070","targetHints":{"allow":["GET"]}}],"collection":[{"href":"http:\/\/www.pedromigao.com.br\/ourodetolo\/wp-json\/wp\/v2\/posts"}],"about":[{"href":"http:\/\/www.pedromigao.com.br\/ourodetolo\/wp-json\/wp\/v2\/types\/post"}],"author":[{"embeddable":true,"href":"http:\/\/www.pedromigao.com.br\/ourodetolo\/wp-json\/wp\/v2\/users\/2"}],"replies":[{"embeddable":true,"href":"http:\/\/www.pedromigao.com.br\/ourodetolo\/wp-json\/wp\/v2\/comments?post=11070"}],"version-history":[{"count":0,"href":"http:\/\/www.pedromigao.com.br\/ourodetolo\/wp-json\/wp\/v2\/posts\/11070\/revisions"}],"wp:attachment":[{"href":"http:\/\/www.pedromigao.com.br\/ourodetolo\/wp-json\/wp\/v2\/media?parent=11070"}],"wp:term":[{"taxonomy":"category","embeddable":true,"href":"http:\/\/www.pedromigao.com.br\/ourodetolo\/wp-json\/wp\/v2\/categories?post=11070"},{"taxonomy":"post_tag","embeddable":true,"href":"http:\/\/www.pedromigao.com.br\/ourodetolo\/wp-json\/wp\/v2\/tags?post=11070"}],"curies":[{"name":"wp","href":"https:\/\/api.w.org\/{rel}","templated":true}]}}