{"id":11065,"date":"2012-05-04T08:43:00","date_gmt":"2012-05-04T10:43:00","guid":{"rendered":"http:\/\/www.pedromigao.com.br\/ourodetolo\/2012\/05\/migonianas-culturais\/"},"modified":"2012-05-04T08:43:00","modified_gmt":"2012-05-04T10:43:00","slug":"migonianas-culturais","status":"publish","type":"post","link":"http:\/\/www.pedromigao.com.br\/ourodetolo\/2012\/05\/migonianas-culturais\/","title":{"rendered":"Migonianas Culturais"},"content":{"rendered":"<div><a href=\"http:\/\/1.bp.blogspot.com\/-AMXCDTy20XQ\/T6Lr6bi3eqI\/AAAAAAAAEsQ\/sonZg5-ADlM\/s1600\/memorias-de-uma-guerra-suja.jpg\" imageanchor=\"1\"><img loading=\"lazy\" decoding=\"async\" border=\"0\" height=\"280\" src=\"http:\/\/www.pedromigao.com.br\/ourodetolo\/wp-content\/uploads\/2012\/05\/memorias-de-uma-guerra-suja.jpg\" width=\"640\"><\/a><\/div>\n<p><\/p>\n<div>O\u00a0 leitor deve ter percebido que ando meio sem tempo para escrever sobre alguns assuntos palpitantes &#8211; embora a CPI do Cachoeira e a vergonhosa tentativa de abafar a investiga\u00e7\u00e3o da conduta de certos \u00f3rg\u00e3os de imprensa neste imbroglio estejam na pauta para a semana que vem.\u00a0<\/div>\n<div><\/div>\n<div>Mas hoje quero comentar ainda que rasteiramente algumas not\u00edcias culturais desta \u00faltima semana, inaugurando uma nova se\u00e7\u00e3o neste blog, a &#8220;Migonianas&#8221;.<br \/><b><br \/>Mem\u00f3rias de Uma Guerra Suja<\/b><\/p>\n<p>Sem d\u00favida alguma o lan\u00e7amento liter\u00e1rio que est\u00e1 causando maior repercuss\u00e3o depois do &#8220;Privataria Tucana&#8221; \u00e9 o livro titulado acima &#8211; cuja capa pode ser vista no alto do post. Tratam-se das mem\u00f3rias de um ex-integrantes do aparato de repress\u00e3o policial da Ditadura, que com crises de consci\u00eancia resolveu contar o que sabe. E as revela\u00e7\u00f5es s\u00e3o estarrecedoras.<\/p>\n<p>O leitor mais antigo deste blog sabe que sou a favor de alguma forma de levar ex-torturadores ao banco dos r\u00e9us, como escrevi em outras ocasi\u00f5es. Vale lembrar que ao fim e ao cabo a Anistia acabou sendo muito mais aos torturadores que aos opositores do Regime Militar, pois estes foram presos, cumpriram pena, foram torturados, mortos e exilados. Os algozes continuam flanando por a\u00ed &#8211; a ponto de um deles ser o presidente de fato de uma conhecida agremia\u00e7\u00e3o carnavalesca tendo como apelido o pr\u00f3prio codinome que utilizava como torturador.<\/p>\n<p>Entre outras revela\u00e7\u00f5es, o livro traz que opositores do regime foram incinerados no forno de uma usina de cana de a\u00e7\u00facar em Campos (RJ), que o Delegado Sergio Fleury, um dos maiores carniceiros do regime, foi na verdade assassinado como &#8220;queima de arquivo&#8221; e que Leonel Brizola (abaixo, em foto de \u00e9poca) sofreu duas tentativas de assassinato &#8211; em uma delas com a inten\u00e7\u00e3o de responsabilizar a Igreja Cat\u00f3lica pelo crime. Ainda conta em detalhes o epis\u00f3dio da bomba no Riocentro em 1981.<\/p>\n<p><a href=\"http:\/\/www.travessa.com.br\/MEMORIAS_DE_UMA_GUERRA_SUJA\/artigo\/5327283b-51fe-4235-979c-d82910251953\" target=\"_blank\">Na Livraria da Travessa o livro j\u00e1 se encontra dispon\u00edvel, ao custo de R$ 34<\/a> &#8211; j\u00e1 encomendei meu exemplar. Parece t\u00e3o impressionante como livro sobre a Guerrilha do Araguais que li anos atr\u00e1s, que \u00e9 estarrecedor. Este \u00e9 assunto que deve sempre se relembrar &#8211; para que jamais se repita.<\/div>\n<div><\/div>\n<div><a href=\"http:\/\/1.bp.blogspot.com\/-o6_OscqI6kU\/T6Lr9aHpqtI\/AAAAAAAAEsY\/nQEU5ftY6-g\/s1600\/campanha+das+diretas.jpg\" imageanchor=\"1\"><img loading=\"lazy\" decoding=\"async\" border=\"0\" height=\"426\" src=\"http:\/\/www.pedromigao.com.br\/ourodetolo\/wp-content\/uploads\/2012\/05\/campanha+das+diretas.jpg\" width=\"640\"><\/a><\/div>\n<div><\/div>\n<div><b>Eva Per\u00f3n<\/b><\/p>\n<p>Na \u00faltima quarta feira peguei meio de relance um document\u00e1rio do canal Globonews &#8211; que, ali\u00e1s, quando n\u00e3o quer fazer pol\u00edtica partid\u00e1ria oferece coisas bastante interessantes &#8211; sobre a ex-primeira dama da Argentina Eva Per\u00f3n, apelidada &#8220;Evita&#8221; pelo povo argentino e que morreu precocemente h\u00e1 sessenta anos, v\u00edtima de um c\u00e2ncer.<\/p>\n<p>O programa &#8211; <a href=\"http:\/\/g1.globo.com\/globo-news\/arquivo-n\/videos\/t\/todos-os-videos\/v\/idolatrada-pelas-classes-populares-santa-evita-peron-ainda-e-lembrada-na-argentina\/1929810\/\" target=\"_blank\">que pode ser visto aqui<\/a> &#8211; tem como principal atrativo as imagens de \u00e9poca, que trazem especialmente com\u00edcios com centenas de milhares de pessoas em uma \u00e9poca onde n\u00e3o havia sequer televis\u00e3o, apenas o r\u00e1dio. Sem entrar em ju\u00edzos de valor pol\u00edtico, s\u00e3o impressionantes as demonstra\u00e7\u00f5es de apre\u00e7o pela figura da ent\u00e3o primeira dama, que se transformou em um mito no pa\u00eds platino.<\/p>\n<p>Tamb\u00e9m vale a pena pela hist\u00f3ria do embalsamamento e depois roubo de seu corpo, que seria encontrado na It\u00e1lia e posteriormente entrerrado em Buenos Aires a metros de onde, ironicamente, repousa o sepulcro do general que ordenou o sequestro.<\/p><\/div>\n<div><\/div>\n<div><a href=\"http:\/\/2.bp.blogspot.com\/-n7qAsxewkZw\/T6LtUq8aVmI\/AAAAAAAAEsg\/uVCbOuaWGDs\/s1600\/IMG-20120428-00553.jpg\" imageanchor=\"1\"><img loading=\"lazy\" decoding=\"async\" border=\"0\" height=\"400\" src=\"http:\/\/www.pedromigao.com.br\/ourodetolo\/wp-content\/uploads\/2012\/05\/IMG-20120428-00553.jpg\" width=\"300\"><\/a><\/div>\n<div><\/div>\n<div><b>Ney Matogrosso<\/b><\/p>\n<p>Na nossa faixa musical da semana passada tinha dito que veria o show do cantor Ney Matogrosso na nova casa de shows Miranda, na Lagoa. Estive no \u00faltimo s\u00e1bado.<\/p>\n<p>A casa em si \u00e9 muito mais um bar com m\u00fasica ao vivo que propriamente uma casa de shows. \u00c9 pequena (talvez uns 250 lugares, o que explica os salgados pre\u00e7os de ingressos) e tem toda a arruma\u00e7\u00e3o espacial mais t\u00edpica de um bar. O palco \u00e9 bem pequeno, como se pode tentar ver na (mal tirada) foto acima. Assisti ao show na fila do gargarejo, a uns dois metros do cantor &#8211; que, registre-se: iniciou pontualmente \u00e0s 22:05 conforme anunciado.<\/p>\n<p>O show em si \u00e9 bem legal, passando por v\u00e1rias \u00e9pocas da m\u00fasica brasileira. Ney Matogrosso est\u00e1 em plena forma e possui um dom\u00ednio de palco e de plat\u00e9ia bastante intenso, ainda mais se levando em conta de que \u00e9 um senhor na faixa dos 70 anos &#8211; embora n\u00e3o pare\u00e7a.<\/p>\n<p>Entretanto, h\u00e1 um sen\u00e3o s\u00e9rio: com bis e tudo, dura exata 1 hora e dez minutos de dura\u00e7\u00e3o. Levando-se em conta o que paguei nos ingressos, n\u00e3o valeu a pena &#8211; e nada contra o artista. Outra coisa \u00e9 que a anunciada &#8220;carta de cervejas&#8221; da casa se limitava a Budweiser, Bohemia e Stella Artoais &#8211; ou seja, sem coment\u00e1rios.<\/p>\n<p>Lamentavelmente n\u00e3o consegui fazer nenhum registro em v\u00eddeo, mas leitor: em uma outra casa de espet\u00e1culos, com pre\u00e7os menos salgados, Ney Matogrosso vale muito a pena. A se registrar tamb\u00e9m que n\u00e3o se deve beber e dirigir, mas sem transporte p\u00fablico e sem oferta de t\u00e1xis para o retorno fica complicado&#8230;<\/p><\/div>\n<div><\/div>\n<div><span><i>(Foto de Brizola: <a href=\"http:\/\/www.conversaafiada.com.br\/\" target=\"_blank\">Conversa Afiada<\/a>)<\/i><\/span><\/div>\n","protected":false},"excerpt":{"rendered":"<p>O\u00a0 leitor deve ter percebido que ando meio sem tempo para escrever sobre alguns assuntos palpitantes &#8211; embora a CPI do Cachoeira e a vergonhosaTour Details<\/p>\n","protected":false},"author":2,"featured_media":0,"comment_status":"open","ping_status":"open","sticky":false,"template":"","format":"standard","meta":{"footnotes":""},"categories":[289],"tags":[57,12,73,123,15],"class_list":["post-11065","post","type-post","status-publish","format-standard","hentry","category-pedro-migao","tag-argentina","tag-cultura","tag-livros","tag-migonianas","tag-musica"],"_links":{"self":[{"href":"http:\/\/www.pedromigao.com.br\/ourodetolo\/wp-json\/wp\/v2\/posts\/11065","targetHints":{"allow":["GET"]}}],"collection":[{"href":"http:\/\/www.pedromigao.com.br\/ourodetolo\/wp-json\/wp\/v2\/posts"}],"about":[{"href":"http:\/\/www.pedromigao.com.br\/ourodetolo\/wp-json\/wp\/v2\/types\/post"}],"author":[{"embeddable":true,"href":"http:\/\/www.pedromigao.com.br\/ourodetolo\/wp-json\/wp\/v2\/users\/2"}],"replies":[{"embeddable":true,"href":"http:\/\/www.pedromigao.com.br\/ourodetolo\/wp-json\/wp\/v2\/comments?post=11065"}],"version-history":[{"count":0,"href":"http:\/\/www.pedromigao.com.br\/ourodetolo\/wp-json\/wp\/v2\/posts\/11065\/revisions"}],"wp:attachment":[{"href":"http:\/\/www.pedromigao.com.br\/ourodetolo\/wp-json\/wp\/v2\/media?parent=11065"}],"wp:term":[{"taxonomy":"category","embeddable":true,"href":"http:\/\/www.pedromigao.com.br\/ourodetolo\/wp-json\/wp\/v2\/categories?post=11065"},{"taxonomy":"post_tag","embeddable":true,"href":"http:\/\/www.pedromigao.com.br\/ourodetolo\/wp-json\/wp\/v2\/tags?post=11065"}],"curies":[{"name":"wp","href":"https:\/\/api.w.org\/{rel}","templated":true}]}}