{"id":11063,"date":"2012-05-05T10:53:00","date_gmt":"2012-05-05T12:53:00","guid":{"rendered":"http:\/\/www.pedromigao.com.br\/ourodetolo\/2012\/05\/bissexta-a-revolucao-das-babas\/"},"modified":"2012-05-05T10:53:00","modified_gmt":"2012-05-05T12:53:00","slug":"bissexta-a-revolucao-das-babas","status":"publish","type":"post","link":"http:\/\/www.pedromigao.com.br\/ourodetolo\/2012\/05\/bissexta-a-revolucao-das-babas\/","title":{"rendered":"Bissexta &#8211; &quot;A Revolu\u00e7\u00e3o das Bab\u00e1s&quot;"},"content":{"rendered":"<div><a href=\"http:\/\/2.bp.blogspot.com\/-y3NlLxhr5ng\/T6QkXbFadAI\/AAAAAAAAEs8\/55HdwK_yL7I\/s1600\/adega_Bab%25C3%25A1s.jpg\" imageanchor=\"1\"><img loading=\"lazy\" decoding=\"async\" border=\"0\" height=\"464\" src=\"http:\/\/www.pedromigao.com.br\/ourodetolo\/wp-content\/uploads\/2012\/05\/adega_Bab%25C3%25A1s.jpg\" width=\"640\"><\/a><\/div>\n<p><\/p>\n<div>Em edi\u00e7\u00e3o extra, a<b> coluna &#8220;Bissexta&#8221; de hoje, assinada pelo advogado Walter Monteiro<\/b>, retoma um tema sobre o qual o pr\u00f3prio colunista escreveu tempos atr\u00e1s e que foi tema de uma reportagem no m\u00ednimo ins\u00f3lita do site &#8220;G1&#8221; semana passada: a mudan\u00e7a do perfil das bab\u00e1s.<\/p>\n<p>Digo que a reportagem \u00e9 ins\u00f3lita porque a mat\u00e9ria traz algumas declara\u00e7\u00f5es inacredit\u00e1veis de patroas, na linha do preconceito puro. \u00c9 um bom retrato de qu\u00e3o abjeta nossa elite pode ser.<\/p>\n<p><i><b>A Revolu\u00e7\u00e3o das Bab\u00e1s<\/b><\/i><\/p>\n<p>Eu tinha uma adega para climatizar vinhos. Uma frescura, do tempo em que eu achava o m\u00e1ximo gastar uma pequena fortuna em doses de 750 ml. Ela sempre ficou na sala, uma exibi\u00e7\u00e3o tola para os que me visitavam e me ajudavam a derreter centenas de reais em l\u00edquidos caros. A minha mulher sempre implicou com aquele monstrengo negro com term\u00f4metro digital, resolvi transferi-lo para nossa casa em Canela, para n\u00e3o atrapalhar o engatinhar de nossas filhas g\u00eameas.<\/p>\n<p>O que j\u00e1 era tolo tornou-se ent\u00e3o in\u00fatil. Para que serve uma adega climatizadora quando a temperatura ambiente \u00e9 semelhante, sen\u00e3o mais baixa? Meu vizinho de condom\u00ednio me convidou para visitar a casa dele depois da reforma, estava todo orgulhoso de uma adega em madeira que tinha mandado fazer, que mesclava nichos para armazenar os vinhos e gavetas para acondicionar as cervejas \u2013 porque, como bem sabe o Editor Chefe, cerveja est\u00e1 na moda, n\u00e3o pega bem deix\u00e1-las misturadas com sacos de arroz na despensa. Fiquei com muita inveja, chamei o marceneiro, mandei copiar. <\/p>\n<p>Quando ficou pronta, a\u00ed mesmo \u00e9 que a adega climatizadora se tornou um fardo na minha sala. Queria me livrar dela correndo, olhei para a bab\u00e1 das minhas filhas e perguntei: voc\u00ea quer essa adega para voc\u00ea? <\/p>\n<p>Ela quis.<\/p>\n<p>Uma adega de vinhos para uma bab\u00e1? E desde quando uma bab\u00e1 toma vinhos \u00e0 temperatura ideal?<\/p>\n<p>Se o leitor est\u00e1 se fazendo essas perguntas \u00e9 porque n\u00e3o tem filhos pequenos. As bab\u00e1s desses anos 10 s\u00e3o muito, mas muito diferentes mesmo de todo o estere\u00f3tipo ao redor dos servi\u00e7os dom\u00e9sticos a que nos acostumamos. <\/p>\n<p>Como temos duas filhas g\u00eameas de um ano, compromissos profissionais bem s\u00e9rios e nenhum parente a menos de 1.500 km de dist\u00e2ncia, n\u00f3s simplesmente n\u00e3o conseguimos viver sem bab\u00e1s. Temos um time de tr\u00eas bab\u00e1s e nos submetemos \u00e0 vontade soberana delas. <\/p>\n<p>A principal, que trabalha durante a semana, faz um g\u00eanero mais convencional: \u00e9 uma senhora, av\u00f3 de tr\u00eas netos, sem muitas perspectivas na vida al\u00e9m do servi\u00e7o dom\u00e9stico. Chega segunda feira pela manh\u00e3, vai embora quarta \u00e0s 18 horas, volta na quinta \u00e0 tarde, sai sexta-feira \u00e0s 18h. Tem carteira assinada, ganha mais que os advogados iniciantes do meu escrit\u00f3rio. Nas 4as feiras e finais de semana, entram as suas substitutas. Uma delas, uma futura colega minha, uma estudante de direito, que de 2\u00aa a 6\u00aa trabalha em um escrit\u00f3rio de advocacia.<\/p>\n<p>E a outra, a que herdou a adega, \u00e9 um caso \u00e0 parte. <\/p>\n<p>Logo que ela foi contratada eu a surpreendi no notebook enquanto minhas filhas dormiam. N\u00e3o era o meu notebook: era o dela, por sinal mais novo que o meu. \u00a0Perguntei se ela queria a senha do wi-fi. Ela disse que n\u00e3o precisava, estava apenas revisando uns relat\u00f3rios da escola onde trabalha no hor\u00e1rio comercial \u2013 n\u00e3o resisti e dei uma bisbilhotada de leve, realmente eram umas planilhas em Excel.<\/p>\n<p>Descobri que ela \u00e9 formada em pedagogia pela Universidad Cat\u00f3lica do Chile (onde, suponho, adquiriu o gosto por vinhos bons). E que a filha, de 19 anos, estuda na PUC de Porto Alegre, a faculdade mais cara da cidade.<\/p>\n<p>E eu n\u00e3o via a hora de me livrar da adega: trouxe de Canela na mala do carro, aproveitando que o carrinho das beb\u00eas n\u00e3o estava ali. Perguntei se ela queria que eu entregasse na casa dela \u00e0 noite, ela agradeceu, porque desconfiava que a encomenda n\u00e3o caberia na mala do carro dela \u2013 carro dela? Eu nem sabia que ela vinha trabalhar de carro. Imaginei que fosse um carro velhinho.<\/p>\n<p>Eu, acostumado com prestadores de servi\u00e7o que moram longe, morri de medo dela morar no &#8216;caixa prego&#8217;, mas o endere\u00e7o era de um bairro de classe m\u00e9dia, a 15 minutos da minha casa. Coincidiu de eu chegar l\u00e1 quase junto com ela: vi que ela tinha um Peugeot 207, relativamente novo, morava em um dos melhores edif\u00edcios da rua. Chamou o porteiro para carregar a adega para a casa dela e se despediu.<\/p>\n<p>Eu li na Internet uma extensa reportagem de patroas se queixando do que chamaram de \u201ccrise das bab\u00e1s\u201d, a mesma a qual o Editor Chefe se referiu na introdu\u00e7\u00e3o desta coluna. A presidente do sindicato delas rebateu lembrando que bab\u00e1 n\u00e3o falta, o que anda em falta \u00e9 escravo. <\/p>\n<p>Est\u00e1 certa a ilustre sindicalista. Hoje, se o leitor quiser ter uma bab\u00e1, esteja preparado: vai custar car\u00edssimo e a rela\u00e7\u00e3o com ela vai ser muito diferente do padr\u00e3o \u201cpatroa-empregada\u201d, pois o n\u00edvel cultural das bab\u00e1s \u00e9 elevado, o padr\u00e3o de consumo \u00e9 semelhante ao dos donos da casa e a atividade se tornou uma alternativa para gente instru\u00edda que quer simplesmente ganhar mais do que se paga em empregos convencionais.<\/p>\n<p>No fundo eu ainda preciso me dar por satisfeito por morar em Porto Alegre. M\u00eas passado recebi uma visita de uma advogada de S\u00e3o Paulo, cuja irm\u00e3 tinha acabado de ter filhos g\u00eameos. A fam\u00edlia estava apavorada, porque para cuidar de g\u00eameos em tempo integral, s\u00f3 encontravam enfermeiras que cobravam de R$ 5 mil para cima. A m\u00e3e decidiu largar o emprego at\u00e9 que os beb\u00eas possam adquirir uma certa independ\u00eancia, l\u00e1 pelos 5 ou 6 anos.<\/p>\n<p>O ritmo, amigos, mudou. <\/p><\/div>\n","protected":false},"excerpt":{"rendered":"<p>Em edi\u00e7\u00e3o extra, a coluna &#8220;Bissexta&#8221; de hoje, assinada pelo advogado Walter Monteiro, retoma um tema sobre o qual o pr\u00f3prio colunista escreveu tempos atr\u00e1sTour Details<\/p>\n","protected":false},"author":2,"featured_media":0,"comment_status":"open","ping_status":"open","sticky":false,"template":"","format":"standard","meta":{"footnotes":""},"categories":[38],"tags":[27,6],"class_list":["post-11063","post","type-post","status-publish","format-standard","hentry","category-bissexta","tag-sociedade","tag-vida-cotidiana"],"_links":{"self":[{"href":"http:\/\/www.pedromigao.com.br\/ourodetolo\/wp-json\/wp\/v2\/posts\/11063","targetHints":{"allow":["GET"]}}],"collection":[{"href":"http:\/\/www.pedromigao.com.br\/ourodetolo\/wp-json\/wp\/v2\/posts"}],"about":[{"href":"http:\/\/www.pedromigao.com.br\/ourodetolo\/wp-json\/wp\/v2\/types\/post"}],"author":[{"embeddable":true,"href":"http:\/\/www.pedromigao.com.br\/ourodetolo\/wp-json\/wp\/v2\/users\/2"}],"replies":[{"embeddable":true,"href":"http:\/\/www.pedromigao.com.br\/ourodetolo\/wp-json\/wp\/v2\/comments?post=11063"}],"version-history":[{"count":0,"href":"http:\/\/www.pedromigao.com.br\/ourodetolo\/wp-json\/wp\/v2\/posts\/11063\/revisions"}],"wp:attachment":[{"href":"http:\/\/www.pedromigao.com.br\/ourodetolo\/wp-json\/wp\/v2\/media?parent=11063"}],"wp:term":[{"taxonomy":"category","embeddable":true,"href":"http:\/\/www.pedromigao.com.br\/ourodetolo\/wp-json\/wp\/v2\/categories?post=11063"},{"taxonomy":"post_tag","embeddable":true,"href":"http:\/\/www.pedromigao.com.br\/ourodetolo\/wp-json\/wp\/v2\/tags?post=11063"}],"curies":[{"name":"wp","href":"https:\/\/api.w.org\/{rel}","templated":true}]}}