{"id":11062,"date":"2012-05-06T09:50:00","date_gmt":"2012-05-06T11:50:00","guid":{"rendered":"http:\/\/www.pedromigao.com.br\/ourodetolo\/2012\/05\/orun-aye-senna-e-o-brasil\/"},"modified":"2012-05-06T09:50:00","modified_gmt":"2012-05-06T11:50:00","slug":"orun-aye-senna-e-o-brasil","status":"publish","type":"post","link":"http:\/\/www.pedromigao.com.br\/ourodetolo\/2012\/05\/orun-aye-senna-e-o-brasil\/","title":{"rendered":"Orun Ay\u00e9 &#8211; &quot;Senna e o Brasil&quot;"},"content":{"rendered":"<div><a href=\"http:\/\/4.bp.blogspot.com\/-JnEes1AvdbQ\/T6QkVWFwRwI\/AAAAAAAAEs0\/QeMVLr_rAGQ\/s1600\/Ayrton-Senna-Toleman-TG184-2-F1-22.jpg\" imageanchor=\"1\"><img loading=\"lazy\" decoding=\"async\" border=\"0\" height=\"426\" src=\"http:\/\/www.pedromigao.com.br\/ourodetolo\/wp-content\/uploads\/2012\/05\/Ayrton-Senna-Toleman-TG184-2-F1-22.jpg\" width=\"640\"><\/a><\/div>\n<p><\/p>\n<div>Na <b>coluna &#8220;Orun Ay\u00e9&#8221; de hoje, o compositor Aloisio Villar<\/b> faz um exerc\u00edcio analisando este mito em que se transformou o piloto Ayrton Senna e as causas desta sua &#8220;santifica\u00e7\u00e3o&#8221; no imagin\u00e1rio popular.<\/p>\n<p>Por meu turno, como escrevi esta semana no Twitter, umas das coisas que mais me irritam \u00e9 o ex\u00e9rcito de &#8220;vi\u00favas&#8221; do piloto que infestam a televis\u00e3o e a internet a cada 1\u00ba de Maio, em um culto totalmente depropositado. Senna era um grande piloto &#8211; a meu ver longe de ser o melhor de todos, mas isto \u00e9 discut\u00edvel, assumo &#8211; que tinha qualidades e defeitos como qualquer ser humano. Para quem gosta de automobilismo como eu \u00e9 um porre esta histeria coletiva em torno da imagem do brasileiro.<\/p>\n<p>Vale lembrar, tamb\u00e9m, que as pessoas reclamam dos privil\u00e9gios que Schumacher e Alonso tem na Ferrari sobre pilotos brasileiros, mas que Senna fez igualzinho &#8211; Berger que o diga&#8230; Passemos ao texto.<\/p>\n<p><i><b>O Brasil e Senna<\/b><\/i><\/p>\n<p>Tentei passar por essa data como quem n\u00e3o quer nada: mas n\u00e3o tem jeito. O Brasil n\u00e3o deixa esquecer que 1\u00b0 de maio \u00e9 anivers\u00e1rio de morte de Ayrton Senna.\u00a0\u00a0 <\/p>\n<p>Ano passado nessa data escrevi e falei de Senna comparando com a morte de Osama Bin Laden e como cada povo v\u00ea a morte dentro daquilo que ele considera importante: EUA guerras, Brasil esportes. Hoje toco no assunto Senna por outro \u00e2ngulo.<\/p>\n<p>Nesse anivers\u00e1rio de morte circulou uma montagem com o Senna saindo ileso do carro da Willians ap\u00f3s o acidente, imagem que todos n\u00f3s torcemos muito para ver naquela manh\u00e3 de domingo e invariavelmente veio na mente de quem viu a montagem a pergunta: \u201ce se&#8230;\u201d<\/p>\n<p>N\u00e3o sou muito partid\u00e1rio do \u201cse\u201d: eu tenho a tese que se Ad\u00e3o fosse gay e n\u00e3o tocasse na Eva ser\u00edamos todos protozo\u00e1rios hoje. Todavia \u00e9 inevit\u00e1vel fazer um exerc\u00edcio de \u201cfuturologia\u201d, acho que todos j\u00e1 se pegaram pensando em algum momento em como teria sido o futuro do Senna.<\/p>\n<p>N\u00e3o vi os autores nem o nome do livro porque peguei a mat\u00e9ria na metade, mas dois escritores resolveram fazer um livro contando o \u201cfuturo\u201d de Ayrton Senna e foram falar sobre a obra no programa \u201cLinha de Chegada\u201d do Reginaldo Leme no SPORTV. Achei a tese t\u00e3o \u201cmaion\u00e9sica\u201d que me interessou e deu vontade de ler.<\/p>\n<p>Pela tese deles Ayrton teria sido campe\u00e3o mundial em 1994, repetiria a dose em 1995 e se transferiria para a Ferrari em 1996. Todos sabiam do sonho de Senna em pilotar a Ferrari, mas n\u00e3o tinha ido ainda pela escuderia n\u00e3o estar preparada na \u00e9poca; ent\u00e3o ele iria em 1996, ano onde quem foi na verdade foi Michael Schumacher.<\/p>\n<p>Seria campe\u00e3o em 1996 <i>[N.do.E.: com aquela Ferrari, nem Jesus Cristo seria]<\/i> e com o hexacampeonato abandonaria a F1. Schumacher e Barrichello seriam companheiros de equipe, mas na McLaren e gra\u00e7as ao prest\u00edgio adquirido Senna seria presidente da FIA. Em sua gest\u00e3o o Brasil ganharia outro GP, o GP das Am\u00e9ricas disputado nas ruas do Rio de Janeiro e depois ele passaria o bast\u00e3o da FIA para Jean Todd, ex chef\u00e3o da Ferrari e que hoje \u00e9 realmente o presidente da FIA.<\/p>\n<p>Esse \u00e9 o exerc\u00edcio deles, eu nesses anos fiz outros. N\u00e3o sei se ele seria campe\u00e3o em 1994, estava muito atr\u00e1s de Schumacher na pontua\u00e7\u00e3o, tudo bem que Damon Hill na ocasi\u00e3o da morte tamb\u00e9m n\u00e3o tinha pontuado e quase foi campe\u00e3o, mas cada caso \u00e9 um caso <i>[N.do.E.: aqui vale lembrar que Hill s\u00f3 chegou nas \u00faltimas etapas com chances gra\u00e7as a algumas decis\u00f5es discut\u00edveis da FIA]<\/i>.<\/p>\n<p>Mas acho que Senna teria sido mais vezes campe\u00e3o. Duas, tr\u00eas, n\u00e3o sei, mas teria sido e para mim viraria empres\u00e1rio, talvez tendo sua escuderia de F1, falindo como Alain Prost e quem sabe virando comentarista de F1 na Globo no lugar do Luciano Burti.<\/p>\n<p>Mas principalmente, seja no caso de futurologia do livro, o meu, de qualquer um ocorreria o mais importante: Senna seria um ser humano.<\/p>\n<p>Porque n\u00e3o \u00e9 o que ocorre hoje. Senna foi um extraordin\u00e1rio piloto, um excelente atleta, para muitos o maior piloto de automobilismo que j\u00e1 existiu, mas \u00e9 um cara que n\u00e3o envelheceu como todo ser humano &#8211; seja g\u00eanio ou n\u00e3o. N\u00e3o envelheceu, n\u00e3o entrou em decl\u00ednio. Senna n\u00e3o tomou voltas nem perdeu cargos para pilotos mais jovens. N\u00e3o deixou a F1 e voltou alguns anos depois perdendo espa\u00e7o para um garoto, como no caso do Schumacher. <\/p>\n<p>Usando como exemplo outro esportista brasileiro genial: n\u00f3s n\u00e3o vimos o seu decl\u00ednio esportivo e f\u00edsico como vimos de Gustavo Kuerten, que foi o melhor do mundo em um esporte que o Brasil era nada e voltou a ser nada depois dele, mas que n\u00e3o foi muito maior devido seu lado f\u00edsico e n\u00f3s vimos sua decad\u00eancia.<\/p>\n<p>A morte transformou Ayrton Senna em um her\u00f3i do n\u00edvel de Tiradentes e Zumbi dos Palmares, sendo que tudo que ele fez foi com seu imenso talento aproveitar as in\u00fameras oportunidades que teve. Nasceu em fam\u00edlia rica e sempre teve apoio dessa fam\u00edlia e desse dinheiro, l\u00f3gico que tem seus m\u00e9ritos porque muitos tiveram essas oportunidades e dinheiro e n\u00e3o aproveitaram. Contudo n\u00e3o podemos chamar o Senna de um cara que sofreu e suou pra ser algu\u00e9m. <\/p>\n<p>Tem gente que praticamente considera o Senna um Messias, o reinventor do Cristianismo, um cara sem defeitos &#8211; e n\u00e3o era assim. Ayrton tinha qualidades e defeitos como qualquer pessoa, arrumou muitos inimigos na F1, fez manobras que n\u00e3o orgulham ningu\u00e9m (inclusive valendo t\u00edtulo mundial) e tinha posi\u00e7\u00f5es pol\u00edticas muito complexas como ser eleitor e defensor ferrenho de Paulo Maluf.<\/p>\n<p>Nesse exerc\u00edcio de futurologia penso o que suas convic\u00e7\u00f5es pol\u00edticas teriam feito com ele, ser\u00e1 que suas posi\u00e7\u00f5es, seu modo de pensar n\u00e3o poderiam prejudic\u00e1-lo no futuro? <\/p>\n<p>No auge de sua carreira nada dava certo no pa\u00eds, seja no futebol, economia, pol\u00edtica e isso ajudou na idolatria a Senna porque ele era o Brasil que dava certo e as pessoas seguiam tanto essa idolatria que mesmo suas controversas posi\u00e7\u00f5es pol\u00edticas n\u00e3o importavam.<\/p>\n<p>Mas o Brasil mudou.<\/p>\n<p>Em 1994 mesmo o futebol se recuperou &#8211; sendo campe\u00e3o mundial depois de 24 anos e repetindo a dose em 2002. O pa\u00eds melhorou. Em 1994 surgiu o plano Real que estabilizou a economia e acabou com a infla\u00e7\u00e3o. Fernando Henrique Cardoso foi eleito e em seus oito anos de governo manteve o controle inflacion\u00e1rio.<\/p>\n<p>E em 2002 Lula foi eleito mantendo a economia forte e melhorando os aspectos sociais, melhorias que continuam no governo Dilma.<\/p>\n<p>O Brasil de hoje \u00e9 mais maduro, mais s\u00f3lido que o Brasil de Ayrton Senna. Hoje uma pessoa da classe C \u00e9 capaz de ter tv de LCD e viajar de avi\u00e3o&#8230; \u00c9 evidente que as dificuldades s\u00e3o muitas ainda, a corrup\u00e7\u00e3o parece impregnada em nossa alma, mas hoje o Brasil mostra ao mundo for\u00e7a e estabilidade enquanto a Europa pede socorro. Nossa democracia \u00e9 s\u00f3lida como n\u00e3o era na primeira vit\u00f3ria de Ayrton Senna em 21 de abril de 1985 no circuito de Estoril em Portugal. Data da morte de Tancredo Neves.<\/p>\n<p>Ayrton Senna n\u00e3o foi her\u00f3i, n\u00e3o era acima do bem e do mal nem andou com sua McLaren sobre as \u00e1guas. Ayrton Senna foi um excepcional atleta, um homem com extremo talento e um motivo de orgulho e felicidade para um pa\u00eds que necessitava de vencedores e alegrias. Senna por muitos anos foi o \u00fanico motivo de alegria de nosso povo. Pessoalmente tenho \u00f3timas lembran\u00e7as de suas corridas memor\u00e1veis e de suas vit\u00f3rias carregando a bandeira do Brasil e \u00e9 assim que temos que lembrar dele: n\u00e3o com devo\u00e7\u00e3o religiosa, mas com saudade e orgulho.<\/p>\n<p>Ele n\u00e3o levantou da Willians andando, n\u00e3o foi presidente da FIA nem virou comentarista da F1 pois n\u00e3o d\u00e1 pra lutar contra o destino, mas cumpriu muito bem a corrida de sua vida e cruzou a linha de chegada com sua miss\u00e3o cumprida.<\/p>\n<p>A corrida do Senna acabou, mas a do Brasil continua. O Brasil do Ayrton, do Pedro, do Aloisio.. sem exerc\u00edcios de futurologia, mas com esperan\u00e7as que ele seja bom. E quem sabe no futuro a gente n\u00e3o precise jogar em esportistas toda a responsabilidade das vit\u00f3rias e orgulhos de uma na\u00e7\u00e3o.<\/p>\n<p>Valeu Ayrton. Mas agora \u00e9 com a gente. Orun Ay\u00e9!<\/p><\/div>\n","protected":false},"excerpt":{"rendered":"<p>Na coluna &#8220;Orun Ay\u00e9&#8221; de hoje, o compositor Aloisio Villar faz um exerc\u00edcio analisando este mito em que se transformou o piloto Ayrton Senna eTour Details<\/p>\n","protected":false},"author":2,"featured_media":0,"comment_status":"open","ping_status":"open","sticky":false,"template":"","format":"standard","meta":{"footnotes":""},"categories":[8],"tags":[34,77,50,27],"class_list":["post-11062","post","type-post","status-publish","format-standard","hentry","category-orun-aye","tag-automobilismo","tag-ayrton-senna","tag-formula-1","tag-sociedade"],"_links":{"self":[{"href":"http:\/\/www.pedromigao.com.br\/ourodetolo\/wp-json\/wp\/v2\/posts\/11062","targetHints":{"allow":["GET"]}}],"collection":[{"href":"http:\/\/www.pedromigao.com.br\/ourodetolo\/wp-json\/wp\/v2\/posts"}],"about":[{"href":"http:\/\/www.pedromigao.com.br\/ourodetolo\/wp-json\/wp\/v2\/types\/post"}],"author":[{"embeddable":true,"href":"http:\/\/www.pedromigao.com.br\/ourodetolo\/wp-json\/wp\/v2\/users\/2"}],"replies":[{"embeddable":true,"href":"http:\/\/www.pedromigao.com.br\/ourodetolo\/wp-json\/wp\/v2\/comments?post=11062"}],"version-history":[{"count":0,"href":"http:\/\/www.pedromigao.com.br\/ourodetolo\/wp-json\/wp\/v2\/posts\/11062\/revisions"}],"wp:attachment":[{"href":"http:\/\/www.pedromigao.com.br\/ourodetolo\/wp-json\/wp\/v2\/media?parent=11062"}],"wp:term":[{"taxonomy":"category","embeddable":true,"href":"http:\/\/www.pedromigao.com.br\/ourodetolo\/wp-json\/wp\/v2\/categories?post=11062"},{"taxonomy":"post_tag","embeddable":true,"href":"http:\/\/www.pedromigao.com.br\/ourodetolo\/wp-json\/wp\/v2\/tags?post=11062"}],"curies":[{"name":"wp","href":"https:\/\/api.w.org\/{rel}","templated":true}]}}